{"id":70065,"date":"2016-05-24T09:24:51","date_gmt":"2016-05-24T13:24:51","guid":{"rendered":"http:\/\/www.eltrabajo.cl\/portal\/?p=70065"},"modified":"2016-05-24T09:24:51","modified_gmt":"2016-05-24T13:24:51","slug":"instalaran-sucursal-del-banco-estado-en-la-comuna-de-santa-maria","status":"publish","type":"post","link":"https:\/\/eltrabajo.cl\/portal\/instalaran-sucursal-del-banco-estado-en-la-comuna-de-santa-maria\/","title":{"rendered":"Instalar\u00e1n sucursal del Banco Estado en la comuna de Santa Mar\u00eda"},"content":{"rendered":"<p>Muy contento se mostr\u00f3 el edil de la comuna de Santa Mar\u00eda, cuando al interior de notar\u00eda Polloni, en San Felipe, se firm\u00f3 el convenio y el protocolo para la instalaci\u00f3n de Banco Estado en la comuna de Santa Mar\u00eda con su contraparte y representante, Loreto Alarc\u00f3n Riffo, subgerente regional. Seg\u00fan la autoridad, la instalaci\u00f3n de un banco en la comuna tendr\u00e1 un antes y un despu\u00e9s \u201cNosotros desde hace a\u00f1os que intentamos traer una sucursal con contactos en Santiago y no se pudo. Y cuando ahora supe que se abr\u00eda la posibilidad de nuevas sucursales a lo largo de todo Chile, de inmediato empec\u00e9 las gestiones con mi equipo municipal y llegamos a buen puerto. Pero esto ha sido muchas conversaciones con Loreto Alarc\u00f3n, para llegar en este d\u00eda a un hito tan importante, porque era una necesidad muy sentida por los santamarianos de tener un banco en la comuna. La instalaci\u00f3n una sucursal de Banco Estado en la comuna es un tremendo avance y se traduce en un antes y un despu\u00e9s claramente\u201d.<br \/>\nLa sucursal, contar\u00eda con todos los servicios de una sucursal normal, seg\u00fan explic\u00f3 Loreto Alarc\u00f3n, \u201cEste es un hito muy grande para el banco, nosotros queremos estar donde la gente nos necesita y sentimos que en Santa Mar\u00eda la gente necesitaba un banco. La sucursal que va a tener es una sucursal que va a entregar todos los productos y servicios que la comuna requiera. Nosotros, en conjunto con el Alcalde, llegamos a la determinaci\u00f3n y a un consenso de que la comuna necesitaba un banco y por la tanto, dado la excelente cooperaci\u00f3n del alcalde y el concejo municipal, pudimos llegar a muy buenos resultados\u201d.<br \/>\nCabe destacar la opini\u00f3n del alcalde que prev\u00e9 un mejor dinamismo en la econom\u00eda local con la instalaci\u00f3n de un banco, ya que seg\u00fan la m\u00e1xima autoridad de la comuna, mucha gente ya no tendr\u00e1 que obligatoriamente salir para efectuar sus tr\u00e1mites bancarios.<br \/>\n<strong>Roberto Mercado Aced<\/strong><\/p>\n<figure id=\"attachment_70066\" aria-describedby=\"caption-attachment-70066\" style=\"width: 530px\" class=\"wp-caption alignleft\"><a href=\"http:\/\/www.eltrabajo.cl\/portal\/instalaran-sucursal-del-banco-estado-en-la-comuna-de-santa-maria\/banco-estado-santa-maria\/\" rel=\"attachment wp-att-70066\"><img data-recalc-dims=\"1\" loading=\"lazy\" decoding=\"async\" class=\"size-full wp-image-70066\" src=\"https:\/\/i0.wp.com\/www.eltrabajo.cl\/portal\/wp-content\/uploads\/2016\/05\/Banco-estado-Santa-Mar%C3%ADa.jpg?resize=530%2C349\" alt=\"El Alcalde Claudio Zurita junto a la Subgerente Regional de Banco Estado, Loreto Alarc\u00f3n Riffo, firmaron el convenio y protocolo para la instalaci\u00f3n de ese banco en Santa Mar\u00eda.\" width=\"530\" height=\"349\" srcset=\"https:\/\/i0.wp.com\/eltrabajo.cl\/portal\/wp-content\/uploads\/2016\/05\/Banco-estado-Santa-Mar%C3%ADa.jpg?w=530&amp;ssl=1 530w, https:\/\/i0.wp.com\/eltrabajo.cl\/portal\/wp-content\/uploads\/2016\/05\/Banco-estado-Santa-Mar%C3%ADa.jpg?resize=200%2C132&amp;ssl=1 200w, https:\/\/i0.wp.com\/eltrabajo.cl\/portal\/wp-content\/uploads\/2016\/05\/Banco-estado-Santa-Mar%C3%ADa.jpg?resize=300%2C198&amp;ssl=1 300w, https:\/\/i0.wp.com\/eltrabajo.cl\/portal\/wp-content\/uploads\/2016\/05\/Banco-estado-Santa-Mar%C3%ADa.jpg?resize=228%2C150&amp;ssl=1 228w, https:\/\/i0.wp.com\/eltrabajo.cl\/portal\/wp-content\/uploads\/2016\/05\/Banco-estado-Santa-Mar%C3%ADa.jpg?resize=400%2C263&amp;ssl=1 400w\" sizes=\"auto, (max-width: 530px) 100vw, 530px\" \/><\/a><figcaption id=\"caption-attachment-70066\" class=\"wp-caption-text\">El Alcalde Claudio Zurita junto a la Subgerente Regional de Banco Estado, Loreto Alarc\u00f3n Riffo, firmaron el convenio y protocolo para la instalaci\u00f3n de ese banco en Santa Mar\u00eda.<\/figcaption><\/figure>\n","protected":false},"excerpt":{"rendered":"<p>Muy contento se mostr\u00f3 el edil de la comuna de Santa Mar\u00eda, cuando al interior de notar\u00eda Polloni, en San Felipe, se firm\u00f3 el convenio y el protocolo para la instalaci\u00f3n de&#8230;<\/p>\n","protected":false},"author":1,"featured_media":70066,"comment_status":"open","ping_status":"open","sticky":false,"template":"","format":"standard","meta":{"advanced_seo_description":"","jetpack_seo_html_title":"","jetpack_seo_noindex":false,"_jetpack_memberships_contains_paid_content":false,"footnotes":""},"categories":[1],"tags":[],"class_list":["post-70065","post","type-post","status-publish","format-standard","has-post-thumbnail","hentry","category-cronica"],"jetpack_featured_media_url":"https:\/\/i0.wp.com\/eltrabajo.cl\/portal\/wp-content\/uploads\/2016\/05\/Banco-estado-Santa-Mar%C3%ADa.jpg?fit=530%2C349&ssl=1","jetpack_sharing_enabled":true,"jetpack_likes_enabled":true,"jetpack-related-posts":[],"_links":{"self":[{"href":"https:\/\/eltrabajo.cl\/portal\/wp-json\/wp\/v2\/posts\/70065","targetHints":{"allow":["GET"]}}],"collection":[{"href":"https:\/\/eltrabajo.cl\/portal\/wp-json\/wp\/v2\/posts"}],"about":[{"href":"https:\/\/eltrabajo.cl\/portal\/wp-json\/wp\/v2\/types\/post"}],"author":[{"embeddable":true,"href":"https:\/\/eltrabajo.cl\/portal\/wp-json\/wp\/v2\/users\/1"}],"replies":[{"embeddable":true,"href":"https:\/\/eltrabajo.cl\/portal\/wp-json\/wp\/v2\/comments?post=70065"}],"version-history":[{"count":0,"href":"https:\/\/eltrabajo.cl\/portal\/wp-json\/wp\/v2\/posts\/70065\/revisions"}],"wp:featuredmedia":[{"embeddable":true,"href":"https:\/\/eltrabajo.cl\/portal\/wp-json\/wp\/v2\/media\/70066"}],"wp:attachment":[{"href":"https:\/\/eltrabajo.cl\/portal\/wp-json\/wp\/v2\/media?parent=70065"}],"wp:term":[{"taxonomy":"category","embeddable":true,"href":"https:\/\/eltrabajo.cl\/portal\/wp-json\/wp\/v2\/categories?post=70065"},{"taxonomy":"post_tag","embeddable":true,"href":"https:\/\/eltrabajo.cl\/portal\/wp-json\/wp\/v2\/tags?post=70065"}],"curies":[{"name":"wp","href":"https:\/\/api.w.org\/{rel}","templated":true}]}}