{"id":70069,"date":"2016-05-24T09:28:31","date_gmt":"2016-05-24T13:28:31","guid":{"rendered":"http:\/\/www.eltrabajo.cl\/portal\/?p=70069"},"modified":"2016-05-24T09:28:31","modified_gmt":"2016-05-24T13:28:31","slug":"peques-de-tierras-blancas-conocieron-muestra-bodies-en-vina-del-mar","status":"publish","type":"post","link":"https:\/\/eltrabajo.cl\/portal\/peques-de-tierras-blancas-conocieron-muestra-bodies-en-vina-del-mar\/","title":{"rendered":"Peques de Tierras Blancas conocieron muestra \u2018Bodies\u2019 en Vi\u00f1a del Mar"},"content":{"rendered":"<p>Una singular traves\u00eda educativa, fue la que vivieron 19 estudiantes de la Escuela Mateo Cokjlat de Tierras Blancas en Vi\u00f1a del Mar, luego que el Centro de Padres de su escuela les premiara por los buenos resultados Simce obtenidos cuando ellos estaban en segundo y cuarto b\u00e1sico en 2015.<\/p>\n<p><strong>GRAN MONTAJE<\/strong><br \/>\nEl premio les signific\u00f3 a estos chicos, la aventura de poder conocer profundamente el cuerpo humano por medio de la exposici\u00f3n internacional \u2018Bodies\u2019, montaje que ha viajado por diversos lugares del mundo y que como exhibici\u00f3n cient\u00edficoeducativa presenta cuerpos y \u00f3rganos reales para poder comprender el funcionamiento del cuerpo humano. Son diez cuerpos, torsos enteros y m\u00e1s de 150 \u00f3rganos reales en exhibici\u00f3n, los que fueron donados para hacer ciencia, y que fue elaborado por docentes de la Universidad Santo Tom\u00e1s.<br \/>\nDe todo el montaje, son cuatro los cuerpos humanos completos y alrededor de 150 \u00f3rganos reales preservados a trav\u00e9s de un sofisticado sistema de plastinaci\u00f3n, los que forman parte de esta muestra cient\u00edficoeducativa.<br \/>\n\u2018Bodies\u2019, es una exposici\u00f3n \u00fanica que durante una d\u00e9cada ha estado presente en las grandes capitales del mundo, y que permite apreciar con fines educativos cuerpos humanos enteros, esqueletos, cortes transversales y distintos \u00f3rganos individuales, con la finalidad de dar conocer la anatom\u00eda y la fisiolog\u00eda humana en una experiencia conmovedora e \u00edntima.<\/p>\n<p><strong>LA T\u00c9CNICA<\/strong><br \/>\nEstos cuerpos y \u00f3rganos han sido preservados, gracias a la t\u00e9cnica de la plastinaci\u00f3n, creada por el m\u00e9dico anatomista alem\u00e1n Gunther von Hagens en 1977, y que consiste b\u00e1sicamente en reemplazar el agua y la grasa de las c\u00e9lulas por acetona y una serie de pl\u00e1sticos reactivos, evitando as\u00ed la descomposici\u00f3n de los tejidos y permitiendo la preservaci\u00f3n de las c\u00e9lulas por d\u00e9cadas. As\u00ed, gracias al estado de conservaci\u00f3n en el que se encuentran, es posible conocer de qu\u00e9 forma los m\u00fasculos se relacionan con los huesos para permitir el movimiento, la importancia de la piel como aislante y como \u00f3rgano de los sentidos, la relevancia de los huesos como sost\u00e9n, y la observaci\u00f3n en detalle del funcionamiento de los sistemas circulatorio, digestivo y urinario.<\/p>\n<p><strong>SEIS SALAS<\/strong><br \/>\nLos estudiantes sanfelipe\u00f1os recorrieron asombrados las seis salas que conforman esta exhibici\u00f3n humana, de acuerdo a los sistemas del cuerpo humano: muscular, circulatorio, nervioso, respiratorio, digestivo, urinario y reproductivo.<br \/>\n<strong>Roberto Gonz\u00e1lez Short<\/strong><br \/>\n<strong>rgonzalez@eltrabajo.cl<\/strong><\/p>\n<figure id=\"attachment_70070\" aria-describedby=\"caption-attachment-70070\" style=\"width: 529px\" class=\"wp-caption alignleft\"><a href=\"http:\/\/www.eltrabajo.cl\/portal\/peques-de-tierras-blancas-conocieron-muestra-bodies-en-vina-del-mar\/body3\/\" rel=\"attachment wp-att-70070\"><img data-recalc-dims=\"1\" loading=\"lazy\" decoding=\"async\" class=\"size-full wp-image-70070\" src=\"https:\/\/i0.wp.com\/www.eltrabajo.cl\/portal\/wp-content\/uploads\/2016\/05\/Body3.jpg?resize=529%2C883\" alt=\"IMPRESIONANTE.- Este cuerpo nos muestra c\u00f3mo los m\u00fasculos interact\u00faan con nuestro esqueleto cuando hacemos actividad f\u00edsica.\" width=\"529\" height=\"883\" srcset=\"https:\/\/i0.wp.com\/eltrabajo.cl\/portal\/wp-content\/uploads\/2016\/05\/Body3.jpg?w=529&amp;ssl=1 529w, https:\/\/i0.wp.com\/eltrabajo.cl\/portal\/wp-content\/uploads\/2016\/05\/Body3.jpg?resize=90%2C150&amp;ssl=1 90w, https:\/\/i0.wp.com\/eltrabajo.cl\/portal\/wp-content\/uploads\/2016\/05\/Body3.jpg?resize=180%2C300&amp;ssl=1 180w, https:\/\/i0.wp.com\/eltrabajo.cl\/portal\/wp-content\/uploads\/2016\/05\/Body3.jpg?resize=400%2C668&amp;ssl=1 400w\" sizes=\"auto, (max-width: 529px) 100vw, 529px\" \/><\/a><figcaption id=\"caption-attachment-70070\" class=\"wp-caption-text\">IMPRESIONANTE.- Este cuerpo nos muestra c\u00f3mo los m\u00fasculos interact\u00faan con nuestro esqueleto cuando hacemos actividad f\u00edsica.<\/figcaption><\/figure>\n<figure id=\"attachment_70071\" aria-describedby=\"caption-attachment-70071\" style=\"width: 529px\" class=\"wp-caption alignleft\"><a href=\"http:\/\/www.eltrabajo.cl\/portal\/peques-de-tierras-blancas-conocieron-muestra-bodies-en-vina-del-mar\/mauricio-toro\/\" rel=\"attachment wp-att-70071\"><img data-recalc-dims=\"1\" loading=\"lazy\" decoding=\"async\" class=\"size-full wp-image-70071\" src=\"https:\/\/i0.wp.com\/www.eltrabajo.cl\/portal\/wp-content\/uploads\/2016\/05\/Mauricio-Toro.jpg?resize=529%2C686\" alt=\"FOTO INOLVIDABLE.- Mauricio Toro, de Tierras Blancas, pos\u00f3 para las c\u00e1maras de Diario El Trabajo al lado de este impresionante cuerpo humano.\" width=\"529\" height=\"686\" srcset=\"https:\/\/i0.wp.com\/eltrabajo.cl\/portal\/wp-content\/uploads\/2016\/05\/Mauricio-Toro.jpg?w=529&amp;ssl=1 529w, https:\/\/i0.wp.com\/eltrabajo.cl\/portal\/wp-content\/uploads\/2016\/05\/Mauricio-Toro.jpg?resize=116%2C150&amp;ssl=1 116w, https:\/\/i0.wp.com\/eltrabajo.cl\/portal\/wp-content\/uploads\/2016\/05\/Mauricio-Toro.jpg?resize=231%2C300&amp;ssl=1 231w, https:\/\/i0.wp.com\/eltrabajo.cl\/portal\/wp-content\/uploads\/2016\/05\/Mauricio-Toro.jpg?resize=400%2C519&amp;ssl=1 400w\" sizes=\"auto, (max-width: 529px) 100vw, 529px\" \/><\/a><figcaption id=\"caption-attachment-70071\" class=\"wp-caption-text\">FOTO INOLVIDABLE.- Mauricio Toro, de Tierras Blancas, pos\u00f3 para las c\u00e1maras de Diario El Trabajo al lado de este impresionante cuerpo humano.<\/figcaption><\/figure>\n<figure id=\"attachment_70072\" aria-describedby=\"caption-attachment-70072\" style=\"width: 530px\" class=\"wp-caption alignleft\"><a href=\"http:\/\/www.eltrabajo.cl\/portal\/peques-de-tierras-blancas-conocieron-muestra-bodies-en-vina-del-mar\/porta-body1\/\" rel=\"attachment wp-att-70072\"><img data-recalc-dims=\"1\" loading=\"lazy\" decoding=\"async\" class=\"size-full wp-image-70072\" src=\"https:\/\/i0.wp.com\/www.eltrabajo.cl\/portal\/wp-content\/uploads\/2016\/05\/porta-Body1.jpg?resize=530%2C350\" alt=\"GRAN APRENDIZAJE.- Ellos son Tom\u00e1s, Mauricio, Hellen y Escarlet, alumnos que ahora est\u00e1n en quinto b\u00e1sico en la escuela de Tierras Blancas.\" width=\"530\" height=\"350\" srcset=\"https:\/\/i0.wp.com\/eltrabajo.cl\/portal\/wp-content\/uploads\/2016\/05\/porta-Body1.jpg?w=530&amp;ssl=1 530w, https:\/\/i0.wp.com\/eltrabajo.cl\/portal\/wp-content\/uploads\/2016\/05\/porta-Body1.jpg?resize=200%2C132&amp;ssl=1 200w, https:\/\/i0.wp.com\/eltrabajo.cl\/portal\/wp-content\/uploads\/2016\/05\/porta-Body1.jpg?resize=300%2C198&amp;ssl=1 300w, https:\/\/i0.wp.com\/eltrabajo.cl\/portal\/wp-content\/uploads\/2016\/05\/porta-Body1.jpg?resize=227%2C150&amp;ssl=1 227w, https:\/\/i0.wp.com\/eltrabajo.cl\/portal\/wp-content\/uploads\/2016\/05\/porta-Body1.jpg?resize=400%2C264&amp;ssl=1 400w\" sizes=\"auto, (max-width: 530px) 100vw, 530px\" \/><\/a><figcaption id=\"caption-attachment-70072\" class=\"wp-caption-text\">GRAN APRENDIZAJE.- Ellos son Tom\u00e1s, Mauricio, Hellen y Escarlet, alumnos que ahora est\u00e1n en quinto b\u00e1sico en la escuela de Tierras Blancas.<\/figcaption><\/figure>\n","protected":false},"excerpt":{"rendered":"<p>Una singular traves\u00eda educativa, fue la que vivieron 19 estudiantes de la Escuela Mateo Cokjlat de Tierras Blancas en Vi\u00f1a del Mar, luego que el Centro de Padres de su escuela les&#8230;<\/p>\n","protected":false},"author":1,"featured_media":70072,"comment_status":"open","ping_status":"open","sticky":false,"template":"","format":"standard","meta":{"advanced_seo_description":"","jetpack_seo_html_title":"","jetpack_seo_noindex":false,"_jetpack_memberships_contains_paid_content":false,"footnotes":""},"categories":[15],"tags":[],"class_list":["post-70069","post","type-post","status-publish","format-standard","has-post-thumbnail","hentry","category-comunidad"],"jetpack_featured_media_url":"https:\/\/i0.wp.com\/eltrabajo.cl\/portal\/wp-content\/uploads\/2016\/05\/porta-Body1.jpg?fit=530%2C350&ssl=1","jetpack_sharing_enabled":true,"jetpack_likes_enabled":true,"jetpack-related-posts":[],"_links":{"self":[{"href":"https:\/\/eltrabajo.cl\/portal\/wp-json\/wp\/v2\/posts\/70069","targetHints":{"allow":["GET"]}}],"collection":[{"href":"https:\/\/eltrabajo.cl\/portal\/wp-json\/wp\/v2\/posts"}],"about":[{"href":"https:\/\/eltrabajo.cl\/portal\/wp-json\/wp\/v2\/types\/post"}],"author":[{"embeddable":true,"href":"https:\/\/eltrabajo.cl\/portal\/wp-json\/wp\/v2\/users\/1"}],"replies":[{"embeddable":true,"href":"https:\/\/eltrabajo.cl\/portal\/wp-json\/wp\/v2\/comments?post=70069"}],"version-history":[{"count":0,"href":"https:\/\/eltrabajo.cl\/portal\/wp-json\/wp\/v2\/posts\/70069\/revisions"}],"wp:featuredmedia":[{"embeddable":true,"href":"https:\/\/eltrabajo.cl\/portal\/wp-json\/wp\/v2\/media\/70072"}],"wp:attachment":[{"href":"https:\/\/eltrabajo.cl\/portal\/wp-json\/wp\/v2\/media?parent=70069"}],"wp:term":[{"taxonomy":"category","embeddable":true,"href":"https:\/\/eltrabajo.cl\/portal\/wp-json\/wp\/v2\/categories?post=70069"},{"taxonomy":"post_tag","embeddable":true,"href":"https:\/\/eltrabajo.cl\/portal\/wp-json\/wp\/v2\/tags?post=70069"}],"curies":[{"name":"wp","href":"https:\/\/api.w.org\/{rel}","templated":true}]}}