{"id":70075,"date":"2016-05-24T09:34:05","date_gmt":"2016-05-24T13:34:05","guid":{"rendered":"http:\/\/www.eltrabajo.cl\/portal\/?p=70075"},"modified":"2016-05-24T09:34:05","modified_gmt":"2016-05-24T13:34:05","slug":"gendarme-del-ccp-san-felipe-se-suma-a-huelga-de-hambre-liquida","status":"publish","type":"post","link":"https:\/\/eltrabajo.cl\/portal\/gendarme-del-ccp-san-felipe-se-suma-a-huelga-de-hambre-liquida\/","title":{"rendered":"Gendarme del CCP San Felipe se suma a Huelga de Hambre L\u00edquida"},"content":{"rendered":"<ul>\n<li><strong>Dirigente ANSOG dej\u00f3 de consumir alimentos a las 11.30 horas de ayer lunes:\u00a0Movimiento gremial de los funcionarios penales exige una respuesta inmediata por parte de la Ministra de Justicia M\u00f3nica Blanco, respecto del petitorio elaborado en base al estancamiento profesional en la Instituci\u00f3n. Huelguistas suman m\u00e1s de 20 a nivel nacional.<\/strong><\/li>\n<\/ul>\n<p>Tal como se advirtiera en la edici\u00f3n de ayer de El Trabajo, el sargento segundo Luis Medina, presidente de la Asociaci\u00f3n Nacional de suboficiales y Gendarmes de Chile, ANSOG, Provincia de San Felipe, se sum\u00f3 a las 11:30 horas de este lunes, a la huelga de hambre l\u00edquida indefinida, que iniciaron el viernes pasado cuatro funcionarios de la ex penitenciar\u00eda de Santiago y que hasta el cierre de esta edici\u00f3n sumaba m\u00e1s de 20 gendarmes de las distintas c\u00e1rceles del pa\u00eds.<br \/>\nTal como lo explicara Medina, el movimiento gremial obedece al actual estancamiento que existe en la carrera profesional de Gendarmer\u00eda, en donde sus funcionarios hoy no tienen la posibilidad de optar a corto plazo a un mejor grado dentro de la instituci\u00f3n.<br \/>\n\u201cEn este momento nos adherimos al paro nacional convocado por nuestra directiva en virtud a los temas expuestos anteriormente, debido a que el gobierno y en especial la Ministro de Justicia M\u00f3nica Blanco, han hecho caso omiso de las peticiones que ha realizado el personal\u2026 Seg\u00fan los c\u00e1lculos que han hecho nuestros asesores, hay funcionaros que van a estar 17 a\u00f1os sin un grado, lo que complica el estado laboral que ellos sostienen\u201d, argument\u00f3 Medina.<br \/>\nSeg\u00fan el dirigente, la lucha que est\u00e1n comenzando con este tipo de movilizaciones se enfoca en conseguir una carrera funcionaria digna y coherente y describi\u00f3 que \u201cen comparaci\u00f3n con el resto de ramas uniformadas, nuestra instituci\u00f3n es la que presenta mayor cantidad de grados, por lo tanto se ampl\u00eda mucho nuestra carrera y hay funcionarios que no van a alcanzar nunca a ser suboficial mayor, no van a tener el tiempo suficiente para alcanzar la c\u00faspide profesional\u201d, a\u00f1adi\u00f3.<br \/>\nDe acuerdo a lo manifestado por Medina, lo ideal ser\u00eda que los funcionarios estuviesen tres o cuatro a\u00f1os por grado, sin embargo, actualmente el ascenso podr\u00eda tardar m\u00ednimo 15 a\u00f1os, por lo que la determinaci\u00f3n de las distintas entidades gremialistas de la instituci\u00f3n es velar porque esto se modifique cuanto antes y que el Gobierno establezca una mesa de di\u00e1logo, de lo contrario el movimiento podr\u00eda radicalizarse.<br \/>\nRespecto del escenario que se presenta en el Centro de Cumplimiento Penitenciario, CCP, San Felipe, el gendarme asegur\u00f3 que \u201ccontamos con todo el apoyo de nuestros colegas, nos han demostrado su respaldo a trav\u00e9s de los mismos mensajes por la redes sociales, porque reconocen que esta lucha no es particular, es por todos los funcionarios, a todos nos afecta\u201d, recalc\u00f3.<\/p>\n<figure id=\"attachment_70077\" aria-describedby=\"caption-attachment-70077\" style=\"width: 530px\" class=\"wp-caption alignleft\"><a href=\"http:\/\/www.eltrabajo.cl\/portal\/gendarme-del-ccp-san-felipe-se-suma-a-huelga-de-hambre-liquida\/sargento-segundo-luis-medina-gendarme-del-ccp-san-felipe\/\" rel=\"attachment wp-att-70077\"><img data-recalc-dims=\"1\" loading=\"lazy\" decoding=\"async\" class=\"size-full wp-image-70077\" src=\"https:\/\/i0.wp.com\/www.eltrabajo.cl\/portal\/wp-content\/uploads\/2016\/05\/Sargento-Segundo-Luis-Medina-gendarme-del-CCP-San-Felipe.jpg?resize=530%2C642\" alt=\"Sargento Segundo Luis Medina, Gendarme del CCP San Felipe, se uni\u00f3 a Huelga de Hambre L\u00edquida que ya suma m\u00e1s de 20 funcionarios de la Instituci\u00f3n a nivel nacional.\" width=\"530\" height=\"642\" srcset=\"https:\/\/i0.wp.com\/eltrabajo.cl\/portal\/wp-content\/uploads\/2016\/05\/Sargento-Segundo-Luis-Medina-gendarme-del-CCP-San-Felipe.jpg?w=530&amp;ssl=1 530w, https:\/\/i0.wp.com\/eltrabajo.cl\/portal\/wp-content\/uploads\/2016\/05\/Sargento-Segundo-Luis-Medina-gendarme-del-CCP-San-Felipe.jpg?resize=124%2C150&amp;ssl=1 124w, https:\/\/i0.wp.com\/eltrabajo.cl\/portal\/wp-content\/uploads\/2016\/05\/Sargento-Segundo-Luis-Medina-gendarme-del-CCP-San-Felipe.jpg?resize=248%2C300&amp;ssl=1 248w, https:\/\/i0.wp.com\/eltrabajo.cl\/portal\/wp-content\/uploads\/2016\/05\/Sargento-Segundo-Luis-Medina-gendarme-del-CCP-San-Felipe.jpg?resize=400%2C485&amp;ssl=1 400w\" sizes=\"auto, (max-width: 530px) 100vw, 530px\" \/><\/a><figcaption id=\"caption-attachment-70077\" class=\"wp-caption-text\">Sargento Segundo Luis Medina, Gendarme del CCP San Felipe, se uni\u00f3 a Huelga de Hambre L\u00edquida que ya suma m\u00e1s de 20 funcionarios de la Instituci\u00f3n a nivel nacional.<\/figcaption><\/figure>\n<figure id=\"attachment_70076\" aria-describedby=\"caption-attachment-70076\" style=\"width: 529px\" class=\"wp-caption alignleft\"><a href=\"http:\/\/www.eltrabajo.cl\/portal\/gendarme-del-ccp-san-felipe-se-suma-a-huelga-de-hambre-liquida\/gendarmeria-exige-modificar-carrera-profesional\/\" rel=\"attachment wp-att-70076\"><img data-recalc-dims=\"1\" loading=\"lazy\" decoding=\"async\" class=\"size-full wp-image-70076\" src=\"https:\/\/i0.wp.com\/www.eltrabajo.cl\/portal\/wp-content\/uploads\/2016\/05\/Gendarmeria-exige-modificar-carrera-profesional.jpg?resize=529%2C942\" alt=\"Gendarmer\u00eda exige modificar carrera profesional de la Instituci\u00f3n y brindar mayores y mejores oportunidades de ascenso a sus funcionarios\" width=\"529\" height=\"942\" srcset=\"https:\/\/i0.wp.com\/eltrabajo.cl\/portal\/wp-content\/uploads\/2016\/05\/Gendarmeria-exige-modificar-carrera-profesional.jpg?w=529&amp;ssl=1 529w, https:\/\/i0.wp.com\/eltrabajo.cl\/portal\/wp-content\/uploads\/2016\/05\/Gendarmeria-exige-modificar-carrera-profesional.jpg?resize=84%2C150&amp;ssl=1 84w, https:\/\/i0.wp.com\/eltrabajo.cl\/portal\/wp-content\/uploads\/2016\/05\/Gendarmeria-exige-modificar-carrera-profesional.jpg?resize=168%2C300&amp;ssl=1 168w, https:\/\/i0.wp.com\/eltrabajo.cl\/portal\/wp-content\/uploads\/2016\/05\/Gendarmeria-exige-modificar-carrera-profesional.jpg?resize=400%2C712&amp;ssl=1 400w\" sizes=\"auto, (max-width: 529px) 100vw, 529px\" \/><\/a><figcaption id=\"caption-attachment-70076\" class=\"wp-caption-text\">Gendarmer\u00eda exige modificar carrera profesional de la Instituci\u00f3n y brindar mayores y mejores oportunidades de ascenso a sus funcionarios<\/figcaption><\/figure>\n","protected":false},"excerpt":{"rendered":"<p>Dirigente ANSOG dej\u00f3 de consumir alimentos a las 11.30 horas de ayer lunes:\u00a0Movimiento gremial de los funcionarios penales exige una respuesta inmediata por parte de la Ministra de Justicia M\u00f3nica Blanco, respecto&#8230;<\/p>\n","protected":false},"author":1,"featured_media":70078,"comment_status":"open","ping_status":"open","sticky":false,"template":"","format":"standard","meta":{"advanced_seo_description":"","jetpack_seo_html_title":"","jetpack_seo_noindex":false,"_jetpack_memberships_contains_paid_content":false,"footnotes":""},"categories":[1],"tags":[],"class_list":["post-70075","post","type-post","status-publish","format-standard","has-post-thumbnail","hentry","category-cronica"],"jetpack_featured_media_url":"https:\/\/i0.wp.com\/eltrabajo.cl\/portal\/wp-content\/uploads\/2016\/05\/Sargento-Segundo-Luis-Medina-gendarme-del-CCP-San-Felipe-1.jpg?fit=530%2C350&ssl=1","jetpack_sharing_enabled":true,"jetpack_likes_enabled":true,"jetpack-related-posts":[],"_links":{"self":[{"href":"https:\/\/eltrabajo.cl\/portal\/wp-json\/wp\/v2\/posts\/70075","targetHints":{"allow":["GET"]}}],"collection":[{"href":"https:\/\/eltrabajo.cl\/portal\/wp-json\/wp\/v2\/posts"}],"about":[{"href":"https:\/\/eltrabajo.cl\/portal\/wp-json\/wp\/v2\/types\/post"}],"author":[{"embeddable":true,"href":"https:\/\/eltrabajo.cl\/portal\/wp-json\/wp\/v2\/users\/1"}],"replies":[{"embeddable":true,"href":"https:\/\/eltrabajo.cl\/portal\/wp-json\/wp\/v2\/comments?post=70075"}],"version-history":[{"count":0,"href":"https:\/\/eltrabajo.cl\/portal\/wp-json\/wp\/v2\/posts\/70075\/revisions"}],"wp:featuredmedia":[{"embeddable":true,"href":"https:\/\/eltrabajo.cl\/portal\/wp-json\/wp\/v2\/media\/70078"}],"wp:attachment":[{"href":"https:\/\/eltrabajo.cl\/portal\/wp-json\/wp\/v2\/media?parent=70075"}],"wp:term":[{"taxonomy":"category","embeddable":true,"href":"https:\/\/eltrabajo.cl\/portal\/wp-json\/wp\/v2\/categories?post=70075"},{"taxonomy":"post_tag","embeddable":true,"href":"https:\/\/eltrabajo.cl\/portal\/wp-json\/wp\/v2\/tags?post=70075"}],"curies":[{"name":"wp","href":"https:\/\/api.w.org\/{rel}","templated":true}]}}