{"id":70081,"date":"2016-05-24T09:38:49","date_gmt":"2016-05-24T13:38:49","guid":{"rendered":"http:\/\/www.eltrabajo.cl\/portal\/?p=70081"},"modified":"2016-05-24T09:38:50","modified_gmt":"2016-05-24T13:38:50","slug":"delincuentes-que-saquearon-casa-en-el-esplendor-quedaron-tras-las-rejas","status":"publish","type":"post","link":"https:\/\/eltrabajo.cl\/portal\/delincuentes-que-saquearon-casa-en-el-esplendor-quedaron-tras-las-rejas\/","title":{"rendered":"Delincuentes que\u00a0saquearon casa en \u2018El Esplendor\u2019 quedaron tras las rejas"},"content":{"rendered":"<ul>\n<li><strong>Banda delictiva rob\u00f3 televisores y joyas de plata:\u00a0El grupo de antisociales compuesto por tres adultos y un menor de 16, habr\u00edan irrumpido en un domicilio para cometer el robo de especies y huir en un veh\u00edculo. Tras la oportuna llegada de Carabineros fueron capturados y luego procesados por la justicia, quedando privados de libertad.<\/strong><\/li>\n<\/ul>\n<p>Una banda delictual, compuesta por cuatro sujetos, entre ellos un menor de edad, fue detenida por Carabineros luego de ser sorprendidos en flagrancia robando joyas de plata y dos televisores led, huyendo a bordo de un veh\u00edculo que fue perseguido por un hermano del due\u00f1o de casa, que advirti\u00f3 a la polic\u00eda del robo cometido en la Villa El Esplendor de San Felipe.<br \/>\nSeg\u00fan inform\u00f3 Carabineros, los hechos fueron denunciados a eso de las 21:00 horas del pasado domingo, cuando los antisociales irrumpieron dentro de un inmueble en dicho conjunto habitacional, ubicado en el pasaje Pedro Pina, sustrayendo dos televisores Led de 29 y 42 pulgadas, adem\u00e1s de joyas de plata y una cartera negra.<br \/>\nLas especies fueron apiladas al interior de un autom\u00f3vil marca Nissan, modelo V16, de color gris, estacionado en las afueras de la vivienda.<br \/>\nEn esos precisos instantes, un hermano de la v\u00edctima fue quien divis\u00f3 los movimientos de los sujetos cuando se dispon\u00edan a huir, identificando a uno de los individuos cuando abordaba el m\u00f3vil.<br \/>\nInmediatamente la banda delictiva escap\u00f3 en su autom\u00f3vil, siendo seguidos por el testigo en su veh\u00edculo para no perderles rastro alguno, mientras daba aviso telef\u00f3nicamente a Carabineros de la ocurrencia de estos hechos.<br \/>\nAnte el llamado de auxilio, los efectivos policiales se trasladaron al lugar, interceptando el m\u00f3vil donde circulaban los antisociales, siendo reducidos en avenida Santa Teresa esquina Pasaje Andacollo de esta comuna, bajo los cargos de Robo en Lugar Habitado.<br \/>\nEl grupo de antisociales fue individualizado como Omar Francisco M\u00e9ndez Chanqueo, de 28 a\u00f1os de edad; Carlos Maximiliano Santos Orrego, de 22; Sebasti\u00e1n Paolo Santos Saa de 19 y el adolescente de 16 a\u00f1os de iniciales O.M.B.B., todos domiciliados en la comuna de San Felipe y con antecedentes policiales.<br \/>\nLos imputados fueron sometidos a control de detenci\u00f3n al mediod\u00eda de ayer lunes en el Juzgado de Garant\u00eda de San Felipe, siendo formalizados por este delito por el Ministerio P\u00fablico, quien requiri\u00f3 la m\u00e1xima cautelar de prisi\u00f3n preventiva por representar un serio peligro para la seguridad de la sociedad.<br \/>\nEl juez de garant\u00eda acogi\u00f3 dicha petici\u00f3n ordenando la privaci\u00f3n de libertad para los tres imputados adultos a cargo de Gendarmer\u00eda, mientras que el menor de edad quedar\u00e1 sujeto en el Centro de Reinserci\u00f3n de Menores \u2018Lihu\u00e9n\u2019 del Sename en la comuna de Limache, fij\u00e1ndose un plazo de investigaci\u00f3n de 60 d\u00edas.<br \/>\n<strong>Pablo Salinas Sald\u00edas<\/strong><\/p>\n<figure id=\"attachment_70083\" aria-describedby=\"caption-attachment-70083\" style=\"width: 530px\" class=\"wp-caption alignleft\"><a href=\"http:\/\/www.eltrabajo.cl\/portal\/delincuentes-que-saquearon-casa-en-el-esplendor-quedaron-tras-las-rejas\/detenido-adolescente-4\/\" rel=\"attachment wp-att-70083\"><img data-recalc-dims=\"1\" loading=\"lazy\" decoding=\"async\" class=\"size-full wp-image-70083\" src=\"https:\/\/i0.wp.com\/www.eltrabajo.cl\/portal\/wp-content\/uploads\/2016\/05\/detenido-adolescente-4.jpg?resize=530%2C349\" alt=\"El adolescente de 16 a\u00f1os de edad fue derivado hasta el Centro de Reinserci\u00f3n de Menores en la comuna de Limache.\" width=\"530\" height=\"349\" srcset=\"https:\/\/i0.wp.com\/eltrabajo.cl\/portal\/wp-content\/uploads\/2016\/05\/detenido-adolescente-4.jpg?w=530&amp;ssl=1 530w, https:\/\/i0.wp.com\/eltrabajo.cl\/portal\/wp-content\/uploads\/2016\/05\/detenido-adolescente-4.jpg?resize=200%2C132&amp;ssl=1 200w, https:\/\/i0.wp.com\/eltrabajo.cl\/portal\/wp-content\/uploads\/2016\/05\/detenido-adolescente-4.jpg?resize=300%2C198&amp;ssl=1 300w, https:\/\/i0.wp.com\/eltrabajo.cl\/portal\/wp-content\/uploads\/2016\/05\/detenido-adolescente-4.jpg?resize=228%2C150&amp;ssl=1 228w, https:\/\/i0.wp.com\/eltrabajo.cl\/portal\/wp-content\/uploads\/2016\/05\/detenido-adolescente-4.jpg?resize=400%2C263&amp;ssl=1 400w\" sizes=\"auto, (max-width: 530px) 100vw, 530px\" \/><\/a><figcaption id=\"caption-attachment-70083\" class=\"wp-caption-text\">El adolescente de 16 a\u00f1os de edad fue derivado hasta el Centro de Reinserci\u00f3n de Menores en la comuna de Limache.<\/figcaption><\/figure>\n<figure id=\"attachment_70082\" aria-describedby=\"caption-attachment-70082\" style=\"width: 530px\" class=\"wp-caption alignleft\"><a href=\"http:\/\/www.eltrabajo.cl\/portal\/delincuentes-que-saquearon-casa-en-el-esplendor-quedaron-tras-las-rejas\/detenido-1-y-2-copia-3\/\" rel=\"attachment wp-att-70082\"><img data-recalc-dims=\"1\" loading=\"lazy\" decoding=\"async\" class=\"size-full wp-image-70082\" src=\"https:\/\/i0.wp.com\/www.eltrabajo.cl\/portal\/wp-content\/uploads\/2016\/05\/DETENIDO-1-Y-2-copia.jpg?resize=530%2C350\" alt=\"Dos de los detenidos acusados de cometer un robo en una vivienda en la Villa El Esplendor de San Felipe, quedaron en prisi\u00f3n preventiva por decisi\u00f3n del Tribunal de Garant\u00eda.\" width=\"530\" height=\"350\" srcset=\"https:\/\/i0.wp.com\/eltrabajo.cl\/portal\/wp-content\/uploads\/2016\/05\/DETENIDO-1-Y-2-copia.jpg?w=530&amp;ssl=1 530w, https:\/\/i0.wp.com\/eltrabajo.cl\/portal\/wp-content\/uploads\/2016\/05\/DETENIDO-1-Y-2-copia.jpg?resize=200%2C132&amp;ssl=1 200w, https:\/\/i0.wp.com\/eltrabajo.cl\/portal\/wp-content\/uploads\/2016\/05\/DETENIDO-1-Y-2-copia.jpg?resize=300%2C198&amp;ssl=1 300w, https:\/\/i0.wp.com\/eltrabajo.cl\/portal\/wp-content\/uploads\/2016\/05\/DETENIDO-1-Y-2-copia.jpg?resize=227%2C150&amp;ssl=1 227w, https:\/\/i0.wp.com\/eltrabajo.cl\/portal\/wp-content\/uploads\/2016\/05\/DETENIDO-1-Y-2-copia.jpg?resize=400%2C264&amp;ssl=1 400w\" sizes=\"auto, (max-width: 530px) 100vw, 530px\" \/><\/a><figcaption id=\"caption-attachment-70082\" class=\"wp-caption-text\">Dos de los detenidos acusados de cometer un robo en una vivienda en la Villa El Esplendor de San Felipe, quedaron en prisi\u00f3n preventiva por decisi\u00f3n del Tribunal de Garant\u00eda.<\/figcaption><\/figure>\n","protected":false},"excerpt":{"rendered":"<p>Banda delictiva rob\u00f3 televisores y joyas de plata:\u00a0El grupo de antisociales compuesto por tres adultos y un menor de 16, habr\u00edan irrumpido en un domicilio para cometer el robo de especies y&#8230;<\/p>\n","protected":false},"author":1,"featured_media":70082,"comment_status":"open","ping_status":"open","sticky":false,"template":"","format":"standard","meta":{"advanced_seo_description":"","jetpack_seo_html_title":"","jetpack_seo_noindex":false,"_jetpack_memberships_contains_paid_content":false,"footnotes":""},"categories":[21],"tags":[],"class_list":["post-70081","post","type-post","status-publish","format-standard","has-post-thumbnail","hentry","category-policial"],"jetpack_featured_media_url":"https:\/\/i0.wp.com\/eltrabajo.cl\/portal\/wp-content\/uploads\/2016\/05\/DETENIDO-1-Y-2-copia.jpg?fit=530%2C350&ssl=1","jetpack_sharing_enabled":true,"jetpack_likes_enabled":true,"jetpack-related-posts":[],"_links":{"self":[{"href":"https:\/\/eltrabajo.cl\/portal\/wp-json\/wp\/v2\/posts\/70081","targetHints":{"allow":["GET"]}}],"collection":[{"href":"https:\/\/eltrabajo.cl\/portal\/wp-json\/wp\/v2\/posts"}],"about":[{"href":"https:\/\/eltrabajo.cl\/portal\/wp-json\/wp\/v2\/types\/post"}],"author":[{"embeddable":true,"href":"https:\/\/eltrabajo.cl\/portal\/wp-json\/wp\/v2\/users\/1"}],"replies":[{"embeddable":true,"href":"https:\/\/eltrabajo.cl\/portal\/wp-json\/wp\/v2\/comments?post=70081"}],"version-history":[{"count":0,"href":"https:\/\/eltrabajo.cl\/portal\/wp-json\/wp\/v2\/posts\/70081\/revisions"}],"wp:featuredmedia":[{"embeddable":true,"href":"https:\/\/eltrabajo.cl\/portal\/wp-json\/wp\/v2\/media\/70082"}],"wp:attachment":[{"href":"https:\/\/eltrabajo.cl\/portal\/wp-json\/wp\/v2\/media?parent=70081"}],"wp:term":[{"taxonomy":"category","embeddable":true,"href":"https:\/\/eltrabajo.cl\/portal\/wp-json\/wp\/v2\/categories?post=70081"},{"taxonomy":"post_tag","embeddable":true,"href":"https:\/\/eltrabajo.cl\/portal\/wp-json\/wp\/v2\/tags?post=70081"}],"curies":[{"name":"wp","href":"https:\/\/api.w.org\/{rel}","templated":true}]}}