{"id":70087,"date":"2016-05-25T08:48:35","date_gmt":"2016-05-25T12:48:35","guid":{"rendered":"http:\/\/www.eltrabajo.cl\/portal\/?p=70087"},"modified":"2016-05-25T08:48:35","modified_gmt":"2016-05-25T12:48:35","slug":"nutrida-agenda-para-celebrar-el-dia-del-patrimonio-cultural-en-san-felipe","status":"publish","type":"post","link":"https:\/\/eltrabajo.cl\/portal\/nutrida-agenda-para-celebrar-el-dia-del-patrimonio-cultural-en-san-felipe\/","title":{"rendered":"Nutrida agenda para celebrar el d\u00eda del Patrimonio Cultural en San Felipe"},"content":{"rendered":"<ul>\n<li><strong>Se conmemora este domingo 29 pero habr\u00e1 actividades todo el fin de semana:\u00a0La comuna de Putaendo tambi\u00e9n tiene preparados distintos panoramas, entre los cuales destacan: la ceremonia de colocaci\u00f3n de la primera piedra de la reconstrucci\u00f3n de la Capilla Lo Vicu\u00f1a y la picada de charqui m\u00e1s grande de Chile.<\/strong><\/li>\n<\/ul>\n<p>Durante todo el fin de Semana, la Municipalidad de San Felipe, junto a otras organizaciones sanfelipe\u00f1as, tendr\u00e1n a disposici\u00f3n de la comunidad, un variado panorama de actividades para conmemorar el d\u00eda del Patrimonio Cultural, que en rigor se festeja el d\u00eda domingo 29 de mayo.<br \/>\nAs\u00ed lo comunic\u00f3 Manuel Z\u00fa\u00f1iga, coordinador de Patrimonio y Turismo de la municipalidad de San Felipe, quien invit\u00f3 a la poblaci\u00f3n a participar del programa, preparado con el fin de rescatar lugares y acontecimientos que son la esencia de las ra\u00edces aconcag\u00fcinas<br \/>\n\u201cCon mucho agrado podemos dar cuenta de las variadas actividades que San Felipe, comandada por la municipalidad, va a tener dispuestas para todos los vecinos y vecinas de la comuna y otros sectores aleda\u00f1os, que podr\u00e1n acompa\u00f1arnos a celebrar todos juntos una versi\u00f3n m\u00e1s del d\u00eda patrimonio cultural\u201d, expres\u00f3 el personero.<br \/>\nDe acuerdo a lo se\u00f1alado por Z\u00fa\u00f1iga, la agenda comenzar\u00e1 a desarrollarse este viernes 27 a partir de las 9 de la ma\u00f1ana, en las afueras de la Escuela Jos\u00e9 de San Mart\u00edn, donde se desarrollar\u00e1 una exposici\u00f3n interactiva consistente en \u201cuna puesta en escena en la misma calle Freire, para mostrar las tradiciones del Patrimonio inmaterial, actividad que ha trabajado fuertemente la comunidad del establecimiento, a la cual nos invitan a participar hasta las 12 del d\u00eda aproximadamente\u201d, detall\u00f3.<br \/>\nPara el desarrollo \u00edntegro de esta actividad, Z\u00fa\u00f1iga advirti\u00f3 que el tr\u00e1nsito estar\u00e1 cortado, por lo que hizo un llamado a los automovilistas, recomendando que \u201c tomen las precauciones necesarias, puedan escoger v\u00edas alternativas, entendemos que puede generar alguna dificultad, por tratarse de una v\u00eda muy central e importante, pero se justifica al tratarse de una actividad muy relevante para que la poblaci\u00f3n vea materializado el trabajo de profesores y alumnos, quienes se han esmerado en poner en relieve las tradiciones de Aconcagua a trav\u00e9s del Patrimonio inmaterial\u201d, valor\u00f3.<br \/>\nPosteriormente, para el d\u00eda Domingo est\u00e1n programadas las restantes actividades organizadas por el municipio, comenzando a eso de las 10.30 de la ma\u00f1ana y hasta cerca de las 14 horas con la exposici\u00f3n interactiva \u2018Los Antiguos Oficios Tradicionales\u2019, en donde seg\u00fan Z\u00fa\u00f1iga se han intentado rescatar aquellos quehaceres que han subsistido pese al paso del tiempo, como por ejemplo: el \u00faltimo sombrerero de Aconcagua y los cl\u00e1sicos componedores de huesos.<br \/>\nEl mismo domingo a las 12 horas se efectuar\u00e1 en la Catedral una misa a la chilena con m\u00fasica tradicional lit\u00fargica y adem\u00e1s, durante el d\u00eda se realizar\u00e1n paseos en carruaje por las distintas partes de la ciudad de San Felipe, los cuales, tendr\u00e1n un peque\u00f1o costo que a\u00fan est\u00e1 por definirse.<\/p>\n<p><strong>Otras Organizaciones<\/strong><br \/>\nMar\u00eda Quezada Z\u00fa\u00f1iga, asistente de la Direcci\u00f3n de la Fundaci\u00f3n Buen Pastor San Felipe, coment\u00f3 que la programaci\u00f3n presupuestada por una de las instituciones con m\u00e1s tradici\u00f3n en San Felipe, se enfoca en dos ponencias referidas a rescatar fuentes importantes del Patrimonio del Pastor.<br \/>\n\u201cNuestras actividades est\u00e1n programadas desde las 4 de la tarde hasta las 18 horas y lo haremos con 2 charlas: una de ellas denominada \u2018Restauraci\u00f3n y Puesta en Valor de la colecci\u00f3n Patrimonial del Buen Pastor\u2019 ,a cargo del Centro de Restauraci\u00f3n, que a nosotros nos ha ayudado con la recuperaci\u00f3n de nuestra colecci\u00f3n; y a las 17 horas la exposici\u00f3n \u2018Herencia Cultural y Religiosa de la Congregaci\u00f3n del Buen Pastor\u2019, la cual pretende recordar lo que ha sido la presencia de esta tradicional instituci\u00f3n en San Felipe y los 160 a\u00f1os de la congregaci\u00f3n.<br \/>\nSeg\u00fan Quezada \u201clo m\u00e1s atractivo podr\u00eda ser que la Iglesia va a estar abierta a la comunidad, el templo fue reconstruido totalmente y vamos a visitar las instalaciones nuevas, para mostrar lo que se reconstruy\u00f3 y donde van a estar ubicados el museo y la biblioteca, la cual, cuenta con el espacio pero falta implementarla, queremos que conozcan el Nuevo Buen Pastor\u201d, decret\u00f3.<br \/>\nA su vez, Mariela Canelo Saa, encargada de administraci\u00f3n de la Corporaci\u00f3n Ciem Aconcagua, invit\u00f3 a la comunidad a conocer esta ONG, cuyas instalaciones estar\u00e1n abiertas el domingo de 10 a 19 horas con un programa que seg\u00fan detall\u00f3 se basar\u00e1 en un conversatorio sobre Patrimonio Natural a cargo de Guillermo Sapaj Aguilera, joven conservacionista aconcag\u00fcino, quien va a preparar una charla especialmente enfocada en que los j\u00f3venes se instruyan y amen el tema patrimonial.<br \/>\nAl mismo tiempo, seg\u00fan Canelo, habr\u00e1 visitas guiadas por Olivia Ram\u00edrez y alumnos de la Escuela Almendral, lo que seg\u00fan Canelo cobra relevancia, ya que, \u201cllevar a chicos de octavo b\u00e1sico a hacerse cargo del patrimonio de su localidad, para nosotros es tremendamente valioso\u201d, destac\u00f3, a\u00f1adiendo que \u201cpor la tarde vamos a tener 2 bandas musicales y el templo San Antonio de Padua tendr\u00e1 visitas guiadas por Eduardo Salinas, oriundo de Almendral, acompa\u00f1ado del padre Eugenio Duque, con recorridos por el reloj y la c\u00fapula del templo\u201d, anticip\u00f3.<br \/>\nFinalmente, Guillermo Toro Varas, vicepresidente de la Sociedad de Artesanos \u2013 entidad \u00edcono del Patrimonio cultural sanfelipe\u00f1o-, cont\u00f3 que la participaci\u00f3n de esta tradicional agrupaci\u00f3n sanfelipe\u00f1a conmemorar\u00e1 el d\u00eda del Patrimonio, de las 10:30 a 13:30 horas del domingo, con la exhibici\u00f3n de la documentaci\u00f3n hist\u00f3rica existente de la Sociedad.<br \/>\n\u201cVa estar dirigida por nuestro Director, Eduardo Contreras, una persona que maneja de primera fuente los temas referente a la Sociedad misma y tambi\u00e9n de la ciudad de San Felipe. Adem\u00e1s se reproducir\u00e1 un video documental de la trayectoria de la Sociedad, en el cual, se mostrar\u00e1n los 100 primeros a\u00f1os de la Sociedad de Artesanos y lo que ha ocurrido hasta hoy que ya estamos al borde de cumplir 125 a\u00f1os. Adem\u00e1s habr\u00e1 una presentaci\u00f3n art\u00edstica a cargo del c\u00edrculo de difusores de la Cueca y el Tango, una entidad muy importante en la sociedad que nos entrega un valor muy importante: el arte de estos bailes\u201d, concluy\u00f3.<br \/>\nEn Putaendo, la celebraci\u00f3n del D\u00eda del Patrimonio Cultural, partir\u00e1 a las 11 de la ma\u00f1ana con la ceremonia de instalaci\u00f3n de la primera piedra del proyecto de Reconstrucci\u00f3n de la Capilla de Lo Vicu\u00f1a, para posteriormente continuar con la inauguraci\u00f3n de la Feria Costumbrista, donde se realizar\u00e1 una degustaci\u00f3n de productos t\u00edpicos de la zona. Durante la tarde, destaca la gran Picada de Charqui m\u00e1s grande de Chile y la presentaci\u00f3n del documental \u2018Por la Senda de Los Libertadores. Cabalgata Putaendo 2016\u2019.<\/p>\n<figure id=\"attachment_70088\" aria-describedby=\"caption-attachment-70088\" style=\"width: 300px\" class=\"wp-caption alignleft\"><a href=\"http:\/\/www.eltrabajo.cl\/portal\/nutrida-agenda-para-celebrar-el-dia-del-patrimonio-cultural-en-san-felipe\/guillermo-toro-varas\/\" rel=\"attachment wp-att-70088\"><img data-recalc-dims=\"1\" loading=\"lazy\" decoding=\"async\" class=\"size-medium wp-image-70088\" src=\"https:\/\/i0.wp.com\/www.eltrabajo.cl\/portal\/wp-content\/uploads\/2016\/05\/Guillermo-Toro-Varas-300x197.jpg?resize=300%2C197\" alt=\"Guillermo Toro Varas, vicepresidente de la Sociedad de Artesanos, San Felipe.\" width=\"300\" height=\"197\" srcset=\"https:\/\/i0.wp.com\/eltrabajo.cl\/portal\/wp-content\/uploads\/2016\/05\/Guillermo-Toro-Varas.jpg?resize=300%2C197&amp;ssl=1 300w, https:\/\/i0.wp.com\/eltrabajo.cl\/portal\/wp-content\/uploads\/2016\/05\/Guillermo-Toro-Varas.jpg?resize=200%2C131&amp;ssl=1 200w, https:\/\/i0.wp.com\/eltrabajo.cl\/portal\/wp-content\/uploads\/2016\/05\/Guillermo-Toro-Varas.jpg?resize=228%2C150&amp;ssl=1 228w, https:\/\/i0.wp.com\/eltrabajo.cl\/portal\/wp-content\/uploads\/2016\/05\/Guillermo-Toro-Varas.jpg?resize=400%2C263&amp;ssl=1 400w, https:\/\/i0.wp.com\/eltrabajo.cl\/portal\/wp-content\/uploads\/2016\/05\/Guillermo-Toro-Varas.jpg?w=530&amp;ssl=1 530w\" sizes=\"auto, (max-width: 300px) 100vw, 300px\" \/><\/a><figcaption id=\"caption-attachment-70088\" class=\"wp-caption-text\">Guillermo Toro Varas, vicepresidente de la Sociedad de Artesanos, San Felipe.<\/figcaption><\/figure>\n<figure id=\"attachment_70089\" aria-describedby=\"caption-attachment-70089\" style=\"width: 300px\" class=\"wp-caption alignleft\"><a href=\"http:\/\/www.eltrabajo.cl\/portal\/nutrida-agenda-para-celebrar-el-dia-del-patrimonio-cultural-en-san-felipe\/manuel-zuniga-8\/\" rel=\"attachment wp-att-70089\"><img data-recalc-dims=\"1\" loading=\"lazy\" decoding=\"async\" class=\"size-medium wp-image-70089\" src=\"https:\/\/i0.wp.com\/www.eltrabajo.cl\/portal\/wp-content\/uploads\/2016\/05\/Manuel-Z%C3%BA%C3%B1iga-300x197.jpg?resize=300%2C197\" alt=\"Manuel Z\u00fa\u00f1iga, coordinador de Patrimonio y Turismo de la Municipalidad de San Felipe.\" width=\"300\" height=\"197\" srcset=\"https:\/\/i0.wp.com\/eltrabajo.cl\/portal\/wp-content\/uploads\/2016\/05\/Manuel-Z%C3%BA%C3%B1iga.jpg?resize=300%2C197&amp;ssl=1 300w, https:\/\/i0.wp.com\/eltrabajo.cl\/portal\/wp-content\/uploads\/2016\/05\/Manuel-Z%C3%BA%C3%B1iga.jpg?resize=200%2C131&amp;ssl=1 200w, https:\/\/i0.wp.com\/eltrabajo.cl\/portal\/wp-content\/uploads\/2016\/05\/Manuel-Z%C3%BA%C3%B1iga.jpg?resize=228%2C150&amp;ssl=1 228w, https:\/\/i0.wp.com\/eltrabajo.cl\/portal\/wp-content\/uploads\/2016\/05\/Manuel-Z%C3%BA%C3%B1iga.jpg?resize=400%2C263&amp;ssl=1 400w, https:\/\/i0.wp.com\/eltrabajo.cl\/portal\/wp-content\/uploads\/2016\/05\/Manuel-Z%C3%BA%C3%B1iga.jpg?w=530&amp;ssl=1 530w\" sizes=\"auto, (max-width: 300px) 100vw, 300px\" \/><\/a><figcaption id=\"caption-attachment-70089\" class=\"wp-caption-text\">Manuel Z\u00fa\u00f1iga, coordinador de Patrimonio y Turismo de la Municipalidad de San Felipe.<\/figcaption><\/figure>\n<figure id=\"attachment_70090\" aria-describedby=\"caption-attachment-70090\" style=\"width: 300px\" class=\"wp-caption alignleft\"><a href=\"http:\/\/www.eltrabajo.cl\/portal\/nutrida-agenda-para-celebrar-el-dia-del-patrimonio-cultural-en-san-felipe\/maria-quezada-zuniga\/\" rel=\"attachment wp-att-70090\"><img data-recalc-dims=\"1\" loading=\"lazy\" decoding=\"async\" class=\"size-medium wp-image-70090\" src=\"https:\/\/i0.wp.com\/www.eltrabajo.cl\/portal\/wp-content\/uploads\/2016\/05\/Mar%C3%ADa-Quezada-Z%C3%BA%C3%B1iga-300x197.jpg?resize=300%2C197\" alt=\"Mar\u00eda Quezada Z\u00fa\u00f1iga, asistente de la Direcci\u00f3n de la Fundaci\u00f3n Buen Pastor San Felipe\" width=\"300\" height=\"197\" srcset=\"https:\/\/i0.wp.com\/eltrabajo.cl\/portal\/wp-content\/uploads\/2016\/05\/Mar%C3%ADa-Quezada-Z%C3%BA%C3%B1iga.jpg?resize=300%2C197&amp;ssl=1 300w, https:\/\/i0.wp.com\/eltrabajo.cl\/portal\/wp-content\/uploads\/2016\/05\/Mar%C3%ADa-Quezada-Z%C3%BA%C3%B1iga.jpg?resize=200%2C131&amp;ssl=1 200w, https:\/\/i0.wp.com\/eltrabajo.cl\/portal\/wp-content\/uploads\/2016\/05\/Mar%C3%ADa-Quezada-Z%C3%BA%C3%B1iga.jpg?resize=228%2C150&amp;ssl=1 228w, https:\/\/i0.wp.com\/eltrabajo.cl\/portal\/wp-content\/uploads\/2016\/05\/Mar%C3%ADa-Quezada-Z%C3%BA%C3%B1iga.jpg?resize=400%2C263&amp;ssl=1 400w, https:\/\/i0.wp.com\/eltrabajo.cl\/portal\/wp-content\/uploads\/2016\/05\/Mar%C3%ADa-Quezada-Z%C3%BA%C3%B1iga.jpg?w=530&amp;ssl=1 530w\" sizes=\"auto, (max-width: 300px) 100vw, 300px\" \/><\/a><figcaption id=\"caption-attachment-70090\" class=\"wp-caption-text\">Mar\u00eda Quezada Z\u00fa\u00f1iga, asistente de la Direcci\u00f3n de la Fundaci\u00f3n Buen Pastor San Felipe<\/figcaption><\/figure>\n<figure id=\"attachment_70091\" aria-describedby=\"caption-attachment-70091\" style=\"width: 300px\" class=\"wp-caption alignleft\"><a href=\"http:\/\/www.eltrabajo.cl\/portal\/nutrida-agenda-para-celebrar-el-dia-del-patrimonio-cultural-en-san-felipe\/mariela-canelo-saa\/\" rel=\"attachment wp-att-70091\"><img data-recalc-dims=\"1\" loading=\"lazy\" decoding=\"async\" class=\"size-medium wp-image-70091\" src=\"https:\/\/i0.wp.com\/www.eltrabajo.cl\/portal\/wp-content\/uploads\/2016\/05\/Mariela-Canelo-Saa-300x197.jpg?resize=300%2C197\" alt=\"Mariela Canelo Saa, encargada de administraci\u00f3n de la Corporaci\u00f3n CIEM Aconcagua.\" width=\"300\" height=\"197\" srcset=\"https:\/\/i0.wp.com\/eltrabajo.cl\/portal\/wp-content\/uploads\/2016\/05\/Mariela-Canelo-Saa.jpg?resize=300%2C197&amp;ssl=1 300w, https:\/\/i0.wp.com\/eltrabajo.cl\/portal\/wp-content\/uploads\/2016\/05\/Mariela-Canelo-Saa.jpg?resize=200%2C131&amp;ssl=1 200w, https:\/\/i0.wp.com\/eltrabajo.cl\/portal\/wp-content\/uploads\/2016\/05\/Mariela-Canelo-Saa.jpg?resize=228%2C150&amp;ssl=1 228w, https:\/\/i0.wp.com\/eltrabajo.cl\/portal\/wp-content\/uploads\/2016\/05\/Mariela-Canelo-Saa.jpg?resize=400%2C263&amp;ssl=1 400w, https:\/\/i0.wp.com\/eltrabajo.cl\/portal\/wp-content\/uploads\/2016\/05\/Mariela-Canelo-Saa.jpg?w=530&amp;ssl=1 530w\" sizes=\"auto, (max-width: 300px) 100vw, 300px\" \/><\/a><figcaption id=\"caption-attachment-70091\" class=\"wp-caption-text\">Mariela Canelo Saa, encargada de administraci\u00f3n de la Corporaci\u00f3n CIEM Aconcagua.<\/figcaption><\/figure>\n","protected":false},"excerpt":{"rendered":"<p>Se conmemora este domingo 29 pero habr\u00e1 actividades todo el fin de semana:\u00a0La comuna de Putaendo tambi\u00e9n tiene preparados distintos panoramas, entre los cuales destacan: la ceremonia de colocaci\u00f3n de la primera&#8230;<\/p>\n","protected":false},"author":1,"featured_media":70089,"comment_status":"open","ping_status":"open","sticky":false,"template":"","format":"standard","meta":{"advanced_seo_description":"","jetpack_seo_html_title":"","jetpack_seo_noindex":false,"_jetpack_memberships_contains_paid_content":false,"footnotes":""},"categories":[1],"tags":[],"class_list":["post-70087","post","type-post","status-publish","format-standard","has-post-thumbnail","hentry","category-cronica"],"jetpack_featured_media_url":"https:\/\/i0.wp.com\/eltrabajo.cl\/portal\/wp-content\/uploads\/2016\/05\/Manuel-Z%C3%BA%C3%B1iga.jpg?fit=530%2C348&ssl=1","jetpack_sharing_enabled":true,"jetpack_likes_enabled":true,"jetpack-related-posts":[],"_links":{"self":[{"href":"https:\/\/eltrabajo.cl\/portal\/wp-json\/wp\/v2\/posts\/70087","targetHints":{"allow":["GET"]}}],"collection":[{"href":"https:\/\/eltrabajo.cl\/portal\/wp-json\/wp\/v2\/posts"}],"about":[{"href":"https:\/\/eltrabajo.cl\/portal\/wp-json\/wp\/v2\/types\/post"}],"author":[{"embeddable":true,"href":"https:\/\/eltrabajo.cl\/portal\/wp-json\/wp\/v2\/users\/1"}],"replies":[{"embeddable":true,"href":"https:\/\/eltrabajo.cl\/portal\/wp-json\/wp\/v2\/comments?post=70087"}],"version-history":[{"count":0,"href":"https:\/\/eltrabajo.cl\/portal\/wp-json\/wp\/v2\/posts\/70087\/revisions"}],"wp:featuredmedia":[{"embeddable":true,"href":"https:\/\/eltrabajo.cl\/portal\/wp-json\/wp\/v2\/media\/70089"}],"wp:attachment":[{"href":"https:\/\/eltrabajo.cl\/portal\/wp-json\/wp\/v2\/media?parent=70087"}],"wp:term":[{"taxonomy":"category","embeddable":true,"href":"https:\/\/eltrabajo.cl\/portal\/wp-json\/wp\/v2\/categories?post=70087"},{"taxonomy":"post_tag","embeddable":true,"href":"https:\/\/eltrabajo.cl\/portal\/wp-json\/wp\/v2\/tags?post=70087"}],"curies":[{"name":"wp","href":"https:\/\/api.w.org\/{rel}","templated":true}]}}