{"id":70098,"date":"2016-05-25T08:54:11","date_gmt":"2016-05-25T12:54:11","guid":{"rendered":"http:\/\/www.eltrabajo.cl\/portal\/?p=70098"},"modified":"2016-05-25T08:54:11","modified_gmt":"2016-05-25T12:54:11","slug":"moderno-sistema-de-aislacion-solar-en-uci-uti-y-neonatologia-del-hsc","status":"publish","type":"post","link":"https:\/\/eltrabajo.cl\/portal\/moderno-sistema-de-aislacion-solar-en-uci-uti-y-neonatologia-del-hsc\/","title":{"rendered":"Moderno sistema de aislaci\u00f3n solar en UCI, UTI y Neonatolog\u00eda del HSC"},"content":{"rendered":"<ul>\n<li><strong>Persianas \u2018quiebravista\u2019 bajar\u00e1n la temperatura en estos servicios durante el verano:\u00a0Inversi\u00f3n superior a los 15 millones de pesos, permitir\u00e1 que los pacientes hospitalizados en las salas de estas unidades, cuyas ventanas dan hacia el sector poniente, no sufran con el alza de sensaci\u00f3n t\u00e9rmica en per\u00edodo estival.<\/strong><\/li>\n<\/ul>\n<p>Las temperaturas sobre los 35 grados cent\u00edgrados, suelen ser pan de cada d\u00eda en San Felipe durante el verano. Son alrededor de 4 meses, en los que el calor no da tregua y en los cuales los pacientes hospitalizados en los servicios de Unidad de Cuidados Intensivos, UCI; Unidad de Tratamientos Intermedios, UTI y los reci\u00e9n nacidos, Neonatolog\u00eda del Hospital San Camilo, sufren con la inclemente sensaci\u00f3n de sofoco, al interior de los pabellones.<br \/>\nY es que las salas de los servicios anteriormente se\u00f1alados, tienen sus ventanas justamente hacia el sector poniente de la ciudad, haciendo que los rayos del sol ingresen directamente durante la hora de mayor temperatura. Es por esto, que el servicio de Medicina del establecimiento, est\u00e1 instalando un sistema de persianas \u2018quiebravistas\u2019 que permitir\u00e1 \u2018bajar varios grados cent\u00edgrados\u2019 de sensaci\u00f3n t\u00e9rmica, de las diferentes salas de hospitalizaci\u00f3n.<br \/>\nDe esta manera, una vez que vuelvan las altas temperaturas caracter\u00edsticas de esta zona, las salas de hospitalizaci\u00f3n no s\u00f3lo de medicina, sino tambi\u00e9n de la UCI y la UTI adultos, as\u00ed como de la UTI Pedi\u00e1trica y la Neonatol\u00f3gica, estar\u00e1n preparadas para la llegada directa del sol hacia sus dependencias.<br \/>\n\u201cDesde ya como hospital nos estamos preparando para la pr\u00f3xima temporada de calor, para la cual estamos instalando estas persianas que son de mucha utilidad y que nos permitir\u00e1n entregar a nuestros usuarios salas m\u00e1s confortables, tanto para los pacientes como para sus familiares y tambi\u00e9n para nuestros funcionarios\u201d, asegur\u00f3 el director del Hospital San Camilo, Dr. Juan de Dios Reyes.<br \/>\nLa licitaci\u00f3n, fue ganada por la empresa de car\u00e1cter nacional Hunter Douglas, experta en la instalaci\u00f3n de este tipo de sistemas y el valor total del proyecto supera los 15 millones de pesos, el cual, ya comenz\u00f3 su instalaci\u00f3n en el servicio de Neonatolog\u00eda, en donde el sol de la ma\u00f1ana generaba altas temperaturas dif\u00edciles de controlar en la etapa estival.<\/p>\n<figure id=\"attachment_70099\" aria-describedby=\"caption-attachment-70099\" style=\"width: 530px\" class=\"wp-caption alignleft\"><a href=\"http:\/\/www.eltrabajo.cl\/portal\/moderno-sistema-de-aislacion-solar-en-uci-uti-y-neonatologia-del-hsc\/foto-1-sistema-de-persianas-quiebravista\/\" rel=\"attachment wp-att-70099\"><img data-recalc-dims=\"1\" loading=\"lazy\" decoding=\"async\" class=\"size-full wp-image-70099\" src=\"https:\/\/i0.wp.com\/www.eltrabajo.cl\/portal\/wp-content\/uploads\/2016\/05\/FOTO-1-Sistema-de-persianas-quiebravista.jpg?resize=530%2C611\" alt=\"Sistema de persianas \u2018quiebravistas\u2019, aislar\u00e1 salas de hospitalizaci\u00f3n de Medicina, UCI, UTI Y Neonatolog\u00eda del Hospital San Camilo, permitiendo que sus pacientes no sufran con las altas temperaturas durante meses de verano.\" width=\"530\" height=\"611\" \/><\/a><figcaption id=\"caption-attachment-70099\" class=\"wp-caption-text\">Sistema de persianas \u2018quiebravistas\u2019, aislar\u00e1 salas de hospitalizaci\u00f3n de Medicina, UCI, UTI Y Neonatolog\u00eda del Hospital San Camilo, permitiendo que sus pacientes no sufran con las altas temperaturas durante meses de verano.<\/figcaption><\/figure>\n","protected":false},"excerpt":{"rendered":"<p>Persianas \u2018quiebravista\u2019 bajar\u00e1n la temperatura en estos servicios durante el verano:\u00a0Inversi\u00f3n superior a los 15 millones de pesos, permitir\u00e1 que los pacientes hospitalizados en las salas de estas unidades, cuyas ventanas dan&#8230;<\/p>\n","protected":false},"author":1,"featured_media":70099,"comment_status":"open","ping_status":"open","sticky":false,"template":"","format":"standard","meta":{"advanced_seo_description":"","jetpack_seo_html_title":"","jetpack_seo_noindex":false,"_jetpack_memberships_contains_paid_content":false,"footnotes":""},"categories":[1],"tags":[],"class_list":["post-70098","post","type-post","status-publish","format-standard","has-post-thumbnail","hentry","category-cronica"],"jetpack_featured_media_url":"https:\/\/i0.wp.com\/eltrabajo.cl\/portal\/wp-content\/uploads\/2016\/05\/FOTO-1-Sistema-de-persianas-quiebravista-e1464180837633.jpg?fit=530%2C413&ssl=1","jetpack_sharing_enabled":true,"jetpack_likes_enabled":true,"jetpack-related-posts":[],"_links":{"self":[{"href":"https:\/\/eltrabajo.cl\/portal\/wp-json\/wp\/v2\/posts\/70098","targetHints":{"allow":["GET"]}}],"collection":[{"href":"https:\/\/eltrabajo.cl\/portal\/wp-json\/wp\/v2\/posts"}],"about":[{"href":"https:\/\/eltrabajo.cl\/portal\/wp-json\/wp\/v2\/types\/post"}],"author":[{"embeddable":true,"href":"https:\/\/eltrabajo.cl\/portal\/wp-json\/wp\/v2\/users\/1"}],"replies":[{"embeddable":true,"href":"https:\/\/eltrabajo.cl\/portal\/wp-json\/wp\/v2\/comments?post=70098"}],"version-history":[{"count":0,"href":"https:\/\/eltrabajo.cl\/portal\/wp-json\/wp\/v2\/posts\/70098\/revisions"}],"wp:featuredmedia":[{"embeddable":true,"href":"https:\/\/eltrabajo.cl\/portal\/wp-json\/wp\/v2\/media\/70099"}],"wp:attachment":[{"href":"https:\/\/eltrabajo.cl\/portal\/wp-json\/wp\/v2\/media?parent=70098"}],"wp:term":[{"taxonomy":"category","embeddable":true,"href":"https:\/\/eltrabajo.cl\/portal\/wp-json\/wp\/v2\/categories?post=70098"},{"taxonomy":"post_tag","embeddable":true,"href":"https:\/\/eltrabajo.cl\/portal\/wp-json\/wp\/v2\/tags?post=70098"}],"curies":[{"name":"wp","href":"https:\/\/api.w.org\/{rel}","templated":true}]}}