{"id":70106,"date":"2016-05-25T08:59:40","date_gmt":"2016-05-25T12:59:40","guid":{"rendered":"http:\/\/www.eltrabajo.cl\/portal\/?p=70106"},"modified":"2016-05-25T08:59:40","modified_gmt":"2016-05-25T12:59:40","slug":"manana-eligen-el-primer-directorio-estudiantil-en-el-dario-salas","status":"publish","type":"post","link":"https:\/\/eltrabajo.cl\/portal\/manana-eligen-el-primer-directorio-estudiantil-en-el-dario-salas\/","title":{"rendered":"Ma\u00f1ana eligen el primer directorio estudiantil en el Dar\u00edo Salas"},"content":{"rendered":"<p><strong>SANTA MAR\u00cdA.-<\/strong> Un arrollador ambiente de efervescencia estudiantil, es el que se vive en toda la comunidad educativa del Liceo Dar\u00edo Salas, en donde ma\u00f1ana jueves se crear\u00e1 de manera democr\u00e1tica y por la v\u00eda del voto secreto, el primer directorio estudiantil de esa prestigiosa casa de estudios aconcag\u00fcina.<br \/>\nAs\u00ed lo dio a conocer a Diario El Trabajo la profesora Margarita Valdez Past\u00e9n, encargada de Orientaci\u00f3n de ese centro educativo. \u00abSon 15 estudiantes los que est\u00e1n postulando sus nombres en dos listas electorales. La votaci\u00f3n general, ser\u00e1 este jueves por la ma\u00f1ana y se elegir\u00e1 nuestro primer directorio estudiantil, participan los 300 estudiantes que componen el segmento de 3\u00ba b\u00e1sico a cuarto medio\u00bb, explic\u00f3 Valdez.<br \/>\nDecenas de v\u00eddeos educativos, sobre el Estado de Derecho; la Democracia y responsabilidades civiles, as\u00ed como el tema de derechos ciudadanos, fueron proyectados en pantalla para todos los estudiantes.<br \/>\n\u00abDeseo destacar la gesti\u00f3n de nuestros alumnos, esta es la primera vez que realizamos este trabajo en el marco de la educaci\u00f3n ciudadana, ellos est\u00e1n recibiendo en estos d\u00edas muchos talleres de educaci\u00f3n c\u00edvica para el manejo adecuado del tema Democracia y responsabilidades ciudadanas\u00bb, dijo finalmente la gestora del proceso.<br \/>\n<strong>Roberto Gonz\u00e1lez Short<\/strong><br \/>\n<strong>rgonzalez@eltrabajo.cl<\/strong><\/p>\n<figure id=\"attachment_70107\" aria-describedby=\"caption-attachment-70107\" style=\"width: 528px\" class=\"wp-caption alignleft\"><a href=\"http:\/\/www.eltrabajo.cl\/portal\/manana-eligen-el-primer-directorio-estudiantil-en-el-dario-salas\/listaa\/\" rel=\"attachment wp-att-70107\"><img data-recalc-dims=\"1\" loading=\"lazy\" decoding=\"async\" class=\"size-full wp-image-70107\" src=\"https:\/\/i0.wp.com\/www.eltrabajo.cl\/portal\/wp-content\/uploads\/2016\/05\/ListaA.jpg?resize=528%2C350\" alt=\"LA LISTA A.- Ellos son: Javiera Silva, Krishna Urrutia, Tom\u00e1s Vargas, Edith S\u00e1nchez y Derly Herrera.\" width=\"528\" height=\"350\" srcset=\"https:\/\/i0.wp.com\/eltrabajo.cl\/portal\/wp-content\/uploads\/2016\/05\/ListaA.jpg?w=528&amp;ssl=1 528w, https:\/\/i0.wp.com\/eltrabajo.cl\/portal\/wp-content\/uploads\/2016\/05\/ListaA.jpg?resize=200%2C133&amp;ssl=1 200w, https:\/\/i0.wp.com\/eltrabajo.cl\/portal\/wp-content\/uploads\/2016\/05\/ListaA.jpg?resize=300%2C199&amp;ssl=1 300w, https:\/\/i0.wp.com\/eltrabajo.cl\/portal\/wp-content\/uploads\/2016\/05\/ListaA.jpg?resize=226%2C150&amp;ssl=1 226w, https:\/\/i0.wp.com\/eltrabajo.cl\/portal\/wp-content\/uploads\/2016\/05\/ListaA.jpg?resize=400%2C265&amp;ssl=1 400w\" sizes=\"auto, (max-width: 528px) 100vw, 528px\" \/><\/a><figcaption id=\"caption-attachment-70107\" class=\"wp-caption-text\">LA LISTA A.- Ellos son: Javiera Silva, Krishna Urrutia, Tom\u00e1s Vargas, Edith S\u00e1nchez y Derly Herrera.<\/figcaption><\/figure>\n<figure id=\"attachment_70108\" aria-describedby=\"caption-attachment-70108\" style=\"width: 530px\" class=\"wp-caption alignleft\"><a href=\"http:\/\/www.eltrabajo.cl\/portal\/manana-eligen-el-primer-directorio-estudiantil-en-el-dario-salas\/listab\/\" rel=\"attachment wp-att-70108\"><img data-recalc-dims=\"1\" loading=\"lazy\" decoding=\"async\" class=\"size-full wp-image-70108\" src=\"https:\/\/i0.wp.com\/www.eltrabajo.cl\/portal\/wp-content\/uploads\/2016\/05\/ListaB.jpg?resize=530%2C349\" alt=\"LA LISTA B.- Aqu\u00ed tenemos a: Eskarlet Noya, Polet Segovia, Leonel Huenchunao, Javiera Castro, Mar\u00eda Paz Urtubia y    Manuel Reyes.\" width=\"530\" height=\"349\" srcset=\"https:\/\/i0.wp.com\/eltrabajo.cl\/portal\/wp-content\/uploads\/2016\/05\/ListaB.jpg?w=530&amp;ssl=1 530w, https:\/\/i0.wp.com\/eltrabajo.cl\/portal\/wp-content\/uploads\/2016\/05\/ListaB.jpg?resize=200%2C132&amp;ssl=1 200w, https:\/\/i0.wp.com\/eltrabajo.cl\/portal\/wp-content\/uploads\/2016\/05\/ListaB.jpg?resize=300%2C198&amp;ssl=1 300w, https:\/\/i0.wp.com\/eltrabajo.cl\/portal\/wp-content\/uploads\/2016\/05\/ListaB.jpg?resize=228%2C150&amp;ssl=1 228w, https:\/\/i0.wp.com\/eltrabajo.cl\/portal\/wp-content\/uploads\/2016\/05\/ListaB.jpg?resize=400%2C263&amp;ssl=1 400w\" sizes=\"auto, (max-width: 530px) 100vw, 530px\" \/><\/a><figcaption id=\"caption-attachment-70108\" class=\"wp-caption-text\">LA LISTA B.- Aqu\u00ed tenemos a: Eskarlet Noya, Polet Segovia, Leonel Huenchunao, Javiera Castro, Mar\u00eda Paz Urtubia y Manuel Reyes.<\/figcaption><\/figure>\n<figure id=\"attachment_70109\" aria-describedby=\"caption-attachment-70109\" style=\"width: 300px\" class=\"wp-caption alignleft\"><a href=\"http:\/\/www.eltrabajo.cl\/portal\/manana-eligen-el-primer-directorio-estudiantil-en-el-dario-salas\/margarita-valdez\/\" rel=\"attachment wp-att-70109\"><img data-recalc-dims=\"1\" loading=\"lazy\" decoding=\"async\" class=\"size-medium wp-image-70109\" src=\"https:\/\/i0.wp.com\/www.eltrabajo.cl\/portal\/wp-content\/uploads\/2016\/05\/Margarita-Valdez-300x197.jpg?resize=300%2C197\" alt=\"Margarita Valdez Past\u00e9n, encargada de Orientaci\u00f3n de ese centro educativo.\" width=\"300\" height=\"197\" srcset=\"https:\/\/i0.wp.com\/eltrabajo.cl\/portal\/wp-content\/uploads\/2016\/05\/Margarita-Valdez.jpg?resize=300%2C197&amp;ssl=1 300w, https:\/\/i0.wp.com\/eltrabajo.cl\/portal\/wp-content\/uploads\/2016\/05\/Margarita-Valdez.jpg?resize=200%2C131&amp;ssl=1 200w, https:\/\/i0.wp.com\/eltrabajo.cl\/portal\/wp-content\/uploads\/2016\/05\/Margarita-Valdez.jpg?resize=228%2C150&amp;ssl=1 228w, https:\/\/i0.wp.com\/eltrabajo.cl\/portal\/wp-content\/uploads\/2016\/05\/Margarita-Valdez.jpg?resize=400%2C263&amp;ssl=1 400w, https:\/\/i0.wp.com\/eltrabajo.cl\/portal\/wp-content\/uploads\/2016\/05\/Margarita-Valdez.jpg?w=530&amp;ssl=1 530w\" sizes=\"auto, (max-width: 300px) 100vw, 300px\" \/><\/a><figcaption id=\"caption-attachment-70109\" class=\"wp-caption-text\">Margarita Valdez Past\u00e9n, encargada de Orientaci\u00f3n de ese centro educativo.<\/figcaption><\/figure>\n","protected":false},"excerpt":{"rendered":"<p>SANTA MAR\u00cdA.- Un arrollador ambiente de efervescencia estudiantil, es el que se vive en toda la comunidad educativa del Liceo Dar\u00edo Salas, en donde ma\u00f1ana jueves se crear\u00e1 de manera democr\u00e1tica y&#8230;<\/p>\n","protected":false},"author":1,"featured_media":70108,"comment_status":"open","ping_status":"open","sticky":false,"template":"","format":"standard","meta":{"advanced_seo_description":"","jetpack_seo_html_title":"","jetpack_seo_noindex":false,"_jetpack_memberships_contains_paid_content":false,"footnotes":""},"categories":[15],"tags":[],"class_list":["post-70106","post","type-post","status-publish","format-standard","has-post-thumbnail","hentry","category-comunidad"],"jetpack_featured_media_url":"https:\/\/i0.wp.com\/eltrabajo.cl\/portal\/wp-content\/uploads\/2016\/05\/ListaB.jpg?fit=530%2C349&ssl=1","jetpack_sharing_enabled":true,"jetpack_likes_enabled":true,"jetpack-related-posts":[],"_links":{"self":[{"href":"https:\/\/eltrabajo.cl\/portal\/wp-json\/wp\/v2\/posts\/70106","targetHints":{"allow":["GET"]}}],"collection":[{"href":"https:\/\/eltrabajo.cl\/portal\/wp-json\/wp\/v2\/posts"}],"about":[{"href":"https:\/\/eltrabajo.cl\/portal\/wp-json\/wp\/v2\/types\/post"}],"author":[{"embeddable":true,"href":"https:\/\/eltrabajo.cl\/portal\/wp-json\/wp\/v2\/users\/1"}],"replies":[{"embeddable":true,"href":"https:\/\/eltrabajo.cl\/portal\/wp-json\/wp\/v2\/comments?post=70106"}],"version-history":[{"count":0,"href":"https:\/\/eltrabajo.cl\/portal\/wp-json\/wp\/v2\/posts\/70106\/revisions"}],"wp:featuredmedia":[{"embeddable":true,"href":"https:\/\/eltrabajo.cl\/portal\/wp-json\/wp\/v2\/media\/70108"}],"wp:attachment":[{"href":"https:\/\/eltrabajo.cl\/portal\/wp-json\/wp\/v2\/media?parent=70106"}],"wp:term":[{"taxonomy":"category","embeddable":true,"href":"https:\/\/eltrabajo.cl\/portal\/wp-json\/wp\/v2\/categories?post=70106"},{"taxonomy":"post_tag","embeddable":true,"href":"https:\/\/eltrabajo.cl\/portal\/wp-json\/wp\/v2\/tags?post=70106"}],"curies":[{"name":"wp","href":"https:\/\/api.w.org\/{rel}","templated":true}]}}