{"id":70124,"date":"2016-05-25T09:08:39","date_gmt":"2016-05-25T13:08:39","guid":{"rendered":"http:\/\/www.eltrabajo.cl\/portal\/?p=70124"},"modified":"2016-05-25T09:08:39","modified_gmt":"2016-05-25T13:08:39","slug":"presentan-oficialmente-el-trofeo-principal-de-la-i-copa-diario-el-trabajo-2016","status":"publish","type":"post","link":"https:\/\/eltrabajo.cl\/portal\/presentan-oficialmente-el-trofeo-principal-de-la-i-copa-diario-el-trabajo-2016\/","title":{"rendered":"Presentan oficialmente el trofeo principal de la I Copa Diario El Trabajo 2016"},"content":{"rendered":"<ul>\n<li><strong>Champion nacional ser\u00e1 el 7 de agosto:<\/strong><\/li>\n<\/ul>\n<p>La tarde de ayer martes fue presentada de manera oficial, el enorme trofeo que se estar\u00e1 entregando al karateka ganador de la primera versi\u00f3n de la Copa Diario El Trabajo 2016, un torneo de Artes Marciales que sacudir\u00e1 nuestra comuna el 7 de agosto en el gimnasio del Liceo Polit\u00e9cnico (Carlos Condell 218) a las 10:30 horas. Esta propuesta deportiva est\u00e1 convocando a m\u00e1s de 20 escuelas de karate de todo Chile, es organizada por el respetado Sensei V\u00edctor Caballero Astudillo, quien est\u00e1 siendo respaldado por el Club Deportivo Marcela Sabaj.<\/p>\n<p><strong>EL ORGANIZADOR<\/strong><br \/>\nNuestro medio habl\u00f3 con Caballero sobre este duelo de luchadores, \u00abeste Champion se llama \u2018Copa Diario El Trabajo\u2019 porque como deportistas sanfelipe\u00f1os queremos agradecer a este peri\u00f3dico sanfelipe\u00f1o todo el apoyo que nos brinda a lo largo de cada a\u00f1o. Est\u00e1n convocados unos 70 cinturones negros, las escuelas que participar\u00e1n lo har\u00e1n s\u00f3lo por invitaci\u00f3n. El trofeo principal, una copa modelo \u2018Beinjing\u2019, la que mide 84cm. de alto x 16 de base, est\u00e1 siendo donada por el propietario de \u2018Joyer\u00eda Donde Lalo\u2019, don Luis \u2018Lalito\u2019 C\u00e1rcamo, la que est\u00e1 ubicada en Salinas 1142A\u00bb, inform\u00f3 Caballero.<\/p>\n<p><strong>UN PERIODISMO COMPROMETIDO<\/strong><br \/>\nPor su parte el director de Diario El Trabajo, Marco Antonio Juri, fue amplio en su elogio a esta original iniciativa de don V\u00edctor, \u00absiempre en nuestro medio estamos potenciando las actividades y logros de nuestros deportistas locales y regionales, siempre tambi\u00e9n damos cobertura a las haza\u00f1as, grandes o chicas, de cada atleta o escolar, por lo que con mucho gusto este honor, de llevar el nombre de un campeonato nacional de Artes Marciales, para nuestro diario es un desaf\u00edo a seguir trabajando a favor de todas las expresiones populares de las Fuerzas Vivas en Aconcagua\u00bb, dijo el periodista.<\/p>\n<p><strong>SIEMPRE \u2018LALITO\u2019<\/strong><br \/>\nDiario El Trabajo habl\u00f3 con don Luis C\u00e1rcamo, quien don\u00f3 la copa principal de este campeonato, \u00abpara m\u00ed es un honor tambi\u00e9n el poder aportar a las jornadas de trabajo deportivo que don V\u00edctor viene desarrollando desde hace a\u00f1os, y el saber que Diario El Trabajo est\u00e1 apoyando siempre el deporte de nuestros ni\u00f1os y j\u00f3venes, pues me anima tambi\u00e9n a ponerle empe\u00f1o y unirme a esta misi\u00f3n de prevenci\u00f3n para que nuestra juventud no llegue a transitar los malos pasos\u00bb, dijo el empresario.<br \/>\n<strong>Roberto Gonz\u00e1lez Short<\/strong><br \/>\n<strong>rgonzalez@eltrabajo.cl<\/strong><\/p>\n<figure id=\"attachment_70125\" aria-describedby=\"caption-attachment-70125\" style=\"width: 530px\" class=\"wp-caption alignleft\"><a href=\"http:\/\/www.eltrabajo.cl\/portal\/presentan-oficialmente-el-trofeo-principal-de-la-i-copa-diario-el-trabajo-2016\/porta-hodori1\/\" rel=\"attachment wp-att-70125\"><img data-recalc-dims=\"1\" loading=\"lazy\" decoding=\"async\" class=\"size-full wp-image-70125\" src=\"https:\/\/i0.wp.com\/www.eltrabajo.cl\/portal\/wp-content\/uploads\/2016\/05\/porta-Hodori1.jpg?resize=530%2C350\" alt=\"TODOS POR LA COPA.- Estos karatekas sanfelipe\u00f1os por ejemplo, tendr\u00e1n la oportunidad de competir por la I Copa Diario El Trabajo.\" width=\"530\" height=\"350\" srcset=\"https:\/\/i0.wp.com\/eltrabajo.cl\/portal\/wp-content\/uploads\/2016\/05\/porta-Hodori1.jpg?w=530&amp;ssl=1 530w, https:\/\/i0.wp.com\/eltrabajo.cl\/portal\/wp-content\/uploads\/2016\/05\/porta-Hodori1.jpg?resize=200%2C132&amp;ssl=1 200w, https:\/\/i0.wp.com\/eltrabajo.cl\/portal\/wp-content\/uploads\/2016\/05\/porta-Hodori1.jpg?resize=300%2C198&amp;ssl=1 300w, https:\/\/i0.wp.com\/eltrabajo.cl\/portal\/wp-content\/uploads\/2016\/05\/porta-Hodori1.jpg?resize=227%2C150&amp;ssl=1 227w, https:\/\/i0.wp.com\/eltrabajo.cl\/portal\/wp-content\/uploads\/2016\/05\/porta-Hodori1.jpg?resize=400%2C264&amp;ssl=1 400w\" sizes=\"auto, (max-width: 530px) 100vw, 530px\" \/><\/a><figcaption id=\"caption-attachment-70125\" class=\"wp-caption-text\">TODOS POR LA COPA.- Estos karatekas sanfelipe\u00f1os por ejemplo, tendr\u00e1n la oportunidad de competir por la I Copa Diario El Trabajo.<\/figcaption><\/figure>\n<figure id=\"attachment_70126\" aria-describedby=\"caption-attachment-70126\" style=\"width: 530px\" class=\"wp-caption alignleft\"><a href=\"http:\/\/www.eltrabajo.cl\/portal\/presentan-oficialmente-el-trofeo-principal-de-la-i-copa-diario-el-trabajo-2016\/copa1-16\/\" rel=\"attachment wp-att-70126\"><img data-recalc-dims=\"1\" loading=\"lazy\" decoding=\"async\" class=\"size-full wp-image-70126\" src=\"https:\/\/i0.wp.com\/www.eltrabajo.cl\/portal\/wp-content\/uploads\/2016\/05\/Copa1-1.jpg?resize=530%2C350\" alt=\"COPA DIARIO EL TRABAJO.- Por este enorme trofeo en forma de copa pelear\u00e1n cientos de karatekas de m\u00e1s de 20 escuelas de Artes Marciales en agosto.\" width=\"530\" height=\"350\" srcset=\"https:\/\/i0.wp.com\/eltrabajo.cl\/portal\/wp-content\/uploads\/2016\/05\/Copa1-1.jpg?w=530&amp;ssl=1 530w, https:\/\/i0.wp.com\/eltrabajo.cl\/portal\/wp-content\/uploads\/2016\/05\/Copa1-1.jpg?resize=200%2C132&amp;ssl=1 200w, https:\/\/i0.wp.com\/eltrabajo.cl\/portal\/wp-content\/uploads\/2016\/05\/Copa1-1.jpg?resize=300%2C198&amp;ssl=1 300w, https:\/\/i0.wp.com\/eltrabajo.cl\/portal\/wp-content\/uploads\/2016\/05\/Copa1-1.jpg?resize=227%2C150&amp;ssl=1 227w, https:\/\/i0.wp.com\/eltrabajo.cl\/portal\/wp-content\/uploads\/2016\/05\/Copa1-1.jpg?resize=400%2C264&amp;ssl=1 400w\" sizes=\"auto, (max-width: 530px) 100vw, 530px\" \/><\/a><figcaption id=\"caption-attachment-70126\" class=\"wp-caption-text\">COPA DIARIO EL TRABAJO.- Por este enorme trofeo en forma de copa pelear\u00e1n cientos de karatekas de m\u00e1s de 20 escuelas de Artes Marciales en agosto.<\/figcaption><\/figure>\n<figure id=\"attachment_70127\" aria-describedby=\"caption-attachment-70127\" style=\"width: 530px\" class=\"wp-caption alignleft\"><a href=\"http:\/\/www.eltrabajo.cl\/portal\/presentan-oficialmente-el-trofeo-principal-de-la-i-copa-diario-el-trabajo-2016\/copa2-6\/\" rel=\"attachment wp-att-70127\"><img data-recalc-dims=\"1\" loading=\"lazy\" decoding=\"async\" class=\"size-full wp-image-70127\" src=\"https:\/\/i0.wp.com\/www.eltrabajo.cl\/portal\/wp-content\/uploads\/2016\/05\/Copa2.jpg?resize=530%2C588\" alt=\"PADRE E HIJO.- Don Luis C\u00e1rcamo tiene m\u00e1s de 30 a\u00f1os de ser joyero y relojero, actualmente su hijo Rodrigo le acompa\u00f1a en su peque\u00f1a empresa.\" width=\"530\" height=\"588\" srcset=\"https:\/\/i0.wp.com\/eltrabajo.cl\/portal\/wp-content\/uploads\/2016\/05\/Copa2.jpg?w=530&amp;ssl=1 530w, https:\/\/i0.wp.com\/eltrabajo.cl\/portal\/wp-content\/uploads\/2016\/05\/Copa2.jpg?resize=135%2C150&amp;ssl=1 135w, https:\/\/i0.wp.com\/eltrabajo.cl\/portal\/wp-content\/uploads\/2016\/05\/Copa2.jpg?resize=270%2C300&amp;ssl=1 270w, https:\/\/i0.wp.com\/eltrabajo.cl\/portal\/wp-content\/uploads\/2016\/05\/Copa2.jpg?resize=400%2C444&amp;ssl=1 400w\" sizes=\"auto, (max-width: 530px) 100vw, 530px\" \/><\/a><figcaption id=\"caption-attachment-70127\" class=\"wp-caption-text\">PADRE E HIJO.- Don Luis C\u00e1rcamo tiene m\u00e1s de 30 a\u00f1os de ser joyero y relojero, actualmente su hijo Rodrigo le acompa\u00f1a en su peque\u00f1a empresa.<\/figcaption><\/figure>\n<figure id=\"attachment_70128\" aria-describedby=\"caption-attachment-70128\" style=\"width: 300px\" class=\"wp-caption alignleft\"><a href=\"http:\/\/www.eltrabajo.cl\/portal\/presentan-oficialmente-el-trofeo-principal-de-la-i-copa-diario-el-trabajo-2016\/marco-juri1\/\" rel=\"attachment wp-att-70128\"><img data-recalc-dims=\"1\" loading=\"lazy\" decoding=\"async\" class=\"size-medium wp-image-70128\" src=\"https:\/\/i0.wp.com\/www.eltrabajo.cl\/portal\/wp-content\/uploads\/2016\/05\/Marco-Juri1-300x197.jpg?resize=300%2C197\" alt=\"Marco Antonio Juri, periodista y Director Diario El Trabajo.\" width=\"300\" height=\"197\" srcset=\"https:\/\/i0.wp.com\/eltrabajo.cl\/portal\/wp-content\/uploads\/2016\/05\/Marco-Juri1.jpg?resize=300%2C197&amp;ssl=1 300w, https:\/\/i0.wp.com\/eltrabajo.cl\/portal\/wp-content\/uploads\/2016\/05\/Marco-Juri1.jpg?resize=200%2C131&amp;ssl=1 200w, https:\/\/i0.wp.com\/eltrabajo.cl\/portal\/wp-content\/uploads\/2016\/05\/Marco-Juri1.jpg?resize=228%2C150&amp;ssl=1 228w, https:\/\/i0.wp.com\/eltrabajo.cl\/portal\/wp-content\/uploads\/2016\/05\/Marco-Juri1.jpg?resize=400%2C263&amp;ssl=1 400w, https:\/\/i0.wp.com\/eltrabajo.cl\/portal\/wp-content\/uploads\/2016\/05\/Marco-Juri1.jpg?w=530&amp;ssl=1 530w\" sizes=\"auto, (max-width: 300px) 100vw, 300px\" \/><\/a><figcaption id=\"caption-attachment-70128\" class=\"wp-caption-text\">Marco Antonio Juri, periodista y Director Diario El Trabajo.<\/figcaption><\/figure>\n","protected":false},"excerpt":{"rendered":"<p>Champion nacional ser\u00e1 el 7 de agosto: La tarde de ayer martes fue presentada de manera oficial, el enorme trofeo que se estar\u00e1 entregando al karateka ganador de la primera versi\u00f3n de&#8230;<\/p>\n","protected":false},"author":1,"featured_media":70126,"comment_status":"open","ping_status":"open","sticky":false,"template":"","format":"standard","meta":{"advanced_seo_description":"","jetpack_seo_html_title":"","jetpack_seo_noindex":false,"_jetpack_memberships_contains_paid_content":false,"footnotes":""},"categories":[15],"tags":[],"class_list":["post-70124","post","type-post","status-publish","format-standard","has-post-thumbnail","hentry","category-comunidad"],"jetpack_featured_media_url":"https:\/\/i0.wp.com\/eltrabajo.cl\/portal\/wp-content\/uploads\/2016\/05\/Copa1-1.jpg?fit=530%2C350&ssl=1","jetpack_sharing_enabled":true,"jetpack_likes_enabled":true,"jetpack-related-posts":[],"_links":{"self":[{"href":"https:\/\/eltrabajo.cl\/portal\/wp-json\/wp\/v2\/posts\/70124","targetHints":{"allow":["GET"]}}],"collection":[{"href":"https:\/\/eltrabajo.cl\/portal\/wp-json\/wp\/v2\/posts"}],"about":[{"href":"https:\/\/eltrabajo.cl\/portal\/wp-json\/wp\/v2\/types\/post"}],"author":[{"embeddable":true,"href":"https:\/\/eltrabajo.cl\/portal\/wp-json\/wp\/v2\/users\/1"}],"replies":[{"embeddable":true,"href":"https:\/\/eltrabajo.cl\/portal\/wp-json\/wp\/v2\/comments?post=70124"}],"version-history":[{"count":0,"href":"https:\/\/eltrabajo.cl\/portal\/wp-json\/wp\/v2\/posts\/70124\/revisions"}],"wp:featuredmedia":[{"embeddable":true,"href":"https:\/\/eltrabajo.cl\/portal\/wp-json\/wp\/v2\/media\/70126"}],"wp:attachment":[{"href":"https:\/\/eltrabajo.cl\/portal\/wp-json\/wp\/v2\/media?parent=70124"}],"wp:term":[{"taxonomy":"category","embeddable":true,"href":"https:\/\/eltrabajo.cl\/portal\/wp-json\/wp\/v2\/categories?post=70124"},{"taxonomy":"post_tag","embeddable":true,"href":"https:\/\/eltrabajo.cl\/portal\/wp-json\/wp\/v2\/tags?post=70124"}],"curies":[{"name":"wp","href":"https:\/\/api.w.org\/{rel}","templated":true}]}}