{"id":70131,"date":"2016-05-25T09:10:13","date_gmt":"2016-05-25T13:10:13","guid":{"rendered":"http:\/\/www.eltrabajo.cl\/portal\/?p=70131"},"modified":"2016-05-25T09:10:13","modified_gmt":"2016-05-25T13:10:13","slug":"lo-condenan-por-intentar-asesinar-a-balazos-a-su-victima-en-la-via-publica","status":"publish","type":"post","link":"https:\/\/eltrabajo.cl\/portal\/lo-condenan-por-intentar-asesinar-a-balazos-a-su-victima-en-la-via-publica\/","title":{"rendered":"Lo condenan por intentar asesinar a balazos a su v\u00edctima en la v\u00eda p\u00fablica"},"content":{"rendered":"<ul>\n<li><strong>Antisocial arriesga hasta 9 a\u00f1os de c\u00e1rcel:\u00a0El pistolero fue detenido por un carabinero que esperaba locomoci\u00f3n colectiva cerca del Puente El Rey de San Felipe, quien logr\u00f3 reducir al delincuente de 19 a\u00f1os que hoy espera su sentencia.<\/strong><\/li>\n<\/ul>\n<p>Culpable de los delitos de Porte Ilegal de Arma de Fuego y Homicidio Frustrado, fue el veredicto en contra de Milko Dami\u00e1n Molina Gonz\u00e1lez de 19 a\u00f1os de edad, quien fue sometido a juicio tras haber disparado un rev\u00f3lver en contra de una persona, sin lograr herirlo, hecho que se suscit\u00f3 por rencillas anteriores, en el sector del Puente El Rey de San Felipe.<br \/>\nEl caso llevado a juicio por la Fiscal\u00eda, ocurri\u00f3 el 10 de abril de 2015, en circunstancias que el entonces imputado transitaba por las afueras del servicentro Shell, en la avenida Manso de Velasco en San Felipe, observando a la v\u00edctima con quien sostuvo un violento altercado por un presunto ajuste de cuentas.<br \/>\nEl Fiscal Julio Palacios, afirm\u00f3 a Diario El Trabajo que el acusado se retir\u00f3 del lugar para dirigirse hasta su vivienda y regresar movilizado en una moto con un arma de fuego, propinando al menos dos disparos en contra de la v\u00edctima a quien afortunadamente no logr\u00f3 herir.<br \/>\nEn esos momentos se encontraba un carabinero esperando locomoci\u00f3n colectiva para dirigirse hasta su lugar de trabajo en la Tenencia de Calle Larga.<br \/>\nEl uniformado, tras escuchar los disparos, intervino de inmediato, abalanz\u00e1ndose sobre el pistolero, quien intent\u00f3 adem\u00e1s herirlo con el arma de fuego, pero milagrosamente el proyectil no result\u00f3 percutado: \u201cEl carabinero logra reducir al imputado mientras otros transe\u00fantes llaman a la patrulla de Carabineros. Al ser esposado se logra recuperar un rev\u00f3lver calibre 32 con tres vainillas percutadas\u201d, dijo el Fiscal Julio Palacios.<br \/>\nEn aquel entonces, Molina, con antecedentes delictuales, fue formalizado en el Juzgado de Garant\u00eda de San Felipe, quedando sujeto a cautelares de arresto domiciliario total en su domicilio, pese a la gravedad de lo ocurrido. Sin embargo, meses m\u00e1s tarde Carabineros lo sorprendi\u00f3 en la v\u00eda p\u00fablica, siendo detenido y procesado en tribunales, quedando en prisi\u00f3n preventiva por incumplimiento de la resoluci\u00f3n judicial.<br \/>\nAl ser sometido a juicio este lunes, el Tribunal Oral en Lo Penal de San Felipe, resolvi\u00f3 considerarlo culpable de los dos delitos antes se\u00f1alados, pudiendo ser condenado a penas que podr\u00edan alcanzar los nueve a\u00f1os de c\u00e1rcel que persigue el Ministerio P\u00fablico.<br \/>\n\u201cEl imputado fue condenado por los delitos de Tenencia Ilegal de Arma de Fuego y por Homicidio Frustrado en contra de la v\u00edctima. Estamos persiguiendo que se condene al acusado a la pena de cuatro a\u00f1os por la posesi\u00f3n del rev\u00f3lver y cinco a\u00f1os por homicidio frustrado\u201d, precis\u00f3 el Fiscal Julio Palacios.<br \/>\nLa sentencia ser\u00e1 dada a conocer este viernes en la sala del Tribunal Oral en Lo Penal de San Felipe.<br \/>\n<strong>Pablo Salinas Sald\u00edas<\/strong><\/p>\n<figure id=\"attachment_70132\" aria-describedby=\"caption-attachment-70132\" style=\"width: 300px\" class=\"wp-caption alignleft\"><a href=\"http:\/\/www.eltrabajo.cl\/portal\/lo-condenan-por-intentar-asesinar-a-balazos-a-su-victima-en-la-via-publica\/mirko-molina-2\/\" rel=\"attachment wp-att-70132\"><img data-recalc-dims=\"1\" loading=\"lazy\" decoding=\"async\" class=\"size-medium wp-image-70132\" src=\"https:\/\/i0.wp.com\/www.eltrabajo.cl\/portal\/wp-content\/uploads\/2016\/05\/Mirko.-Molina-300x198.jpg?resize=300%2C198\" alt=\"Milko Molina Gonz\u00e1lez arriesga una larga estad\u00eda en la c\u00e1rcel por los delitos de Homicidio Frustrado y Porte Ilegal de Arma de Fuego.\" width=\"300\" height=\"198\" srcset=\"https:\/\/i0.wp.com\/eltrabajo.cl\/portal\/wp-content\/uploads\/2016\/05\/Mirko.-Molina.jpg?resize=300%2C198&amp;ssl=1 300w, https:\/\/i0.wp.com\/eltrabajo.cl\/portal\/wp-content\/uploads\/2016\/05\/Mirko.-Molina.jpg?resize=200%2C132&amp;ssl=1 200w, https:\/\/i0.wp.com\/eltrabajo.cl\/portal\/wp-content\/uploads\/2016\/05\/Mirko.-Molina.jpg?resize=228%2C150&amp;ssl=1 228w, https:\/\/i0.wp.com\/eltrabajo.cl\/portal\/wp-content\/uploads\/2016\/05\/Mirko.-Molina.jpg?resize=400%2C263&amp;ssl=1 400w, https:\/\/i0.wp.com\/eltrabajo.cl\/portal\/wp-content\/uploads\/2016\/05\/Mirko.-Molina.jpg?w=530&amp;ssl=1 530w\" sizes=\"auto, (max-width: 300px) 100vw, 300px\" \/><\/a><figcaption id=\"caption-attachment-70132\" class=\"wp-caption-text\">Milko Molina Gonz\u00e1lez arriesga una larga estad\u00eda en la c\u00e1rcel por los delitos de Homicidio Frustrado y Porte Ilegal de Arma de Fuego.<\/figcaption><\/figure>\n","protected":false},"excerpt":{"rendered":"<p>Antisocial arriesga hasta 9 a\u00f1os de c\u00e1rcel:\u00a0El pistolero fue detenido por un carabinero que esperaba locomoci\u00f3n colectiva cerca del Puente El Rey de San Felipe, quien logr\u00f3 reducir al delincuente de 19&#8230;<\/p>\n","protected":false},"author":1,"featured_media":70132,"comment_status":"open","ping_status":"open","sticky":false,"template":"","format":"standard","meta":{"advanced_seo_description":"","jetpack_seo_html_title":"","jetpack_seo_noindex":false,"_jetpack_memberships_contains_paid_content":false,"footnotes":""},"categories":[21],"tags":[],"class_list":["post-70131","post","type-post","status-publish","format-standard","has-post-thumbnail","hentry","category-policial"],"jetpack_featured_media_url":"https:\/\/i0.wp.com\/eltrabajo.cl\/portal\/wp-content\/uploads\/2016\/05\/Mirko.-Molina.jpg?fit=530%2C349&ssl=1","jetpack_sharing_enabled":true,"jetpack_likes_enabled":true,"jetpack-related-posts":[],"_links":{"self":[{"href":"https:\/\/eltrabajo.cl\/portal\/wp-json\/wp\/v2\/posts\/70131","targetHints":{"allow":["GET"]}}],"collection":[{"href":"https:\/\/eltrabajo.cl\/portal\/wp-json\/wp\/v2\/posts"}],"about":[{"href":"https:\/\/eltrabajo.cl\/portal\/wp-json\/wp\/v2\/types\/post"}],"author":[{"embeddable":true,"href":"https:\/\/eltrabajo.cl\/portal\/wp-json\/wp\/v2\/users\/1"}],"replies":[{"embeddable":true,"href":"https:\/\/eltrabajo.cl\/portal\/wp-json\/wp\/v2\/comments?post=70131"}],"version-history":[{"count":0,"href":"https:\/\/eltrabajo.cl\/portal\/wp-json\/wp\/v2\/posts\/70131\/revisions"}],"wp:featuredmedia":[{"embeddable":true,"href":"https:\/\/eltrabajo.cl\/portal\/wp-json\/wp\/v2\/media\/70132"}],"wp:attachment":[{"href":"https:\/\/eltrabajo.cl\/portal\/wp-json\/wp\/v2\/media?parent=70131"}],"wp:term":[{"taxonomy":"category","embeddable":true,"href":"https:\/\/eltrabajo.cl\/portal\/wp-json\/wp\/v2\/categories?post=70131"},{"taxonomy":"post_tag","embeddable":true,"href":"https:\/\/eltrabajo.cl\/portal\/wp-json\/wp\/v2\/tags?post=70131"}],"curies":[{"name":"wp","href":"https:\/\/api.w.org\/{rel}","templated":true}]}}