{"id":70135,"date":"2016-05-26T08:32:52","date_gmt":"2016-05-26T12:32:52","guid":{"rendered":"http:\/\/www.eltrabajo.cl\/portal\/?p=70135"},"modified":"2016-05-26T08:32:52","modified_gmt":"2016-05-26T12:32:52","slug":"ascensor-panoramico-en-municipio-comenzara-a-operar-proxima-semana","status":"publish","type":"post","link":"https:\/\/eltrabajo.cl\/portal\/ascensor-panoramico-en-municipio-comenzara-a-operar-proxima-semana\/","title":{"rendered":"Ascensor Panor\u00e1mico en municipio comenzar\u00e1 a operar pr\u00f3xima semana"},"content":{"rendered":"<ul>\n<li><strong>Inversi\u00f3n de 75 millones de pesos permitir\u00e1 acceso universal a las dependencias municipales:\u00a0Aparato elevador facilitar\u00e1 el desplazamiento e ingreso de adultos mayores y personas con movilidad reducida a la Municipalidad de San Felipe.<\/strong><\/li>\n<\/ul>\n<p>Dentro de la pr\u00f3xima semana, debiese comenzar a funcionar con normalidad el ascensor panor\u00e1mico de la Municipalidad de San Felipe, obra que permitir\u00e1 un mejor y mayor acceso a las personas con movilidad reducida y a los adultos mayores, a las distintas dependencias de la casa edilicia, que hasta hoy sufren la dificultad intr\u00ednseca que provocan las escaleras de ingreso al edificio.<br \/>\nLa noticia fue entregada por Claudio Paredes, Secretario de Planificaci\u00f3n Comunal, Secplac, del municipio sanfelipe\u00f1o, quien anunci\u00f3 que \u201cel ascensor ya est\u00e1 operativo, desde el punto de vista t\u00e9cnico, ya fue recepcionado de parte de la empresa Ascensores Chile y seguramente la pr\u00f3xima semana el alcalde Patricio Freire estar\u00e1 inaugurando de manera formal este proyecto\u201d, apunt\u00f3.<br \/>\n\u201cLo que faltaba como complemento al ascensor era su ingreso y como se dar\u00e1n cuenta, ac\u00e1 nos preocupamos de tener un acceso mucho m\u00e1s expedito para las personas que tienen alg\u00fan grado de discapacidad y tambi\u00e9n para el adulto mayor. Se hizo un radier, de manera de favorecer el desplazamiento de los vecinos y vecinas con alguna dificultad motriz\u201d, agreg\u00f3 el profesional.<br \/>\nDe acuerdo a lo descrito por Paredes, a la infraestructura -ubicada en el exterior de la parte posterior del edificio municipal- se construir\u00e1 una especie de mampara de aluminio, que servir\u00e1 para resguardarse de la lluvia, mientras se espera el ascensor en el primer nivel.<br \/>\nRespecto de la importancia que tiene para la administraci\u00f3n de Freire este tipo de construcciones, Paredes explic\u00f3 que \u201ccon esto vamos a cumplir con algo muy relevante, como es lograr un acceso universal para todos los vecinos y vecinas, que son usuarios de la municipalidad, que vienen a hacer sus tr\u00e1mites, que quieren realizar alguna gesti\u00f3n con el alcalde, los concejales o en alguna otra dependencia. Es un apoyo importante sobre todo para las personas de la tercera edad, que nos han felicitado por ser un municipio cada vez m\u00e1s inclusivo\u201d, destac\u00f3.<br \/>\nEs preciso consignar, que la inversi\u00f3n total de este proyecto alcanza los 75 millones de pesos y que en alg\u00fan momento la obra se vio retrasada por un problema de transporte que tuvo la empresa al momento de importar desde Europa parte de la infraestructura.<br \/>\nEl inicio del funcionamiento de este ascensor panor\u00e1mico, llega justo en el momento en que, el frontis de la casa edilicia est\u00e1 siendo remodelado, lo que obliga al p\u00fablico en general a transitar y acceder a las dependencias municipales por el sector de Tesorer\u00eda, donde la escalera es tan empinada como la existente en el acceso principal.<\/p>\n<figure id=\"attachment_70136\" aria-describedby=\"caption-attachment-70136\" style=\"width: 530px\" class=\"wp-caption alignleft\"><a href=\"http:\/\/www.eltrabajo.cl\/portal\/ascensor-panoramico-en-municipio-comenzara-a-operar-proxima-semana\/foto-2-ascensor\/\" rel=\"attachment wp-att-70136\"><img data-recalc-dims=\"1\" loading=\"lazy\" decoding=\"async\" class=\"size-full wp-image-70136\" src=\"https:\/\/i0.wp.com\/www.eltrabajo.cl\/portal\/wp-content\/uploads\/2016\/05\/Foto-2-ascensor.jpg?resize=530%2C349\" alt=\"En el acceso principal al ascensor se realiz\u00f3 un radier para nivelar el piso y facilitar el desplazamiento de personas de la tercera edad y con movilidad reducida.\" width=\"530\" height=\"349\" srcset=\"https:\/\/i0.wp.com\/eltrabajo.cl\/portal\/wp-content\/uploads\/2016\/05\/Foto-2-ascensor.jpg?w=530&amp;ssl=1 530w, https:\/\/i0.wp.com\/eltrabajo.cl\/portal\/wp-content\/uploads\/2016\/05\/Foto-2-ascensor.jpg?resize=200%2C132&amp;ssl=1 200w, https:\/\/i0.wp.com\/eltrabajo.cl\/portal\/wp-content\/uploads\/2016\/05\/Foto-2-ascensor.jpg?resize=300%2C198&amp;ssl=1 300w, https:\/\/i0.wp.com\/eltrabajo.cl\/portal\/wp-content\/uploads\/2016\/05\/Foto-2-ascensor.jpg?resize=228%2C150&amp;ssl=1 228w, https:\/\/i0.wp.com\/eltrabajo.cl\/portal\/wp-content\/uploads\/2016\/05\/Foto-2-ascensor.jpg?resize=400%2C263&amp;ssl=1 400w\" sizes=\"auto, (max-width: 530px) 100vw, 530px\" \/><\/a><figcaption id=\"caption-attachment-70136\" class=\"wp-caption-text\">En el acceso principal al ascensor se realiz\u00f3 un radier para nivelar el piso y facilitar el desplazamiento de personas de la tercera edad y con movilidad reducida.<\/figcaption><\/figure>\n","protected":false},"excerpt":{"rendered":"<p>Inversi\u00f3n de 75 millones de pesos permitir\u00e1 acceso universal a las dependencias municipales:\u00a0Aparato elevador facilitar\u00e1 el desplazamiento e ingreso de adultos mayores y personas con movilidad reducida a la Municipalidad de San&#8230;<\/p>\n","protected":false},"author":1,"featured_media":70136,"comment_status":"open","ping_status":"open","sticky":false,"template":"","format":"standard","meta":{"advanced_seo_description":"","jetpack_seo_html_title":"","jetpack_seo_noindex":false,"_jetpack_memberships_contains_paid_content":false,"footnotes":""},"categories":[1],"tags":[],"class_list":["post-70135","post","type-post","status-publish","format-standard","has-post-thumbnail","hentry","category-cronica"],"jetpack_featured_media_url":"https:\/\/i0.wp.com\/eltrabajo.cl\/portal\/wp-content\/uploads\/2016\/05\/Foto-2-ascensor.jpg?fit=530%2C349&ssl=1","jetpack_sharing_enabled":true,"jetpack_likes_enabled":true,"jetpack-related-posts":[],"_links":{"self":[{"href":"https:\/\/eltrabajo.cl\/portal\/wp-json\/wp\/v2\/posts\/70135","targetHints":{"allow":["GET"]}}],"collection":[{"href":"https:\/\/eltrabajo.cl\/portal\/wp-json\/wp\/v2\/posts"}],"about":[{"href":"https:\/\/eltrabajo.cl\/portal\/wp-json\/wp\/v2\/types\/post"}],"author":[{"embeddable":true,"href":"https:\/\/eltrabajo.cl\/portal\/wp-json\/wp\/v2\/users\/1"}],"replies":[{"embeddable":true,"href":"https:\/\/eltrabajo.cl\/portal\/wp-json\/wp\/v2\/comments?post=70135"}],"version-history":[{"count":0,"href":"https:\/\/eltrabajo.cl\/portal\/wp-json\/wp\/v2\/posts\/70135\/revisions"}],"wp:featuredmedia":[{"embeddable":true,"href":"https:\/\/eltrabajo.cl\/portal\/wp-json\/wp\/v2\/media\/70136"}],"wp:attachment":[{"href":"https:\/\/eltrabajo.cl\/portal\/wp-json\/wp\/v2\/media?parent=70135"}],"wp:term":[{"taxonomy":"category","embeddable":true,"href":"https:\/\/eltrabajo.cl\/portal\/wp-json\/wp\/v2\/categories?post=70135"},{"taxonomy":"post_tag","embeddable":true,"href":"https:\/\/eltrabajo.cl\/portal\/wp-json\/wp\/v2\/tags?post=70135"}],"curies":[{"name":"wp","href":"https:\/\/api.w.org\/{rel}","templated":true}]}}