{"id":70139,"date":"2016-05-26T08:36:09","date_gmt":"2016-05-26T12:36:09","guid":{"rendered":"http:\/\/www.eltrabajo.cl\/portal\/?p=70139"},"modified":"2016-05-26T08:36:10","modified_gmt":"2016-05-26T12:36:10","slug":"andinos-podran-restituir-sus-piezas-dentales-con-protesis-e-implantes","status":"publish","type":"post","link":"https:\/\/eltrabajo.cl\/portal\/andinos-podran-restituir-sus-piezas-dentales-con-protesis-e-implantes\/","title":{"rendered":"Andinos podr\u00e1n restituir sus piezas dentales con pr\u00f3tesis e implantes"},"content":{"rendered":"<p><strong>LOS ANDES.-<\/strong> A partir de este a\u00f1o, el Fondo Nacional de Salud (Fonasa), incorpor\u00f3 los implantes dentales dentro de la canasta de prestaciones que financia a los hospitales p\u00fablicos, situaci\u00f3n que beneficia a las personas adheridas al seguro p\u00fablico de salud y que cumplen requisitos muy espec\u00edficos para acceder a esta prestaci\u00f3n. En este contexto, el Hospital San Juan de Dios de Los Andes tiene el desaf\u00edo de atender a 120 pacientes este a\u00f1o, quienes ya se encuentran en una lista de preselecci\u00f3n elaborada por el equipo de la Unidad Dental del establecimiento.<br \/>\nEl director del Hosla, Jimmy Walker, se\u00f1al\u00f3 que se trata de un programa innovador mediante el cual Fonasa cancelar\u00e1, por modalidad de prestaciones valoradas, los tratamientos para las personas que ser\u00e1n atendidas en el establecimiento de salud. \u00abEste es una gran noticia del Gobierno y la gesti\u00f3n del Ministerio de Salud, quienes han dado impulso a este programa que permitir\u00e1 mejorar la calidad de vida, la autoestima y la sonrisa de personas que, dada su condici\u00f3n socioecon\u00f3mica, no pueden acceder a pagar estos implantes en el sector privado\u00bb, indic\u00f3 Walker.<br \/>\nSobre este punto, el director se\u00f1al\u00f3, que las personas seleccionadas corresponden a beneficiarios de Fonasa, mayores de 60 a\u00f1os a 75 a\u00f1os y que no tienen piezas dentales en su mand\u00edbula. Cada uno de ellos ser\u00e1 rehabilitado con pr\u00f3tesis acr\u00edlica removible, m\u00e1s dos implantes dentales (sistema sobre dentadura)<br \/>\nEn tanto, el jefe de la Unidad Dental del Hospital de Los Andes, Dr. \u00c1ngel Men\u00e9ndez indic\u00f3, que el equipo que trabajar\u00e1 en este programa espera comenzar a atender a los pacientes apenas inicie el segundo semestre, raz\u00f3n por la cual, ya cuentan con el listado de 120 personas de todo el Valle del Aconcagua que cumplen con los requisitos para acceder a este programa.<br \/>\n\u00abTenemos seleccionados a los pacientes que obtendr\u00e1n estas prestaciones y con ellos ya nos contactamos para informales que est\u00e1n incluidos en este programa. Estamos tambi\u00e9n a la espera que se cierre la licitaci\u00f3n p\u00fablica mediante la cual se est\u00e1n adquiriendo las pr\u00f3tesis y los implantes, por lo que confiamos que prontamente comenzaremos a atender a estas personas\u00bb, indic\u00f3 el odont\u00f3logo.<br \/>\nCabe se\u00f1alar, que el Hosla fue uno de los hospitales pioneros en esta materia, ya que desde el a\u00f1o 2011 realiza implantes dentales gratuitos a personas que los requieren, gracias a un convenio con Rotary Club de Los Andes, y por el cual fue posible rehabilitar a 196 pacientes entre ese a\u00f1o y el 2014.<\/p>\n<figure id=\"attachment_70142\" aria-describedby=\"caption-attachment-70142\" style=\"width: 530px\" class=\"wp-caption alignleft\"><a href=\"http:\/\/www.eltrabajo.cl\/portal\/andinos-podran-restituir-sus-piezas-dentales-con-protesis-e-implantes\/implantes-dentales\/\" rel=\"attachment wp-att-70142\"><img data-recalc-dims=\"1\" loading=\"lazy\" decoding=\"async\" class=\"size-full wp-image-70142\" src=\"https:\/\/i0.wp.com\/www.eltrabajo.cl\/portal\/wp-content\/uploads\/2016\/05\/implantes-dentales.jpg?resize=530%2C348\" alt=\"Mayores de 60 a\u00f1os a 75 a\u00f1os, y que no tienen piezas dentales en su mand\u00edbula. Cada uno de ellos ser\u00e1 rehabilitado con pr\u00f3tesis acr\u00edlica removible, m\u00e1s dos implantes dentales\" width=\"530\" height=\"348\" srcset=\"https:\/\/i0.wp.com\/eltrabajo.cl\/portal\/wp-content\/uploads\/2016\/05\/implantes-dentales.jpg?w=530&amp;ssl=1 530w, https:\/\/i0.wp.com\/eltrabajo.cl\/portal\/wp-content\/uploads\/2016\/05\/implantes-dentales.jpg?resize=200%2C131&amp;ssl=1 200w, https:\/\/i0.wp.com\/eltrabajo.cl\/portal\/wp-content\/uploads\/2016\/05\/implantes-dentales.jpg?resize=300%2C197&amp;ssl=1 300w, https:\/\/i0.wp.com\/eltrabajo.cl\/portal\/wp-content\/uploads\/2016\/05\/implantes-dentales.jpg?resize=228%2C150&amp;ssl=1 228w, https:\/\/i0.wp.com\/eltrabajo.cl\/portal\/wp-content\/uploads\/2016\/05\/implantes-dentales.jpg?resize=400%2C263&amp;ssl=1 400w\" sizes=\"auto, (max-width: 530px) 100vw, 530px\" \/><\/a><figcaption id=\"caption-attachment-70142\" class=\"wp-caption-text\">Mayores de 60 a\u00f1os a 75 a\u00f1os, y que no tienen piezas dentales en su mand\u00edbula. Cada uno de ellos ser\u00e1 rehabilitado con pr\u00f3tesis acr\u00edlica removible, m\u00e1s dos implantes dentales<\/figcaption><\/figure>\n<figure id=\"attachment_70141\" aria-describedby=\"caption-attachment-70141\" style=\"width: 530px\" class=\"wp-caption alignleft\"><a href=\"http:\/\/www.eltrabajo.cl\/portal\/andinos-podran-restituir-sus-piezas-dentales-con-protesis-e-implantes\/equipo-de-implantes-dentales-del-hosla-2\/\" rel=\"attachment wp-att-70141\"><img data-recalc-dims=\"1\" loading=\"lazy\" decoding=\"async\" class=\"size-full wp-image-70141\" src=\"https:\/\/i0.wp.com\/www.eltrabajo.cl\/portal\/wp-content\/uploads\/2016\/05\/equipo-de-implantes-dentales-del-HOSLA-2.jpg?resize=530%2C348\" alt=\"El equipo que trabajar\u00e1 en este programa espera comenzar a atender a los pacientes apenas inicie el segundo semestre, y ya cuentan con el listado de 120 personas que cumplen con los requisitos para acceder a este beneficio. \" width=\"530\" height=\"348\" srcset=\"https:\/\/i0.wp.com\/eltrabajo.cl\/portal\/wp-content\/uploads\/2016\/05\/equipo-de-implantes-dentales-del-HOSLA-2.jpg?w=530&amp;ssl=1 530w, https:\/\/i0.wp.com\/eltrabajo.cl\/portal\/wp-content\/uploads\/2016\/05\/equipo-de-implantes-dentales-del-HOSLA-2.jpg?resize=200%2C131&amp;ssl=1 200w, https:\/\/i0.wp.com\/eltrabajo.cl\/portal\/wp-content\/uploads\/2016\/05\/equipo-de-implantes-dentales-del-HOSLA-2.jpg?resize=300%2C197&amp;ssl=1 300w, https:\/\/i0.wp.com\/eltrabajo.cl\/portal\/wp-content\/uploads\/2016\/05\/equipo-de-implantes-dentales-del-HOSLA-2.jpg?resize=228%2C150&amp;ssl=1 228w, https:\/\/i0.wp.com\/eltrabajo.cl\/portal\/wp-content\/uploads\/2016\/05\/equipo-de-implantes-dentales-del-HOSLA-2.jpg?resize=400%2C263&amp;ssl=1 400w\" sizes=\"auto, (max-width: 530px) 100vw, 530px\" \/><\/a><figcaption id=\"caption-attachment-70141\" class=\"wp-caption-text\">El equipo que trabajar\u00e1 en este programa espera comenzar a atender a los pacientes apenas inicie el segundo semestre, y ya cuentan con el listado de 120 personas que cumplen con los requisitos para acceder a este beneficio.<\/figcaption><\/figure>\n","protected":false},"excerpt":{"rendered":"<p>LOS ANDES.- A partir de este a\u00f1o, el Fondo Nacional de Salud (Fonasa), incorpor\u00f3 los implantes dentales dentro de la canasta de prestaciones que financia a los hospitales p\u00fablicos, situaci\u00f3n que beneficia&#8230;<\/p>\n","protected":false},"author":1,"featured_media":70142,"comment_status":"open","ping_status":"open","sticky":false,"template":"","format":"standard","meta":{"advanced_seo_description":"","jetpack_seo_html_title":"","jetpack_seo_noindex":false,"_jetpack_memberships_contains_paid_content":false,"footnotes":""},"categories":[1],"tags":[],"class_list":["post-70139","post","type-post","status-publish","format-standard","has-post-thumbnail","hentry","category-cronica"],"jetpack_featured_media_url":"https:\/\/i0.wp.com\/eltrabajo.cl\/portal\/wp-content\/uploads\/2016\/05\/implantes-dentales.jpg?fit=530%2C348&ssl=1","jetpack_sharing_enabled":true,"jetpack_likes_enabled":true,"jetpack-related-posts":[],"_links":{"self":[{"href":"https:\/\/eltrabajo.cl\/portal\/wp-json\/wp\/v2\/posts\/70139","targetHints":{"allow":["GET"]}}],"collection":[{"href":"https:\/\/eltrabajo.cl\/portal\/wp-json\/wp\/v2\/posts"}],"about":[{"href":"https:\/\/eltrabajo.cl\/portal\/wp-json\/wp\/v2\/types\/post"}],"author":[{"embeddable":true,"href":"https:\/\/eltrabajo.cl\/portal\/wp-json\/wp\/v2\/users\/1"}],"replies":[{"embeddable":true,"href":"https:\/\/eltrabajo.cl\/portal\/wp-json\/wp\/v2\/comments?post=70139"}],"version-history":[{"count":0,"href":"https:\/\/eltrabajo.cl\/portal\/wp-json\/wp\/v2\/posts\/70139\/revisions"}],"wp:featuredmedia":[{"embeddable":true,"href":"https:\/\/eltrabajo.cl\/portal\/wp-json\/wp\/v2\/media\/70142"}],"wp:attachment":[{"href":"https:\/\/eltrabajo.cl\/portal\/wp-json\/wp\/v2\/media?parent=70139"}],"wp:term":[{"taxonomy":"category","embeddable":true,"href":"https:\/\/eltrabajo.cl\/portal\/wp-json\/wp\/v2\/categories?post=70139"},{"taxonomy":"post_tag","embeddable":true,"href":"https:\/\/eltrabajo.cl\/portal\/wp-json\/wp\/v2\/tags?post=70139"}],"curies":[{"name":"wp","href":"https:\/\/api.w.org\/{rel}","templated":true}]}}