{"id":70145,"date":"2016-05-26T08:39:27","date_gmt":"2016-05-26T12:39:27","guid":{"rendered":"http:\/\/www.eltrabajo.cl\/portal\/?p=70145"},"modified":"2016-05-26T08:39:28","modified_gmt":"2016-05-26T12:39:28","slug":"semana-de-la-educacion-artistica-fue-inaugurada-ayer-en-sector-el-asiento","status":"publish","type":"post","link":"https:\/\/eltrabajo.cl\/portal\/semana-de-la-educacion-artistica-fue-inaugurada-ayer-en-sector-el-asiento\/","title":{"rendered":"Semana de la Educaci\u00f3n Art\u00edstica fue inaugurada ayer en sector El Asiento"},"content":{"rendered":"<p>Ayer mi\u00e9rcoles se realiz\u00f3 en la Escuela Jos\u00e9 Bernardo Su\u00e1rez, de El Asiento, la Semana de la Educaci\u00f3n Art\u00edstica, actividad que cont\u00f3 con la presencia de la Seremi de Cultura N\u00e9lida Pozo Kudo; el gobernador de San Felipe Eduardo Le\u00f3n Lazcano; Iv\u00e1n Silva Padilla director Daem; la directora de la escuela Sandra Lucero e Ingrid Garate N\u00fa\u00f1ez, presidente del centro de padres, estudiantes, docentes, apoderados, asistentes de educaci\u00f3n e invitados especiales.<br \/>\nMientras que la Seremi Pozo, agradeci\u00f3 la invitaci\u00f3n expresando tambi\u00e9n su alegr\u00eda porque se realiz\u00f3 esta fiesta en una escuela rural, inst\u00f3 a los presentes a seguir trabajando por la cultura y las artes que desarrollan habilidades en las personas y especialmente en los ni\u00f1os.<br \/>\nEl gobernador en cambio, se comprometi\u00f3 con el establecimiento en generar apoyos para seguir trabajando e incentivando el desarrollo de distintas a\u00e9reas en el tema art\u00edstico cultural, a su vez la directora Sandra Lucero hizo menci\u00f3n en que \u00aben esta actividad pretendemos poner en valor la creatividad; la creaci\u00f3n; la expresi\u00f3n y participaci\u00f3n de nuestros estudiantes, relevando el aporte que en el proceso educativo hacen las artes en todas sus manifestaciones, en esta vocaci\u00f3n transformadora es que estamos empe\u00f1ados, superando en conjunto los contextos adversos y complejos propios de nuestra condici\u00f3n de escuela rural, cuyos espacios y condiciones de trabajo hace un tiempo han sido superados por la creciente matricula, sin embargo nos exige mejoras en infraestructura y condiciones, en cuya superaci\u00f3n nos encontramos siempre trabajando\u00bb, explic\u00f3 Lucero a Diario El Trabajo.<\/p>\n<p><strong>SUS LOGROS Y\u00a0TRAYECTORIA<\/strong><br \/>\nEsta escuela, en 2014 logr\u00f3 el primer lugar de la Fiesta de la Primavera en San Felipe, en 2015 sus estudiantes del taller de artes participan en el concurso de Explora Conicyt y el Museo Artequ\u00edn de Vi\u00f1a del Mar Los colores de la luz\u2019, en la cual\u00a0la estudiante Sof\u00eda Castillo, recibi\u00f3 el segundo lugar regional y la impresi\u00f3n de su trabajo en el calendario anual de Conicyt.<br \/>\nTambi\u00e9n el a\u00f1o pasado esta casa de estudios obtuvo un fondo de iniciativas art\u00edsticas estudiantiles, del Consejo de la Cultura, para el fortalecimiento del elenco carnaval y taller de artes.<br \/>\nActualmente esta escuela, cuenta con talleres de Teatro preb\u00e1sica; de Folklore; de Artes textiles; de arte; de M\u00fasica y de banda instrumental, por todo lo anterior es que esta escuela ubicada en un rinc\u00f3n de nuestro Valle Aconcagua, ha querido acoger esta celebraci\u00f3n, como una se\u00f1al de que a pesar de las condiciones adversas, el arte y su ense\u00f1anza se encuentra presente en cada uno de sus protagonistas como un derecho b\u00e1sico de nuestra humana condici\u00f3n. Esta actividad fue organizada por el Taller de Arte y Carnaval a cargo de la profesora Lorena V\u00e9liz.<br \/>\n<strong>Roberto Gonz\u00e1lez Short<\/strong><br \/>\n<strong>rgonzalez@eltrabajo.cl<\/strong><\/p>\n<figure id=\"attachment_70146\" aria-describedby=\"caption-attachment-70146\" style=\"width: 530px\" class=\"wp-caption alignleft\"><a href=\"http:\/\/www.eltrabajo.cl\/portal\/semana-de-la-educacion-artistica-fue-inaugurada-ayer-en-sector-el-asiento\/asiento1-13\/\" rel=\"attachment wp-att-70146\"><img data-recalc-dims=\"1\" loading=\"lazy\" decoding=\"async\" class=\"size-full wp-image-70146\" src=\"https:\/\/i0.wp.com\/www.eltrabajo.cl\/portal\/wp-content\/uploads\/2016\/05\/Asiento1.jpg?resize=530%2C350\" alt=\"PEQUE\u00d1AS HADAS.- Estas peque\u00f1itas son parte del tesoro humano del que dispone esta escuela sanfelipe\u00f1a municipalizada.\" width=\"530\" height=\"350\" srcset=\"https:\/\/i0.wp.com\/eltrabajo.cl\/portal\/wp-content\/uploads\/2016\/05\/Asiento1.jpg?w=530&amp;ssl=1 530w, https:\/\/i0.wp.com\/eltrabajo.cl\/portal\/wp-content\/uploads\/2016\/05\/Asiento1.jpg?resize=200%2C132&amp;ssl=1 200w, https:\/\/i0.wp.com\/eltrabajo.cl\/portal\/wp-content\/uploads\/2016\/05\/Asiento1.jpg?resize=300%2C198&amp;ssl=1 300w, https:\/\/i0.wp.com\/eltrabajo.cl\/portal\/wp-content\/uploads\/2016\/05\/Asiento1.jpg?resize=227%2C150&amp;ssl=1 227w, https:\/\/i0.wp.com\/eltrabajo.cl\/portal\/wp-content\/uploads\/2016\/05\/Asiento1.jpg?resize=400%2C264&amp;ssl=1 400w\" sizes=\"auto, (max-width: 530px) 100vw, 530px\" \/><\/a><figcaption id=\"caption-attachment-70146\" class=\"wp-caption-text\">PEQUE\u00d1AS HADAS.- Estas peque\u00f1itas son parte del tesoro humano del que dispone esta escuela sanfelipe\u00f1a municipalizada.<\/figcaption><\/figure>\n<figure id=\"attachment_70147\" aria-describedby=\"caption-attachment-70147\" style=\"width: 528px\" class=\"wp-caption alignleft\"><a href=\"http:\/\/www.eltrabajo.cl\/portal\/semana-de-la-educacion-artistica-fue-inaugurada-ayer-en-sector-el-asiento\/asiento2-4\/\" rel=\"attachment wp-att-70147\"><img data-recalc-dims=\"1\" loading=\"lazy\" decoding=\"async\" class=\"size-full wp-image-70147\" src=\"https:\/\/i0.wp.com\/www.eltrabajo.cl\/portal\/wp-content\/uploads\/2016\/05\/Asiento2.jpg?resize=528%2C350\" alt=\"VIVA EL ARTE.- Actualmente esta escuela cuenta con talleres de Teatro preb\u00e1sica; de Folklore; de Artes textiles; de arte; de M\u00fasica y de banda instrumental.\" width=\"528\" height=\"350\" srcset=\"https:\/\/i0.wp.com\/eltrabajo.cl\/portal\/wp-content\/uploads\/2016\/05\/Asiento2.jpg?w=528&amp;ssl=1 528w, https:\/\/i0.wp.com\/eltrabajo.cl\/portal\/wp-content\/uploads\/2016\/05\/Asiento2.jpg?resize=200%2C133&amp;ssl=1 200w, https:\/\/i0.wp.com\/eltrabajo.cl\/portal\/wp-content\/uploads\/2016\/05\/Asiento2.jpg?resize=300%2C199&amp;ssl=1 300w, https:\/\/i0.wp.com\/eltrabajo.cl\/portal\/wp-content\/uploads\/2016\/05\/Asiento2.jpg?resize=226%2C150&amp;ssl=1 226w, https:\/\/i0.wp.com\/eltrabajo.cl\/portal\/wp-content\/uploads\/2016\/05\/Asiento2.jpg?resize=400%2C265&amp;ssl=1 400w\" sizes=\"auto, (max-width: 528px) 100vw, 528px\" \/><\/a><figcaption id=\"caption-attachment-70147\" class=\"wp-caption-text\">VIVA EL ARTE.- Actualmente esta escuela cuenta con talleres de Teatro preb\u00e1sica; de Folklore; de Artes textiles; de arte; de M\u00fasica y de banda instrumental.<\/figcaption><\/figure>\n<figure id=\"attachment_70148\" aria-describedby=\"caption-attachment-70148\" style=\"width: 530px\" class=\"wp-caption alignleft\"><a href=\"http:\/\/www.eltrabajo.cl\/portal\/semana-de-la-educacion-artistica-fue-inaugurada-ayer-en-sector-el-asiento\/asiento3-3\/\" rel=\"attachment wp-att-70148\"><img data-recalc-dims=\"1\" loading=\"lazy\" decoding=\"async\" class=\"size-full wp-image-70148\" src=\"https:\/\/i0.wp.com\/www.eltrabajo.cl\/portal\/wp-content\/uploads\/2016\/05\/Asiento3.jpg?resize=530%2C350\" alt=\"INVITADA ESPECIAL.- La Seremi de Cultura N\u00e9lida Pozo Kudo, Sandra Lucero de la escuela local y la presidente del centro de padres, posan para las c\u00e1maras de Diario El Trabajo.\" width=\"530\" height=\"350\" srcset=\"https:\/\/i0.wp.com\/eltrabajo.cl\/portal\/wp-content\/uploads\/2016\/05\/Asiento3.jpg?w=530&amp;ssl=1 530w, https:\/\/i0.wp.com\/eltrabajo.cl\/portal\/wp-content\/uploads\/2016\/05\/Asiento3.jpg?resize=200%2C132&amp;ssl=1 200w, https:\/\/i0.wp.com\/eltrabajo.cl\/portal\/wp-content\/uploads\/2016\/05\/Asiento3.jpg?resize=300%2C198&amp;ssl=1 300w, https:\/\/i0.wp.com\/eltrabajo.cl\/portal\/wp-content\/uploads\/2016\/05\/Asiento3.jpg?resize=227%2C150&amp;ssl=1 227w, https:\/\/i0.wp.com\/eltrabajo.cl\/portal\/wp-content\/uploads\/2016\/05\/Asiento3.jpg?resize=400%2C264&amp;ssl=1 400w\" sizes=\"auto, (max-width: 530px) 100vw, 530px\" \/><\/a><figcaption id=\"caption-attachment-70148\" class=\"wp-caption-text\">INVITADA ESPECIAL.- La Seremi de Cultura N\u00e9lida Pozo Kudo, Sandra Lucero de la escuela local y la presidente del centro de padres, posan para las c\u00e1maras de Diario El Trabajo.<\/figcaption><\/figure>\n","protected":false},"excerpt":{"rendered":"<p>Ayer mi\u00e9rcoles se realiz\u00f3 en la Escuela Jos\u00e9 Bernardo Su\u00e1rez, de El Asiento, la Semana de la Educaci\u00f3n Art\u00edstica, actividad que cont\u00f3 con la presencia de la Seremi de Cultura N\u00e9lida Pozo&#8230;<\/p>\n","protected":false},"author":1,"featured_media":70147,"comment_status":"open","ping_status":"open","sticky":false,"template":"","format":"standard","meta":{"advanced_seo_description":"","jetpack_seo_html_title":"","jetpack_seo_noindex":false,"_jetpack_memberships_contains_paid_content":false,"footnotes":""},"categories":[15],"tags":[],"class_list":["post-70145","post","type-post","status-publish","format-standard","has-post-thumbnail","hentry","category-comunidad"],"jetpack_featured_media_url":"https:\/\/i0.wp.com\/eltrabajo.cl\/portal\/wp-content\/uploads\/2016\/05\/Asiento2.jpg?fit=528%2C350&ssl=1","jetpack_sharing_enabled":true,"jetpack_likes_enabled":true,"jetpack-related-posts":[],"_links":{"self":[{"href":"https:\/\/eltrabajo.cl\/portal\/wp-json\/wp\/v2\/posts\/70145","targetHints":{"allow":["GET"]}}],"collection":[{"href":"https:\/\/eltrabajo.cl\/portal\/wp-json\/wp\/v2\/posts"}],"about":[{"href":"https:\/\/eltrabajo.cl\/portal\/wp-json\/wp\/v2\/types\/post"}],"author":[{"embeddable":true,"href":"https:\/\/eltrabajo.cl\/portal\/wp-json\/wp\/v2\/users\/1"}],"replies":[{"embeddable":true,"href":"https:\/\/eltrabajo.cl\/portal\/wp-json\/wp\/v2\/comments?post=70145"}],"version-history":[{"count":0,"href":"https:\/\/eltrabajo.cl\/portal\/wp-json\/wp\/v2\/posts\/70145\/revisions"}],"wp:featuredmedia":[{"embeddable":true,"href":"https:\/\/eltrabajo.cl\/portal\/wp-json\/wp\/v2\/media\/70147"}],"wp:attachment":[{"href":"https:\/\/eltrabajo.cl\/portal\/wp-json\/wp\/v2\/media?parent=70145"}],"wp:term":[{"taxonomy":"category","embeddable":true,"href":"https:\/\/eltrabajo.cl\/portal\/wp-json\/wp\/v2\/categories?post=70145"},{"taxonomy":"post_tag","embeddable":true,"href":"https:\/\/eltrabajo.cl\/portal\/wp-json\/wp\/v2\/tags?post=70145"}],"curies":[{"name":"wp","href":"https:\/\/api.w.org\/{rel}","templated":true}]}}