{"id":70151,"date":"2016-05-26T08:41:08","date_gmt":"2016-05-26T12:41:08","guid":{"rendered":"http:\/\/www.eltrabajo.cl\/portal\/?p=70151"},"modified":"2016-05-26T08:41:08","modified_gmt":"2016-05-26T12:41:08","slug":"el-proximo-3-de-junio-se-inicia-el-juicio-por-muerte-de-relator-javier-munoz","status":"publish","type":"post","link":"https:\/\/eltrabajo.cl\/portal\/el-proximo-3-de-junio-se-inicia-el-juicio-por-muerte-de-relator-javier-munoz\/","title":{"rendered":"El pr\u00f3ximo 3 de junio se inicia el juicio por muerte de relator Javier Mu\u00f1oz"},"content":{"rendered":"<p>A partir de las 09:00 horas del pr\u00f3ximo 3 de junio, el Tribunal Oral en Lo Penal dar\u00e1 inicio al juicio oral tras la muerte del conocido relator deportivo Javier Mu\u00f1oz Delgado, cuyo imputado Diego Vera Pizarro, ser\u00e1 procesado judicialmente por el delito de Conducci\u00f3n en Estado de Ebriedad con Resultado de Muerte, quien actualmente permanece en prisi\u00f3n preventiva.<br \/>\nEl acusado podr\u00eda enfrentar una condena de hasta cinco a\u00f1os de presidio menor en su grado m\u00e1ximo, considerando que la \u2018Ley Emilia\u2019 obliga al menos un a\u00f1o de presidio efectivo para este tipo de delitos tras su modificaci\u00f3n. En este sentido, el pr\u00f3ximo mes de septiembre Vera Pizarro cumplir\u00eda reci\u00e9n un a\u00f1o privado de libertad y posteriormente al ser sentenciado, podr\u00eda cumplir la pena en libertad, seg\u00fan lo que podr\u00edan resolver los jueces de este Tribunal.<br \/>\nEste esperado proceso judicial, debatir\u00e1 los hechos ocurridos el 29 de agosto de 2015, cuando Javier Mu\u00f1oz conduc\u00eda su veh\u00edculo por la ruta 60 CH a eso de las 03:00 horas de la madrugada, siendo impactado por el veh\u00edculo conducido por Diego Esteban Vera Pizarro, que comandaba su m\u00f3vil en estado de ebriedad traspasando el eje de la calzada a m\u00e1s de 150 kil\u00f3metros por hora, estrell\u00e1ndose violentamente contra el veh\u00edculo donde viajaba Javier, quedando ambos m\u00f3viles pr\u00e1cticamente desintegrados producto del violento choque.<br \/>\nDesafortunadamente Javier Mu\u00f1oz perdi\u00f3 la vida de manera casi instant\u00e1nea, a ra\u00edz de este tr\u00e1gico accidente, mientras que el imputado salv\u00f3 ileso.<br \/>\n<strong>Pablo Salinas Sald\u00edas<\/strong><\/p>\n<figure id=\"attachment_70152\" aria-describedby=\"caption-attachment-70152\" style=\"width: 530px\" class=\"wp-caption alignleft\"><a href=\"http:\/\/www.eltrabajo.cl\/portal\/el-proximo-3-de-junio-se-inicia-el-juicio-por-muerte-de-relator-javier-munoz\/javier-munoz-7\/\" rel=\"attachment wp-att-70152\"><img data-recalc-dims=\"1\" loading=\"lazy\" decoding=\"async\" class=\"size-full wp-image-70152\" src=\"https:\/\/i0.wp.com\/www.eltrabajo.cl\/portal\/wp-content\/uploads\/2016\/05\/JAVIER-MU%C3%91OZ.jpg?resize=530%2C350\" alt=\"Javier Mu\u00f1oz Delgado, destacado relator deportivo en el canal CDF, falleci\u00f3 el 29 de agosto de 2015.\" width=\"530\" height=\"350\" srcset=\"https:\/\/i0.wp.com\/eltrabajo.cl\/portal\/wp-content\/uploads\/2016\/05\/JAVIER-MU%C3%91OZ.jpg?w=530&amp;ssl=1 530w, https:\/\/i0.wp.com\/eltrabajo.cl\/portal\/wp-content\/uploads\/2016\/05\/JAVIER-MU%C3%91OZ.jpg?resize=200%2C132&amp;ssl=1 200w, https:\/\/i0.wp.com\/eltrabajo.cl\/portal\/wp-content\/uploads\/2016\/05\/JAVIER-MU%C3%91OZ.jpg?resize=300%2C198&amp;ssl=1 300w, https:\/\/i0.wp.com\/eltrabajo.cl\/portal\/wp-content\/uploads\/2016\/05\/JAVIER-MU%C3%91OZ.jpg?resize=227%2C150&amp;ssl=1 227w, https:\/\/i0.wp.com\/eltrabajo.cl\/portal\/wp-content\/uploads\/2016\/05\/JAVIER-MU%C3%91OZ.jpg?resize=400%2C264&amp;ssl=1 400w\" sizes=\"auto, (max-width: 530px) 100vw, 530px\" \/><\/a><figcaption id=\"caption-attachment-70152\" class=\"wp-caption-text\">Javier Mu\u00f1oz Delgado, destacado relator deportivo en el canal CDF, falleci\u00f3 el 29 de agosto de 2015.<\/figcaption><\/figure>\n","protected":false},"excerpt":{"rendered":"<p>A partir de las 09:00 horas del pr\u00f3ximo 3 de junio, el Tribunal Oral en Lo Penal dar\u00e1 inicio al juicio oral tras la muerte del conocido relator deportivo Javier Mu\u00f1oz Delgado,&#8230;<\/p>\n","protected":false},"author":1,"featured_media":70152,"comment_status":"open","ping_status":"open","sticky":false,"template":"","format":"standard","meta":{"advanced_seo_description":"","jetpack_seo_html_title":"","jetpack_seo_noindex":false,"_jetpack_memberships_contains_paid_content":false,"footnotes":""},"categories":[21],"tags":[],"class_list":["post-70151","post","type-post","status-publish","format-standard","has-post-thumbnail","hentry","category-policial"],"jetpack_featured_media_url":"https:\/\/i0.wp.com\/eltrabajo.cl\/portal\/wp-content\/uploads\/2016\/05\/JAVIER-MU%C3%91OZ.jpg?fit=530%2C350&ssl=1","jetpack_sharing_enabled":true,"jetpack_likes_enabled":true,"jetpack-related-posts":[],"_links":{"self":[{"href":"https:\/\/eltrabajo.cl\/portal\/wp-json\/wp\/v2\/posts\/70151","targetHints":{"allow":["GET"]}}],"collection":[{"href":"https:\/\/eltrabajo.cl\/portal\/wp-json\/wp\/v2\/posts"}],"about":[{"href":"https:\/\/eltrabajo.cl\/portal\/wp-json\/wp\/v2\/types\/post"}],"author":[{"embeddable":true,"href":"https:\/\/eltrabajo.cl\/portal\/wp-json\/wp\/v2\/users\/1"}],"replies":[{"embeddable":true,"href":"https:\/\/eltrabajo.cl\/portal\/wp-json\/wp\/v2\/comments?post=70151"}],"version-history":[{"count":0,"href":"https:\/\/eltrabajo.cl\/portal\/wp-json\/wp\/v2\/posts\/70151\/revisions"}],"wp:featuredmedia":[{"embeddable":true,"href":"https:\/\/eltrabajo.cl\/portal\/wp-json\/wp\/v2\/media\/70152"}],"wp:attachment":[{"href":"https:\/\/eltrabajo.cl\/portal\/wp-json\/wp\/v2\/media?parent=70151"}],"wp:term":[{"taxonomy":"category","embeddable":true,"href":"https:\/\/eltrabajo.cl\/portal\/wp-json\/wp\/v2\/categories?post=70151"},{"taxonomy":"post_tag","embeddable":true,"href":"https:\/\/eltrabajo.cl\/portal\/wp-json\/wp\/v2\/tags?post=70151"}],"curies":[{"name":"wp","href":"https:\/\/api.w.org\/{rel}","templated":true}]}}