{"id":70159,"date":"2016-05-26T08:45:20","date_gmt":"2016-05-26T12:45:20","guid":{"rendered":"http:\/\/www.eltrabajo.cl\/portal\/?p=70159"},"modified":"2016-05-26T08:45:20","modified_gmt":"2016-05-26T12:45:20","slug":"con-obra-la-nina-astronauta-finaliza-cartelera-de-mayo-teatro-municipal","status":"publish","type":"post","link":"https:\/\/eltrabajo.cl\/portal\/con-obra-la-nina-astronauta-finaliza-cartelera-de-mayo-teatro-municipal\/","title":{"rendered":"Con obra \u2018La ni\u00f1a astronauta\u2019 finaliza cartelera de mayo Teatro Municipal"},"content":{"rendered":"<ul>\n<li><strong>Este viernes 27 tras una exitosa temporada en Matucana 100 se presenta la obra de teatro \u2018Ni\u00f1a Astronauta\u2019 y el s\u00e1bado 28 tras su paso por M\u00e9xico y Francia el espect\u00e1culo familiar \u2018Clowncierto\u2019<\/strong><\/li>\n<\/ul>\n<p>Con una programaci\u00f3n de lujo, concluyen esta semana, las actividades de la cartelera del mes de mayo en el Teatro Municipal de San Felipe, programadas por el Departamento de Cultura de la municipalidad.<br \/>\nEl viernes 24, a las 20:00 horas llega al Teatro Municipal, la exitosa obra \u2018Ni\u00f1a Astronauta\u2019, de la compa\u00f1\u00eda \u2018Lafamiliateatro\u2019, que acaba de terminar una temporada en Matucana 100, recibiendo el reconocimiento del p\u00fablico capitalino.<br \/>\nLa obra, aborda un hecho noticioso del a\u00f1o 2006, donde distintos medios de comunicaci\u00f3n dieron a conocer el caso de Nicole Aravena, una ni\u00f1a residente en la ciudad de Villa Alemana, qui\u00e9n padec\u00eda una extra\u00f1a enfermedad denominada \u2018Xerodermia Pigmentosa\u2019, una incapacidad de las c\u00e9lulas de la piel para regenerarse a partir de los da\u00f1os provocados por la luz ultravioleta.<br \/>\nLuego de algunos reportajes sobre el caso de Nicole, intervinieron una serie de entidades, como la hoy extinta Fundaci\u00f3n La Vaca, quienes le prometieron las gestiones con la Nasa para adquirir un traje que repeliera los rayos UV, con la finalidad de que la ni\u00f1a pudiera salir de su habitaci\u00f3n.<br \/>\nEn la obra, Nicole es una ni\u00f1a de trece a\u00f1os que padece una enfermedad degenerativa de la piel, que no le permite salir de su habitaci\u00f3n, para no recibir los rayos del sol. Nicole y Vittorio, su \u00fanico amigo, debaten acerca de sus propias imposibilidades; \u2018existir\u2019 parece ser la mayor motivaci\u00f3n. Nicole, da una \u00fanica entrevista a un medio de comunicaci\u00f3n y en ella la ni\u00f1a encuentra una posibilidad, la de existir para otro, eternamente, como la imagen televisiva m\u00e1s popular: La Caminata Lunar de Neil Armstrong.<br \/>\nCon una d\u00e9cada de trayectoria, Lafamiliateatro est\u00e1 detr\u00e1s de la organizaci\u00f3n del festival Santiago Off y con \u2018Ni\u00f1a Astronauta\u2019 particip\u00f3 en el destacado festival de Teatro do grupo de Nova Lima, en Brasil, adem\u00e1s de la publicaci\u00f3n de la obra a trav\u00e9s de la editorial \u2018Chilena de edici\u00f3n\u2019, dirigida por Pierre Saur\u00e9 y Luc\u00eda de la Maza.<br \/>\n\u00abEsta es una obra que ha sido muy bien recibida por el p\u00fablico, es muy interesante. Pueden asistir personas desde los 10 a\u00f1os de edad, porque la idea es que puedan apreciar teatro y comprender de qu\u00e9 se trata la obra\u00bb, explic\u00f3 Ricardo Ruiz Herrera, coordinador comunal de cultura.<\/p>\n<p><strong>\u2018CLOWNCIERTO\u2019 ESTE S\u00c1BADO<\/strong><br \/>\nEn tanto, para este s\u00e1bado 28, a las 12:00 horas en el Teatro Municipal, se espera la presentaci\u00f3n del espect\u00e1culo familiar \u2018Clowncierto\u2019, de la Compa\u00f1\u00eda de Teatro \u2018La Gata Gorda\u2019, que ha mostrado su trabajo tanto en M\u00e9xico como en Francia. En este montaje, los asistentes se encontrar\u00e1n con la historia de \u2018Cuerdita\u2019, quien espera dar un concierto de guitarra que es interrumpido por un \u00e1ngel que cae del cielo para ser su guardi\u00e1n. Sin embargo este \u00e1ngel trae m\u00e1s de un problema, lo que obliga a \u2018Cuerdita\u2019 a instruirla musicalmente para que sea parte de su show.<br \/>\nRespecto a estas dos funciones de teatro, el encargado de cultura del municipio de San Felipe, Ricardo Ruiz Herrera, se\u00f1al\u00f3 que \u00abcon estas dos funciones San Felipe celebra el mes del teatro. La invitaci\u00f3n queda abierta a la comunidad para que nos acompa\u00f1e y disfrute de dos obras de teatro con reconocimiento internacional, que adem\u00e1s son con entrada gratuita\u00bb.<\/p>\n<figure id=\"attachment_70160\" aria-describedby=\"caption-attachment-70160\" style=\"width: 530px\" class=\"wp-caption alignleft\"><a href=\"http:\/\/www.eltrabajo.cl\/portal\/con-obra-la-nina-astronauta-finaliza-cartelera-de-mayo-teatro-municipal\/nina-astronauta\/\" rel=\"attachment wp-att-70160\"><img data-recalc-dims=\"1\" loading=\"lazy\" decoding=\"async\" class=\"size-full wp-image-70160\" src=\"https:\/\/i0.wp.com\/www.eltrabajo.cl\/portal\/wp-content\/uploads\/2016\/05\/Ni%C3%B1a-Astronauta.jpg?resize=530%2C349\" alt=\"NI\u00d1A ASTRONAUTA.- La obra narra, la historia de Nicole, que es una ni\u00f1a de trece a\u00f1os que padece una enfermedad degenerativa de la piel, que no le permite salir de su habitaci\u00f3n, para no recibir los rayos del sol.\" width=\"530\" height=\"349\" srcset=\"https:\/\/i0.wp.com\/eltrabajo.cl\/portal\/wp-content\/uploads\/2016\/05\/Ni%C3%B1a-Astronauta.jpg?w=530&amp;ssl=1 530w, https:\/\/i0.wp.com\/eltrabajo.cl\/portal\/wp-content\/uploads\/2016\/05\/Ni%C3%B1a-Astronauta.jpg?resize=200%2C132&amp;ssl=1 200w, https:\/\/i0.wp.com\/eltrabajo.cl\/portal\/wp-content\/uploads\/2016\/05\/Ni%C3%B1a-Astronauta.jpg?resize=300%2C198&amp;ssl=1 300w, https:\/\/i0.wp.com\/eltrabajo.cl\/portal\/wp-content\/uploads\/2016\/05\/Ni%C3%B1a-Astronauta.jpg?resize=228%2C150&amp;ssl=1 228w, https:\/\/i0.wp.com\/eltrabajo.cl\/portal\/wp-content\/uploads\/2016\/05\/Ni%C3%B1a-Astronauta.jpg?resize=400%2C263&amp;ssl=1 400w\" sizes=\"auto, (max-width: 530px) 100vw, 530px\" \/><\/a><figcaption id=\"caption-attachment-70160\" class=\"wp-caption-text\">NI\u00d1A ASTRONAUTA.- La obra narra, la historia de Nicole, que es una ni\u00f1a de trece a\u00f1os que padece una enfermedad degenerativa de la piel, que no le permite salir de su habitaci\u00f3n, para no recibir los rayos del sol.<\/figcaption><\/figure>\n","protected":false},"excerpt":{"rendered":"<p>Este viernes 27 tras una exitosa temporada en Matucana 100 se presenta la obra de teatro \u2018Ni\u00f1a Astronauta\u2019 y el s\u00e1bado 28 tras su paso por M\u00e9xico y Francia el espect\u00e1culo familiar&#8230;<\/p>\n","protected":false},"author":1,"featured_media":70160,"comment_status":"open","ping_status":"open","sticky":false,"template":"","format":"standard","meta":{"advanced_seo_description":"","jetpack_seo_html_title":"","jetpack_seo_noindex":false,"_jetpack_memberships_contains_paid_content":false,"footnotes":""},"categories":[20],"tags":[],"class_list":["post-70159","post","type-post","status-publish","format-standard","has-post-thumbnail","hentry","category-arte-y-cultura"],"jetpack_featured_media_url":"https:\/\/i0.wp.com\/eltrabajo.cl\/portal\/wp-content\/uploads\/2016\/05\/Ni%C3%B1a-Astronauta.jpg?fit=530%2C349&ssl=1","jetpack_sharing_enabled":true,"jetpack_likes_enabled":true,"jetpack-related-posts":[],"_links":{"self":[{"href":"https:\/\/eltrabajo.cl\/portal\/wp-json\/wp\/v2\/posts\/70159","targetHints":{"allow":["GET"]}}],"collection":[{"href":"https:\/\/eltrabajo.cl\/portal\/wp-json\/wp\/v2\/posts"}],"about":[{"href":"https:\/\/eltrabajo.cl\/portal\/wp-json\/wp\/v2\/types\/post"}],"author":[{"embeddable":true,"href":"https:\/\/eltrabajo.cl\/portal\/wp-json\/wp\/v2\/users\/1"}],"replies":[{"embeddable":true,"href":"https:\/\/eltrabajo.cl\/portal\/wp-json\/wp\/v2\/comments?post=70159"}],"version-history":[{"count":0,"href":"https:\/\/eltrabajo.cl\/portal\/wp-json\/wp\/v2\/posts\/70159\/revisions"}],"wp:featuredmedia":[{"embeddable":true,"href":"https:\/\/eltrabajo.cl\/portal\/wp-json\/wp\/v2\/media\/70160"}],"wp:attachment":[{"href":"https:\/\/eltrabajo.cl\/portal\/wp-json\/wp\/v2\/media?parent=70159"}],"wp:term":[{"taxonomy":"category","embeddable":true,"href":"https:\/\/eltrabajo.cl\/portal\/wp-json\/wp\/v2\/categories?post=70159"},{"taxonomy":"post_tag","embeddable":true,"href":"https:\/\/eltrabajo.cl\/portal\/wp-json\/wp\/v2\/tags?post=70159"}],"curies":[{"name":"wp","href":"https:\/\/api.w.org\/{rel}","templated":true}]}}