{"id":70163,"date":"2016-05-26T08:50:25","date_gmt":"2016-05-26T12:50:25","guid":{"rendered":"http:\/\/www.eltrabajo.cl\/portal\/?p=70163"},"modified":"2016-05-26T08:50:26","modified_gmt":"2016-05-26T12:50:26","slug":"alumnos-de-escuela-especial-de-santa-maria-pasearon-por-valparaiso","status":"publish","type":"post","link":"https:\/\/eltrabajo.cl\/portal\/alumnos-de-escuela-especial-de-santa-maria-pasearon-por-valparaiso\/","title":{"rendered":"Alumnos de escuela especial de Santa Mar\u00eda pasearon por Valpara\u00edso"},"content":{"rendered":"<p>Una inolvidable experiencia, es la que vivieron los 21 estudiantes de los tres cursos de la Escuela de Educaci\u00f3n Especial de Santa Mar\u00eda, en el paseo para ellos programado durante el pasado fin de semana a Valpara\u00edso. Tambi\u00e9n para tranquilidad de los chicos, ellos fueron acompa\u00f1ados por 23 apoderados de esa escuela, adem\u00e1s de contar con la supervisi\u00f3n de ocho profesores de esa especial casa de estudios.<\/p>\n<p><strong>LA TRAVES\u00cdA<\/strong><br \/>\nLos alumnos visitaron entre varios lugares recorridos, el buque de La Armada; el Museo Naval de Valpara\u00edso y tambi\u00e9n el Mirador Prat. Seg\u00fan lo comentado por el director de la escuela, Helmut Kauffmann, los ni\u00f1os y j\u00f3venes tambi\u00e9n navegaron un buen rato por las costas del Pac\u00edfico, adem\u00e1s de poder entrar por algunos momentos a una de las c\u00e1psulas F\u00e9nix IV construida para el rescate de los 33 mineros de la Mina San Jos\u00e9 en Atacama.<\/p>\n<p><strong>LA F\u00c9NIX IV<\/strong><br \/>\nArtefacto que desde el lunes 7 de marzo fue incorporada a la muestra permanente del Museo Naval y Mar\u00edtimo de Valpara\u00edso. Esta c\u00e1psula, que pesa 460 kilogramos con un di\u00e1metro de 54 cm., est\u00e1 totalmente equipada con un sistema de ox\u00edgeno y micr\u00f3fono con parlantes, dise\u00f1ados para conectar a los mineros con los rescatistas.<br \/>\nLa capsula F\u00e9nix IV, que lleva ese nombre en honor al m\u00edtico ave que renace de las cenizas, fue construida junto a otras tres por Astilleros y Maestranza de la Armada (Asmar) para rescatar a los 33 mineros atrapados luego del derrumbe de la Mina San Jos\u00e9, aunque esta \u00faltima no alcanz\u00f3 a ser traslada a Copiap\u00f3, dado que finalmente se utiliz\u00f3 la F\u00e9nix II para el rescate de los 33 mineros.<br \/>\n<strong>Roberto Gonz\u00e1lez Short<\/strong><br \/>\n<strong>rgonzalez@eltrabajo.cl<\/strong><\/p>\n<figure id=\"attachment_70164\" aria-describedby=\"caption-attachment-70164\" style=\"width: 530px\" class=\"wp-caption alignleft\"><a href=\"http:\/\/www.eltrabajo.cl\/portal\/alumnos-de-escuela-especial-de-santa-maria-pasearon-por-valparaiso\/esmeralda2\/\" rel=\"attachment wp-att-70164\"><img data-recalc-dims=\"1\" loading=\"lazy\" decoding=\"async\" class=\"size-full wp-image-70164\" src=\"https:\/\/i0.wp.com\/www.eltrabajo.cl\/portal\/wp-content\/uploads\/2016\/05\/Esmeralda2.jpg?resize=530%2C348\" alt=\"TODA UNA AVENTURA.- Los alumnos visitaron entre varios lugares recorridos, el buque de La Armada; el Museo Naval de Valpara\u00edso y tambi\u00e9n el Mirador Prat.\" width=\"530\" height=\"348\" srcset=\"https:\/\/i0.wp.com\/eltrabajo.cl\/portal\/wp-content\/uploads\/2016\/05\/Esmeralda2.jpg?w=530&amp;ssl=1 530w, https:\/\/i0.wp.com\/eltrabajo.cl\/portal\/wp-content\/uploads\/2016\/05\/Esmeralda2.jpg?resize=200%2C131&amp;ssl=1 200w, https:\/\/i0.wp.com\/eltrabajo.cl\/portal\/wp-content\/uploads\/2016\/05\/Esmeralda2.jpg?resize=300%2C197&amp;ssl=1 300w, https:\/\/i0.wp.com\/eltrabajo.cl\/portal\/wp-content\/uploads\/2016\/05\/Esmeralda2.jpg?resize=228%2C150&amp;ssl=1 228w, https:\/\/i0.wp.com\/eltrabajo.cl\/portal\/wp-content\/uploads\/2016\/05\/Esmeralda2.jpg?resize=400%2C263&amp;ssl=1 400w\" sizes=\"auto, (max-width: 530px) 100vw, 530px\" \/><\/a><figcaption id=\"caption-attachment-70164\" class=\"wp-caption-text\">TODA UNA AVENTURA.- Los alumnos visitaron entre varios lugares recorridos, el buque de La Armada; el Museo Naval de Valpara\u00edso y tambi\u00e9n el Mirador Prat.<\/figcaption><\/figure>\n<figure id=\"attachment_70165\" aria-describedby=\"caption-attachment-70165\" style=\"width: 530px\" class=\"wp-caption alignleft\"><a href=\"http:\/\/www.eltrabajo.cl\/portal\/alumnos-de-escuela-especial-de-santa-maria-pasearon-por-valparaiso\/paseo28\/\" rel=\"attachment wp-att-70165\"><img data-recalc-dims=\"1\" loading=\"lazy\" decoding=\"async\" class=\"size-full wp-image-70165\" src=\"https:\/\/i0.wp.com\/www.eltrabajo.cl\/portal\/wp-content\/uploads\/2016\/05\/Paseo28.jpg?resize=530%2C349\" alt=\"A NAVEGAR CAPIT\u00c1N.- Al centro de esta gr\u00e1fica vemos a quien lleva el tim\u00f3n de este colosal barco del aprendizaje conductista de la vida estudiantil de su escuela, el director Helmut Kauffmann.\" width=\"530\" height=\"349\" srcset=\"https:\/\/i0.wp.com\/eltrabajo.cl\/portal\/wp-content\/uploads\/2016\/05\/Paseo28.jpg?w=530&amp;ssl=1 530w, https:\/\/i0.wp.com\/eltrabajo.cl\/portal\/wp-content\/uploads\/2016\/05\/Paseo28.jpg?resize=200%2C132&amp;ssl=1 200w, https:\/\/i0.wp.com\/eltrabajo.cl\/portal\/wp-content\/uploads\/2016\/05\/Paseo28.jpg?resize=300%2C198&amp;ssl=1 300w, https:\/\/i0.wp.com\/eltrabajo.cl\/portal\/wp-content\/uploads\/2016\/05\/Paseo28.jpg?resize=228%2C150&amp;ssl=1 228w, https:\/\/i0.wp.com\/eltrabajo.cl\/portal\/wp-content\/uploads\/2016\/05\/Paseo28.jpg?resize=400%2C263&amp;ssl=1 400w\" sizes=\"auto, (max-width: 530px) 100vw, 530px\" \/><\/a><figcaption id=\"caption-attachment-70165\" class=\"wp-caption-text\">A NAVEGAR CAPIT\u00c1N.- Al centro de esta gr\u00e1fica vemos a quien lleva el tim\u00f3n de este colosal barco del aprendizaje conductista de la vida estudiantil de su escuela, el director Helmut Kauffmann.<\/figcaption><\/figure>\n<figure id=\"attachment_70166\" aria-describedby=\"caption-attachment-70166\" style=\"width: 530px\" class=\"wp-caption alignleft\"><a href=\"http:\/\/www.eltrabajo.cl\/portal\/alumnos-de-escuela-especial-de-santa-maria-pasearon-por-valparaiso\/scarlet-estay\/\" rel=\"attachment wp-att-70166\"><img data-recalc-dims=\"1\" loading=\"lazy\" decoding=\"async\" class=\"size-full wp-image-70166\" src=\"https:\/\/i0.wp.com\/www.eltrabajo.cl\/portal\/wp-content\/uploads\/2016\/05\/Scarlet-Estay.jpg?resize=530%2C348\" alt=\"DENTRO DE LA C\u00c1PSULA.- La joven estudiante Scarlet Estay, entr\u00f3 dentro de la F\u00e9nix IV para tomarse esta foto del recuerdo.\" width=\"530\" height=\"348\" srcset=\"https:\/\/i0.wp.com\/eltrabajo.cl\/portal\/wp-content\/uploads\/2016\/05\/Scarlet-Estay.jpg?w=530&amp;ssl=1 530w, https:\/\/i0.wp.com\/eltrabajo.cl\/portal\/wp-content\/uploads\/2016\/05\/Scarlet-Estay.jpg?resize=200%2C131&amp;ssl=1 200w, https:\/\/i0.wp.com\/eltrabajo.cl\/portal\/wp-content\/uploads\/2016\/05\/Scarlet-Estay.jpg?resize=300%2C197&amp;ssl=1 300w, https:\/\/i0.wp.com\/eltrabajo.cl\/portal\/wp-content\/uploads\/2016\/05\/Scarlet-Estay.jpg?resize=228%2C150&amp;ssl=1 228w, https:\/\/i0.wp.com\/eltrabajo.cl\/portal\/wp-content\/uploads\/2016\/05\/Scarlet-Estay.jpg?resize=400%2C263&amp;ssl=1 400w\" sizes=\"auto, (max-width: 530px) 100vw, 530px\" \/><\/a><figcaption id=\"caption-attachment-70166\" class=\"wp-caption-text\">DENTRO DE LA C\u00c1PSULA.- La joven estudiante Scarlet Estay, entr\u00f3 dentro de la F\u00e9nix IV para tomarse esta foto del recuerdo.<\/figcaption><\/figure>\n<figure id=\"attachment_70167\" aria-describedby=\"caption-attachment-70167\" style=\"width: 530px\" class=\"wp-caption alignleft\"><a href=\"http:\/\/www.eltrabajo.cl\/portal\/alumnos-de-escuela-especial-de-santa-maria-pasearon-por-valparaiso\/esmeralda1-2\/\" rel=\"attachment wp-att-70167\"><img data-recalc-dims=\"1\" loading=\"lazy\" decoding=\"async\" class=\"size-full wp-image-70167\" src=\"https:\/\/i0.wp.com\/www.eltrabajo.cl\/portal\/wp-content\/uploads\/2016\/05\/Esmeralda1.jpg?resize=530%2C350\" alt=\"LA GRAN ESMERALDA.- Los paseos acu\u00e1ticos realizados por estos chicos de Santa Mar\u00eda los llevaron muy cerca de la escuela naval La Esmeralda.\" width=\"530\" height=\"350\" srcset=\"https:\/\/i0.wp.com\/eltrabajo.cl\/portal\/wp-content\/uploads\/2016\/05\/Esmeralda1.jpg?w=530&amp;ssl=1 530w, https:\/\/i0.wp.com\/eltrabajo.cl\/portal\/wp-content\/uploads\/2016\/05\/Esmeralda1.jpg?resize=200%2C132&amp;ssl=1 200w, https:\/\/i0.wp.com\/eltrabajo.cl\/portal\/wp-content\/uploads\/2016\/05\/Esmeralda1.jpg?resize=300%2C198&amp;ssl=1 300w, https:\/\/i0.wp.com\/eltrabajo.cl\/portal\/wp-content\/uploads\/2016\/05\/Esmeralda1.jpg?resize=227%2C150&amp;ssl=1 227w, https:\/\/i0.wp.com\/eltrabajo.cl\/portal\/wp-content\/uploads\/2016\/05\/Esmeralda1.jpg?resize=400%2C264&amp;ssl=1 400w\" sizes=\"auto, (max-width: 530px) 100vw, 530px\" \/><\/a><figcaption id=\"caption-attachment-70167\" class=\"wp-caption-text\">LA GRAN ESMERALDA.- Los paseos acu\u00e1ticos realizados por estos chicos de Santa Mar\u00eda los llevaron muy cerca de la escuela naval La Esmeralda.<\/figcaption><\/figure>\n","protected":false},"excerpt":{"rendered":"<p>Una inolvidable experiencia, es la que vivieron los 21 estudiantes de los tres cursos de la Escuela de Educaci\u00f3n Especial de Santa Mar\u00eda, en el paseo para ellos programado durante el pasado&#8230;<\/p>\n","protected":false},"author":1,"featured_media":70167,"comment_status":"open","ping_status":"open","sticky":false,"template":"","format":"standard","meta":{"advanced_seo_description":"","jetpack_seo_html_title":"","jetpack_seo_noindex":false,"_jetpack_memberships_contains_paid_content":false,"footnotes":""},"categories":[15],"tags":[],"class_list":["post-70163","post","type-post","status-publish","format-standard","has-post-thumbnail","hentry","category-comunidad"],"jetpack_featured_media_url":"https:\/\/i0.wp.com\/eltrabajo.cl\/portal\/wp-content\/uploads\/2016\/05\/Esmeralda1.jpg?fit=530%2C350&ssl=1","jetpack_sharing_enabled":true,"jetpack_likes_enabled":true,"jetpack-related-posts":[],"_links":{"self":[{"href":"https:\/\/eltrabajo.cl\/portal\/wp-json\/wp\/v2\/posts\/70163","targetHints":{"allow":["GET"]}}],"collection":[{"href":"https:\/\/eltrabajo.cl\/portal\/wp-json\/wp\/v2\/posts"}],"about":[{"href":"https:\/\/eltrabajo.cl\/portal\/wp-json\/wp\/v2\/types\/post"}],"author":[{"embeddable":true,"href":"https:\/\/eltrabajo.cl\/portal\/wp-json\/wp\/v2\/users\/1"}],"replies":[{"embeddable":true,"href":"https:\/\/eltrabajo.cl\/portal\/wp-json\/wp\/v2\/comments?post=70163"}],"version-history":[{"count":0,"href":"https:\/\/eltrabajo.cl\/portal\/wp-json\/wp\/v2\/posts\/70163\/revisions"}],"wp:featuredmedia":[{"embeddable":true,"href":"https:\/\/eltrabajo.cl\/portal\/wp-json\/wp\/v2\/media\/70167"}],"wp:attachment":[{"href":"https:\/\/eltrabajo.cl\/portal\/wp-json\/wp\/v2\/media?parent=70163"}],"wp:term":[{"taxonomy":"category","embeddable":true,"href":"https:\/\/eltrabajo.cl\/portal\/wp-json\/wp\/v2\/categories?post=70163"},{"taxonomy":"post_tag","embeddable":true,"href":"https:\/\/eltrabajo.cl\/portal\/wp-json\/wp\/v2\/tags?post=70163"}],"curies":[{"name":"wp","href":"https:\/\/api.w.org\/{rel}","templated":true}]}}