{"id":70170,"date":"2016-05-26T08:52:55","date_gmt":"2016-05-26T12:52:55","guid":{"rendered":"http:\/\/www.eltrabajo.cl\/portal\/?p=70170"},"modified":"2016-05-26T08:52:55","modified_gmt":"2016-05-26T12:52:55","slug":"putaendo-festejara-con-la-picada-de-charqui-mas-grande-de-chile","status":"publish","type":"post","link":"https:\/\/eltrabajo.cl\/portal\/putaendo-festejara-con-la-picada-de-charqui-mas-grande-de-chile\/","title":{"rendered":"Putaendo festejar\u00e1 con \u2018La Picada de Charqui m\u00e1s grande de Chile\u2019"},"content":{"rendered":"<ul>\n<li><strong>D\u00eda Del Patrimonio Cultural:\u00a0Este 29 de mayo la \u2018Capital Patrimonial de Aconcagua\u2019 concentrar\u00e1 todas sus actividades en lo que alguna vez fuese la Hacienda de Lo Vicu\u00f1a, hoy sector protagonista del anhelado proyecto que restaurar\u00e1 por completo la hist\u00f3rica capilla de esa localidad.<\/strong><\/li>\n<\/ul>\n<p><strong>PUTAENDO.-<\/strong> El alcalde de la comuna, invita a toda la comunidad a compartir un encuentro con la historia y ra\u00edces de Putaendo en el D\u00eda del Patrimonio, celebraci\u00f3n que se desarrollar\u00e1 este domingo, desde las 11 de la ma\u00f1ana, en la localidad de Lo Vicu\u00f1a.<br \/>\nLas actividades comenzar\u00e1n con la \u2018ceremonia de primera piedra de la reconstrucci\u00f3n de la capilla Lo Vicu\u00f1a\u2019, proyecto muy anhelado por los vecinos, cuya inversi\u00f3n supera los 900 millones de pesos, financiados a trav\u00e9s del Gobierno Regional. En la ocasi\u00f3n, habr\u00e1 una presentaci\u00f3n de la iniciativa a los asistentes, a cargo del arquitecto Salim Rab\u00ed.<br \/>\n\u00abFormulamos un llamado a los vecinos de Putaendo y tambi\u00e9n a los vecinos de Aconcagua en general, a que nos visiten este domingo. Habr\u00e1 m\u00fasica, tendremos degustaciones, stands que vender\u00e1n productos t\u00edpicos, artesan\u00edas y tejidos. Adem\u00e1s, ese d\u00eda vamos a poner la primera piedra de un proyecto muy emblem\u00e1tico de nuestra comuna, que tiene que ver con la historia de Putaendo y la vida hacendada de Chile, como es la reconstrucci\u00f3n de la capilla de Lo Vicu\u00f1a. No olvidemos, que las haciendas jugaron un rol fundamental en la constituci\u00f3n de la agricultura como actividad econ\u00f3mica\u00bb, coment\u00f3 el alcalde.<br \/>\nPosteriormente, se inaugurar\u00e1 la \u00ab\u2019Feria Patrimonial de Aconcagua\u2019, donde diferentes artesanos y entidades de la comuna dar\u00e1n a conocer sus productos. Ah\u00ed, grandes y chicos tendr\u00e1n el agrado de probar diferentes platos t\u00edpicos de la zona.<br \/>\nA eso de las 14:30 horas, empezar\u00e1 la ceremonia oficial del D\u00eda del Patrimonio Cultural, donde las autoridades brindar\u00e1n una distinci\u00f3n a \u2018Tesoros Vivos de Putaendo\u2019, instituciones y personas que han destacado el patrimonio de la ciudad.<br \/>\nM\u00e1s tarde, se llevar\u00e1 a cabo otro hito importante: la exhibici\u00f3n del documental \u2018Por la Senda de Los Libertadores Putaendo 2016\u2019, trabajo profesional sobre la cabalgata desarrollada en el mes de febrero, donde m\u00e1s de 70 personas recrearon la haza\u00f1a del Ej\u00e9rcito Libertador en 1817. El material audiovisual, fue estrenado hace pocas semanas por Canal 13 Cable.<\/p>\n<p><strong>LA \u2018PICADA DE CHARQUI M\u00c1S GRANDE DE CHILE\u2019<\/strong><br \/>\nDurante la jornada llena de novedades, se realizar\u00e1 uno de los mayores atractivos en el D\u00eda del Patrimonio: la \u2018Picada de Charqui m\u00e1s Grande de Chile\u2019, plato tradicional de Putaendo y Aconcagua, que todos podr\u00e1n degustar junto a un rico pan amasado y un vasito de vino o bebida.<br \/>\n\u00abInvitamos a todos a participar de las diversas degustaciones que realizaremos, productos t\u00edpicos sumamente demandados por la gente, quienes lo han transformado en un plato patrimonial. Tendremos \u2018Cabrito al Palo\u2019 y \u2018Picada de Charqui\u2019, adem\u00e1s de m\u00fasica, y productos artesanales de nuestra comuna\u00bb, expuso el alcalde Guillermo Reyes.<br \/>\nPara finalizar las actividades, se presentar\u00e1n \u2018Los Cuequeros de Putaendo\u2019, agrupaci\u00f3n local que ha llevado el baile nacional a diferentes sectores de la regi\u00f3n.<\/p>\n<figure id=\"attachment_70172\" aria-describedby=\"caption-attachment-70172\" style=\"width: 530px\" class=\"wp-caption alignleft\"><a href=\"http:\/\/www.eltrabajo.cl\/portal\/putaendo-festejara-con-la-picada-de-charqui-mas-grande-de-chile\/presentacion-de-powerpoint-2\/\" rel=\"attachment wp-att-70172\"><img data-recalc-dims=\"1\" loading=\"lazy\" decoding=\"async\" class=\"size-full wp-image-70172\" src=\"https:\/\/i0.wp.com\/www.eltrabajo.cl\/portal\/wp-content\/uploads\/2016\/05\/Foto-Patrimonio-Putaendo-2016.jpg?resize=530%2C350\" alt=\"Putaendo invita a toda la comunidad a disfrutar de un encuentro con la historia y ra\u00edces de Putaendo en el D\u00eda del Patrimonio, celebraci\u00f3n que se desarrollar\u00e1 este domingo, desde las 11 de la ma\u00f1ana, en la localidad de Lo Vicu\u00f1a.\" width=\"530\" height=\"350\" srcset=\"https:\/\/i0.wp.com\/eltrabajo.cl\/portal\/wp-content\/uploads\/2016\/05\/Foto-Patrimonio-Putaendo-2016.jpg?w=530&amp;ssl=1 530w, https:\/\/i0.wp.com\/eltrabajo.cl\/portal\/wp-content\/uploads\/2016\/05\/Foto-Patrimonio-Putaendo-2016.jpg?resize=200%2C132&amp;ssl=1 200w, https:\/\/i0.wp.com\/eltrabajo.cl\/portal\/wp-content\/uploads\/2016\/05\/Foto-Patrimonio-Putaendo-2016.jpg?resize=300%2C198&amp;ssl=1 300w, https:\/\/i0.wp.com\/eltrabajo.cl\/portal\/wp-content\/uploads\/2016\/05\/Foto-Patrimonio-Putaendo-2016.jpg?resize=227%2C150&amp;ssl=1 227w, https:\/\/i0.wp.com\/eltrabajo.cl\/portal\/wp-content\/uploads\/2016\/05\/Foto-Patrimonio-Putaendo-2016.jpg?resize=400%2C264&amp;ssl=1 400w\" sizes=\"auto, (max-width: 530px) 100vw, 530px\" \/><\/a><figcaption id=\"caption-attachment-70172\" class=\"wp-caption-text\">Putaendo invita a toda la comunidad a disfrutar de un encuentro con la historia y ra\u00edces de Putaendo en el D\u00eda del Patrimonio, celebraci\u00f3n que se desarrollar\u00e1 este domingo, desde las 11 de la ma\u00f1ana, en la localidad de Lo Vicu\u00f1a.<\/figcaption><\/figure>\n<figure id=\"attachment_70171\" aria-describedby=\"caption-attachment-70171\" style=\"width: 530px\" class=\"wp-caption alignleft\"><a href=\"http:\/\/www.eltrabajo.cl\/portal\/putaendo-festejara-con-la-picada-de-charqui-mas-grande-de-chile\/capilla-lo-vicuna-1\/\" rel=\"attachment wp-att-70171\"><img data-recalc-dims=\"1\" loading=\"lazy\" decoding=\"async\" class=\"size-full wp-image-70171\" src=\"https:\/\/i0.wp.com\/www.eltrabajo.cl\/portal\/wp-content\/uploads\/2016\/05\/Capilla-Lo-Vicuna-1.jpg?resize=530%2C349\" alt=\"Las actividades comenzar\u00e1n con la \u2018ceremonia de primera piedra de la reconstrucci\u00f3n de la capilla Lo Vicu\u00f1a\u2019.\" width=\"530\" height=\"349\" srcset=\"https:\/\/i0.wp.com\/eltrabajo.cl\/portal\/wp-content\/uploads\/2016\/05\/Capilla-Lo-Vicuna-1.jpg?w=530&amp;ssl=1 530w, https:\/\/i0.wp.com\/eltrabajo.cl\/portal\/wp-content\/uploads\/2016\/05\/Capilla-Lo-Vicuna-1.jpg?resize=200%2C132&amp;ssl=1 200w, https:\/\/i0.wp.com\/eltrabajo.cl\/portal\/wp-content\/uploads\/2016\/05\/Capilla-Lo-Vicuna-1.jpg?resize=300%2C198&amp;ssl=1 300w, https:\/\/i0.wp.com\/eltrabajo.cl\/portal\/wp-content\/uploads\/2016\/05\/Capilla-Lo-Vicuna-1.jpg?resize=228%2C150&amp;ssl=1 228w, https:\/\/i0.wp.com\/eltrabajo.cl\/portal\/wp-content\/uploads\/2016\/05\/Capilla-Lo-Vicuna-1.jpg?resize=400%2C263&amp;ssl=1 400w\" sizes=\"auto, (max-width: 530px) 100vw, 530px\" \/><\/a><figcaption id=\"caption-attachment-70171\" class=\"wp-caption-text\">Las actividades comenzar\u00e1n con la \u2018ceremonia de primera piedra de la reconstrucci\u00f3n de la capilla Lo Vicu\u00f1a\u2019.<\/figcaption><\/figure>\n","protected":false},"excerpt":{"rendered":"<p>D\u00eda Del Patrimonio Cultural:\u00a0Este 29 de mayo la \u2018Capital Patrimonial de Aconcagua\u2019 concentrar\u00e1 todas sus actividades en lo que alguna vez fuese la Hacienda de Lo Vicu\u00f1a, hoy sector protagonista del anhelado&#8230;<\/p>\n","protected":false},"author":1,"featured_media":70171,"comment_status":"open","ping_status":"open","sticky":false,"template":"","format":"standard","meta":{"advanced_seo_description":"","jetpack_seo_html_title":"","jetpack_seo_noindex":false,"_jetpack_memberships_contains_paid_content":false,"footnotes":""},"categories":[15],"tags":[],"class_list":["post-70170","post","type-post","status-publish","format-standard","has-post-thumbnail","hentry","category-comunidad"],"jetpack_featured_media_url":"https:\/\/i0.wp.com\/eltrabajo.cl\/portal\/wp-content\/uploads\/2016\/05\/Capilla-Lo-Vicuna-1.jpg?fit=530%2C349&ssl=1","jetpack_sharing_enabled":true,"jetpack_likes_enabled":true,"jetpack-related-posts":[],"_links":{"self":[{"href":"https:\/\/eltrabajo.cl\/portal\/wp-json\/wp\/v2\/posts\/70170","targetHints":{"allow":["GET"]}}],"collection":[{"href":"https:\/\/eltrabajo.cl\/portal\/wp-json\/wp\/v2\/posts"}],"about":[{"href":"https:\/\/eltrabajo.cl\/portal\/wp-json\/wp\/v2\/types\/post"}],"author":[{"embeddable":true,"href":"https:\/\/eltrabajo.cl\/portal\/wp-json\/wp\/v2\/users\/1"}],"replies":[{"embeddable":true,"href":"https:\/\/eltrabajo.cl\/portal\/wp-json\/wp\/v2\/comments?post=70170"}],"version-history":[{"count":0,"href":"https:\/\/eltrabajo.cl\/portal\/wp-json\/wp\/v2\/posts\/70170\/revisions"}],"wp:featuredmedia":[{"embeddable":true,"href":"https:\/\/eltrabajo.cl\/portal\/wp-json\/wp\/v2\/media\/70171"}],"wp:attachment":[{"href":"https:\/\/eltrabajo.cl\/portal\/wp-json\/wp\/v2\/media?parent=70170"}],"wp:term":[{"taxonomy":"category","embeddable":true,"href":"https:\/\/eltrabajo.cl\/portal\/wp-json\/wp\/v2\/categories?post=70170"},{"taxonomy":"post_tag","embeddable":true,"href":"https:\/\/eltrabajo.cl\/portal\/wp-json\/wp\/v2\/tags?post=70170"}],"curies":[{"name":"wp","href":"https:\/\/api.w.org\/{rel}","templated":true}]}}