{"id":70175,"date":"2016-05-26T08:54:48","date_gmt":"2016-05-26T12:54:48","guid":{"rendered":"http:\/\/www.eltrabajo.cl\/portal\/?p=70175"},"modified":"2016-05-26T08:54:48","modified_gmt":"2016-05-26T12:54:48","slug":"paso-peatonal-inteligente-y-otras-obras-de-seguridad-camino-a-santa-maria","status":"publish","type":"post","link":"https:\/\/eltrabajo.cl\/portal\/paso-peatonal-inteligente-y-otras-obras-de-seguridad-camino-a-santa-maria\/","title":{"rendered":"Paso peatonal inteligente y otras obras de seguridad camino a Santa Mar\u00eda"},"content":{"rendered":"<ul>\n<li><strong>Autoridades llaman a automovilistas a tener paciencia por iniciativa que se est\u00e1 realizando en Las Cadenas, con una inversi\u00f3n de $80 millones.<\/strong><\/li>\n<\/ul>\n<p>Un importante proyecto piloto en el sector Las Cadenas en la comuna de Santa Mar\u00eda, inici\u00f3 la direcci\u00f3n provincial de Vialidad San Felipe, transform\u00e1ndose en el primero en la regi\u00f3n. Se trata de \u2018Traves\u00eda\u2019, concepto que se utiliza en tramos de un camino rural que presenta las mismas caracter\u00edsticas de un semiurbano, pues atraviesa un sector de edificaciones aleda\u00f1as a la v\u00eda, sumada a una alta circulaci\u00f3n vehicular, peatones y ciclistas.<br \/>\nLos trabajos apuntan a la ejecuci\u00f3n de diversas obras, tales como: Demarcaciones en un sector de la ruta, resaltos simples, se\u00f1alizaci\u00f3n reglamentaria y de advertencia, delineadores verticales, tachas y tachones, pasos peatonales, sello de alta fricci\u00f3n, vallas peatonales, aceras y soleras.<br \/>\nAdem\u00e1s, contar\u00e1 con la instalaci\u00f3n de un paso peatonal Inteligente, moderno sistema que permitir\u00e1 el cruce de peatones de forma segura. As\u00ed lo inform\u00f3 Claudia Lizama, Directora Provincial de Vialidad: \u00abEsta es una de las novedades que tenemos en este contrato. Este paso peatonal permitir\u00e1 que el peat\u00f3n, cuando se ponga en frente de este sistema, el sensor iluminar\u00e1 tanto vertical como horizontalmente la calzada, por lo tanto los automovilistas tendr\u00e1n una mayor advertencia y los peatones contar\u00e1n con mayores medidas de seguridad\u00bb, apunt\u00f3.<br \/>\nPor su parte, el Alcalde Claudio Zurita agradeci\u00f3 la realizaci\u00f3n de este plan pionero en la Regi\u00f3n, ya que permitir\u00e1 entregar garant\u00edas a los alumnos y apoderados del establecimiento Guillermo Ba\u00f1ados. \u00abEstamos muy contentos por la respuesta que nos dieron las autoridades a nuestra petici\u00f3n y a la preocupaci\u00f3n que ten\u00edan los vecinos. Ha habido varios ni\u00f1os atropellados en este sector, por lo tanto para nosotros era una prioridad. Ac\u00e1 hay colegios, casas y tr\u00e1nsito de personas, por lo que eran necesarias estas obras. Yo s\u00e9 que muchos conductores se enojar\u00e1n, sin embargo, tenemos que generar estas medidas para ir en seguridad de las personas\u00bb, se\u00f1al\u00f3 el jefe comunal.<br \/>\nEn tanto, el Gobernador Eduardo Le\u00f3n cifr\u00f3 en $80 millones el aval\u00fao de este proyecto que estar\u00eda finalizado durante el mes de junio, e hizo un llamado a los automovilistas a tener paciencia, ya que el tr\u00e1nsito ser\u00e1 diferido. \u00abToconal es una v\u00eda de alto tr\u00e1fico y hab\u00eda una solicitud de la comunidad para regular el tr\u00e1nsito y Vialidad hoy hace una importante inversi\u00f3n. Este sistema de reducci\u00f3n de velocidad tendr\u00e1 la innovaci\u00f3n del paso inteligente, por lo que hacemos el llamado a la comunidad a tener paciencia e informarse de las obras que est\u00e1 haciendo el MOP en la comuna, que van en demanda de la solicitud de las personas\u00bb, concluy\u00f3 la autoridad provincial.<br \/>\nAsimismo, informaron que los resaltos que est\u00e1n instalados en este sector, ser\u00e1n mejorados luego de escuchar las recomendaciones que hicieron los automovilistas.<\/p>\n<figure id=\"attachment_70176\" aria-describedby=\"caption-attachment-70176\" style=\"width: 530px\" class=\"wp-caption alignleft\"><a href=\"http:\/\/www.eltrabajo.cl\/portal\/paso-peatonal-inteligente-y-otras-obras-de-seguridad-camino-a-santa-maria\/porta-obra-ruta-santa-maria\/\" rel=\"attachment wp-att-70176\"><img data-recalc-dims=\"1\" loading=\"lazy\" decoding=\"async\" class=\"size-full wp-image-70176\" src=\"https:\/\/i0.wp.com\/www.eltrabajo.cl\/portal\/wp-content\/uploads\/2016\/05\/porta-obra-ruta-santa-maria.jpg?resize=530%2C349\" alt=\"El proyecto piloto contempla un paso peatonal inteligente que iluminar\u00e1 la calzada cuando se pare en frente un peat\u00f3n, dando mayor visibilidad al automovilista.\" width=\"530\" height=\"349\" srcset=\"https:\/\/i0.wp.com\/eltrabajo.cl\/portal\/wp-content\/uploads\/2016\/05\/porta-obra-ruta-santa-maria.jpg?w=530&amp;ssl=1 530w, https:\/\/i0.wp.com\/eltrabajo.cl\/portal\/wp-content\/uploads\/2016\/05\/porta-obra-ruta-santa-maria.jpg?resize=200%2C132&amp;ssl=1 200w, https:\/\/i0.wp.com\/eltrabajo.cl\/portal\/wp-content\/uploads\/2016\/05\/porta-obra-ruta-santa-maria.jpg?resize=300%2C198&amp;ssl=1 300w, https:\/\/i0.wp.com\/eltrabajo.cl\/portal\/wp-content\/uploads\/2016\/05\/porta-obra-ruta-santa-maria.jpg?resize=228%2C150&amp;ssl=1 228w, https:\/\/i0.wp.com\/eltrabajo.cl\/portal\/wp-content\/uploads\/2016\/05\/porta-obra-ruta-santa-maria.jpg?resize=400%2C263&amp;ssl=1 400w\" sizes=\"auto, (max-width: 530px) 100vw, 530px\" \/><\/a><figcaption id=\"caption-attachment-70176\" class=\"wp-caption-text\">El proyecto piloto contempla un paso peatonal inteligente que iluminar\u00e1 la calzada cuando se pare en frente un peat\u00f3n, dando mayor visibilidad al automovilista.<\/figcaption><\/figure>\n","protected":false},"excerpt":{"rendered":"<p>Autoridades llaman a automovilistas a tener paciencia por iniciativa que se est\u00e1 realizando en Las Cadenas, con una inversi\u00f3n de $80 millones. Un importante proyecto piloto en el sector Las Cadenas en&#8230;<\/p>\n","protected":false},"author":1,"featured_media":70176,"comment_status":"open","ping_status":"open","sticky":false,"template":"","format":"standard","meta":{"advanced_seo_description":"","jetpack_seo_html_title":"","jetpack_seo_noindex":false,"_jetpack_memberships_contains_paid_content":false,"footnotes":""},"categories":[1],"tags":[],"class_list":["post-70175","post","type-post","status-publish","format-standard","has-post-thumbnail","hentry","category-cronica"],"jetpack_featured_media_url":"https:\/\/i0.wp.com\/eltrabajo.cl\/portal\/wp-content\/uploads\/2016\/05\/porta-obra-ruta-santa-maria.jpg?fit=530%2C349&ssl=1","jetpack_sharing_enabled":true,"jetpack_likes_enabled":true,"jetpack-related-posts":[],"_links":{"self":[{"href":"https:\/\/eltrabajo.cl\/portal\/wp-json\/wp\/v2\/posts\/70175","targetHints":{"allow":["GET"]}}],"collection":[{"href":"https:\/\/eltrabajo.cl\/portal\/wp-json\/wp\/v2\/posts"}],"about":[{"href":"https:\/\/eltrabajo.cl\/portal\/wp-json\/wp\/v2\/types\/post"}],"author":[{"embeddable":true,"href":"https:\/\/eltrabajo.cl\/portal\/wp-json\/wp\/v2\/users\/1"}],"replies":[{"embeddable":true,"href":"https:\/\/eltrabajo.cl\/portal\/wp-json\/wp\/v2\/comments?post=70175"}],"version-history":[{"count":0,"href":"https:\/\/eltrabajo.cl\/portal\/wp-json\/wp\/v2\/posts\/70175\/revisions"}],"wp:featuredmedia":[{"embeddable":true,"href":"https:\/\/eltrabajo.cl\/portal\/wp-json\/wp\/v2\/media\/70176"}],"wp:attachment":[{"href":"https:\/\/eltrabajo.cl\/portal\/wp-json\/wp\/v2\/media?parent=70175"}],"wp:term":[{"taxonomy":"category","embeddable":true,"href":"https:\/\/eltrabajo.cl\/portal\/wp-json\/wp\/v2\/categories?post=70175"},{"taxonomy":"post_tag","embeddable":true,"href":"https:\/\/eltrabajo.cl\/portal\/wp-json\/wp\/v2\/tags?post=70175"}],"curies":[{"name":"wp","href":"https:\/\/api.w.org\/{rel}","templated":true}]}}