{"id":70186,"date":"2016-05-26T09:02:30","date_gmt":"2016-05-26T13:02:30","guid":{"rendered":"http:\/\/www.eltrabajo.cl\/portal\/?p=70186"},"modified":"2016-05-26T09:02:30","modified_gmt":"2016-05-26T13:02:30","slug":"a-8-mil-millones-llegaria-presunta-estafa-piramidal-de-rodriguez-asociados","status":"publish","type":"post","link":"https:\/\/eltrabajo.cl\/portal\/a-8-mil-millones-llegaria-presunta-estafa-piramidal-de-rodriguez-asociados\/","title":{"rendered":"A 8 mil millones llegar\u00eda presunta estafa piramidal de Rodr\u00edguez &#038; Asociados"},"content":{"rendered":"<ul>\n<li><strong>Numerosos clientes de Los Andes se ven afectados:\u00a0Fiscal\u00eda Metropolitana Oriente abre arista de compa\u00f1\u00eda piramidal con filial andina.<\/strong><\/li>\n<\/ul>\n<p><strong>LOS ANDES.-<\/strong> Un menoscabo patrimonial que circunda los 8 mil millones de pesos perturbar\u00eda a 70 clientes de la sociedad de inversiones Rodr\u00edguez y Asociados, que el d\u00eda martes expres\u00f3 la interrupci\u00f3n de reembolsos por fuga de sus clientes.<br \/>\nFue la propia firma de inversiones, que lidera el economista Carlos Rodr\u00edguez, la que inform\u00f3 a trav\u00e9s de un comunicado enviado a los medios de prensa de Santiago, el cese de sus operaciones y la imposibilidad de continuar generando pagos a sus clientes, debido a una fuga masiva de los mismos, que se produjo a partir del mes de marzo a ra\u00edz de las investigaciones que lleva adelante la Fiscal\u00eda Metropolitana, en los casos AC Inversi\u00f3n y el Grupo Arcano.<br \/>\nEn horas de la ma\u00f1ana, la sucursal de Rodr\u00edguez y Asociados en Los Andes, ubicada en el edificio Elba de calle Maip\u00fa N\u00ba 330 comenz\u00f3 a ser visitada por angustiados clientes, quienes ante esta informaci\u00f3n, se sienten defraudados en su patrimonio, ya que invirtieron millones de pesos que les reportar\u00edan jugosos intereses.<br \/>\nSeg\u00fan inform\u00f3 el Diario Financiero, la propia empresa, acudi\u00f3 hasta la fiscal\u00eda de Las Condes a poner en conocimiento esta situaci\u00f3n financiera.<br \/>\nAl mismo tiempo, se conoci\u00f3 que gran parte de los clientes de Rodr\u00edguez y Asociados ser\u00edan militares.<br \/>\nUno de los afectados, por esta presunta estafa, Adolfo Vicencio Salgado, relat\u00f3 que la mayor\u00eda de las personas confi\u00f3 sus ahorros a esta empresa para generar mayores utilidades, \u00aby en mi caso no lo hice con los bancos porque son usureros, pero desgraciadamente Rodr\u00edguez Asociados result\u00f3 ser a\u00fan m\u00e1s usureros\u00bb.<br \/>\nRecord\u00f3, que \u00e9l llego a la empresa a trav\u00e9s de un contacto en diciembre de 2014 y cuando se enter\u00f3 de la situaci\u00f3n del cese de operaciones, hace un par de d\u00edas, comenz\u00f3 a tomar contacto con otros afectados para poder actuar como bloque, al igual como lo que se ha hecho con AC Inversions y el grupo Arcano.<br \/>\nA\u00f1adi\u00f3, que la idea es poder tratar de recuperar la mayor cantidad de dinero posible y por esta raz\u00f3n, los afectados de Los Andes se reunieron en la sucursal andina de la empresa, para manifestar su inquietud y recoger informaci\u00f3n de primera fuente, \u00abpero desgraciadamente los ejecutivos no han dado la cara, solamente hemos tenido conversaciones con las captadores de clientes\u00bb, inform\u00f3.<br \/>\nDijo, que a los due\u00f1os de la empresa solo los conocieron cuando vinieron a Los Andes a juntarse en una once con los potenciales clientes, \u00aby todo parec\u00eda normal cuando nos hablaron, ya que las rentabilidades no eran tan excesivas como las que conocimos del caso Arcano del 5% mensual, ac\u00e1 solo era del 1%, lo que es mayor que la del banco, pero no era como para sospechar\u00bb.<br \/>\nManifest\u00f3, que cuando salieron a la luz p\u00fablica los primeros casos de estafa piramidal, solicitaron una reuni\u00f3n con los ejecutivos de Rodr\u00edguez y Asociados para saber qu\u00e9 es lo que estaba ocurriendo con la empresa, \u00abellos vinieron a visitarnos, estuvimos en el edificio Inca donde se hizo la reuni\u00f3n, pero la verdad nos \u2018vendieron la pomada\u2019 \u00ab.<br \/>\nRodolfo Vicencio coment\u00f3, que las ejecutivas de la sucursal de Los Andes tambi\u00e9n estaban sorprendidas con esta situaci\u00f3n y fueron muy proactivas con los clientes, ya que tampoco ten\u00edan mucha informaci\u00f3n de lo que estaba ocurriendo.<br \/>\nVicencio puntualiz\u00f3, que los afectados se est\u00e1n organizando y buscando asesor\u00eda legal para poder recuperar ese dinero, \u00abya que cada afectado ha invertido millones de pesos y si bien en mi caso particular me afecta, hay cosas peores en la vida\u00bb.<br \/>\nPrecis\u00f3 que esta empresa estaba inscrita en la Superintendencia de Valores quien no llev\u00f3 adecuadamente su labor de fiscalizaci\u00f3n.<\/p>\n<figure id=\"attachment_70187\" aria-describedby=\"caption-attachment-70187\" style=\"width: 530px\" class=\"wp-caption alignleft\"><a href=\"http:\/\/www.eltrabajo.cl\/portal\/a-8-mil-millones-llegaria-presunta-estafa-piramidal-de-rodriguez-asociados\/adolfo-victima\/\" rel=\"attachment wp-att-70187\"><img data-recalc-dims=\"1\" loading=\"lazy\" decoding=\"async\" class=\"size-full wp-image-70187\" src=\"https:\/\/i0.wp.com\/www.eltrabajo.cl\/portal\/wp-content\/uploads\/2016\/05\/adolfo-victima.jpg?resize=530%2C349\" alt=\"ADOLFO VICENCIO SALGADO.- \u00abellos vinieron a visitarnos, estuvimos en el edificio Inca donde se hizo la reuni\u00f3n, pero la verdad nos vendieron la pomada\u00bb.\" width=\"530\" height=\"349\" srcset=\"https:\/\/i0.wp.com\/eltrabajo.cl\/portal\/wp-content\/uploads\/2016\/05\/adolfo-victima.jpg?w=530&amp;ssl=1 530w, https:\/\/i0.wp.com\/eltrabajo.cl\/portal\/wp-content\/uploads\/2016\/05\/adolfo-victima.jpg?resize=200%2C132&amp;ssl=1 200w, https:\/\/i0.wp.com\/eltrabajo.cl\/portal\/wp-content\/uploads\/2016\/05\/adolfo-victima.jpg?resize=300%2C198&amp;ssl=1 300w, https:\/\/i0.wp.com\/eltrabajo.cl\/portal\/wp-content\/uploads\/2016\/05\/adolfo-victima.jpg?resize=228%2C150&amp;ssl=1 228w, https:\/\/i0.wp.com\/eltrabajo.cl\/portal\/wp-content\/uploads\/2016\/05\/adolfo-victima.jpg?resize=400%2C263&amp;ssl=1 400w\" sizes=\"auto, (max-width: 530px) 100vw, 530px\" \/><\/a><figcaption id=\"caption-attachment-70187\" class=\"wp-caption-text\">ADOLFO VICENCIO SALGADO.- \u00abellos vinieron a visitarnos, estuvimos en el edificio Inca donde se hizo la reuni\u00f3n, pero la verdad nos vendieron la pomada\u00bb.<\/figcaption><\/figure>\n","protected":false},"excerpt":{"rendered":"<p>Numerosos clientes de Los Andes se ven afectados:\u00a0Fiscal\u00eda Metropolitana Oriente abre arista de compa\u00f1\u00eda piramidal con filial andina. LOS ANDES.- Un menoscabo patrimonial que circunda los 8 mil millones de pesos perturbar\u00eda&#8230;<\/p>\n","protected":false},"author":1,"featured_media":70187,"comment_status":"open","ping_status":"open","sticky":false,"template":"","format":"standard","meta":{"advanced_seo_description":"","jetpack_seo_html_title":"","jetpack_seo_noindex":false,"_jetpack_memberships_contains_paid_content":false,"footnotes":""},"categories":[21],"tags":[],"class_list":["post-70186","post","type-post","status-publish","format-standard","has-post-thumbnail","hentry","category-policial"],"jetpack_featured_media_url":"https:\/\/i0.wp.com\/eltrabajo.cl\/portal\/wp-content\/uploads\/2016\/05\/adolfo-victima.jpg?fit=530%2C349&ssl=1","jetpack_sharing_enabled":true,"jetpack_likes_enabled":true,"jetpack-related-posts":[],"_links":{"self":[{"href":"https:\/\/eltrabajo.cl\/portal\/wp-json\/wp\/v2\/posts\/70186","targetHints":{"allow":["GET"]}}],"collection":[{"href":"https:\/\/eltrabajo.cl\/portal\/wp-json\/wp\/v2\/posts"}],"about":[{"href":"https:\/\/eltrabajo.cl\/portal\/wp-json\/wp\/v2\/types\/post"}],"author":[{"embeddable":true,"href":"https:\/\/eltrabajo.cl\/portal\/wp-json\/wp\/v2\/users\/1"}],"replies":[{"embeddable":true,"href":"https:\/\/eltrabajo.cl\/portal\/wp-json\/wp\/v2\/comments?post=70186"}],"version-history":[{"count":0,"href":"https:\/\/eltrabajo.cl\/portal\/wp-json\/wp\/v2\/posts\/70186\/revisions"}],"wp:featuredmedia":[{"embeddable":true,"href":"https:\/\/eltrabajo.cl\/portal\/wp-json\/wp\/v2\/media\/70187"}],"wp:attachment":[{"href":"https:\/\/eltrabajo.cl\/portal\/wp-json\/wp\/v2\/media?parent=70186"}],"wp:term":[{"taxonomy":"category","embeddable":true,"href":"https:\/\/eltrabajo.cl\/portal\/wp-json\/wp\/v2\/categories?post=70186"},{"taxonomy":"post_tag","embeddable":true,"href":"https:\/\/eltrabajo.cl\/portal\/wp-json\/wp\/v2\/tags?post=70186"}],"curies":[{"name":"wp","href":"https:\/\/api.w.org\/{rel}","templated":true}]}}