{"id":70190,"date":"2016-05-26T09:05:15","date_gmt":"2016-05-26T13:05:15","guid":{"rendered":"http:\/\/www.eltrabajo.cl\/portal\/?p=70190"},"modified":"2016-05-26T09:05:15","modified_gmt":"2016-05-26T13:05:15","slug":"reo-liberado-por-la-corte-vuelve-a-delinquir-desvalijando-automoviles","status":"publish","type":"post","link":"https:\/\/eltrabajo.cl\/portal\/reo-liberado-por-la-corte-vuelve-a-delinquir-desvalijando-automoviles\/","title":{"rendered":"Reo liberado por la Corte vuelve a delinquir desvalijando autom\u00f3viles"},"content":{"rendered":"<ul>\n<li><strong>Estaba condenado a 10 a\u00f1os por robo con violencia:\u00a0A menos de un mes de recibir la pol\u00e9mica libertad condicional, el imputado fue capturado por Carabineros de la Subcomisar\u00eda de Llay Llay cometiendo el robo de especies desde un furg\u00f3n estacionado. Tras ser procesado judicialmente retorn\u00f3 nuevamente a la c\u00e1rcel tras revocaci\u00f3n de este pol\u00e9mico beneficio.<\/strong><\/li>\n<\/ul>\n<p>Capturado en flagrancia y con diversas especies, entre ellas una radio musical y un sin n\u00famero de herramientas, fue detenido el antisocial Jorge Leiva Gonz\u00e1lez, quien junto a otros cuatro individuos, incluido un menor de edad, fueron sorprendidos desmantelando un furg\u00f3n estacionado en avenida Las Palmas de Llay Llay.<br \/>\nLo relevante de este procedimiento policial, es que el imputado es uno de los m\u00e1s de \u2018700 reos liberados por la Corte de Apelaciones en la regi\u00f3n de Valpara\u00edso\u2019, quien cumpl\u00eda hasta hace unas semanas en la c\u00e1rcel porte\u00f1a, una condena desde el a\u00f1o 2008, por el delito de Robo con Violencia y Robo Frustrado en Lugar no Habitado, ambos il\u00edcitos cometidos en la ciudad de San Felipe.<br \/>\nSin embargo, tras ser uno de los beneficiados por esta Corte, que orden\u00f3 a Gendarmer\u00eda la libertad condicional, a eso de las 04:30 horas de ayer mi\u00e9rcoles, un llamado an\u00f3nimo a Carabineros alert\u00f3 que cuatro individuos desmantelaban un veh\u00edculo estacionado en la intersecci\u00f3n de avenida Las Palmas esquina El Sauce de Llay Llay.<br \/>\nLos uniformados, al revisar cautelosamente las c\u00e1maras de seguridad municipal, constataron la presencia de estos antisociales que desvalijaban un furg\u00f3n en la v\u00eda p\u00fablica, traslad\u00e1ndose de inmediato hasta ese sector, logrando la captura de dos sujetos mientras que los otros dos involucrados lograron fugarse.<br \/>\nCarabineros recuper\u00f3 las especies que se encontraban ocultas en un canal de regad\u00edo cercano al lugar, especificando que se trataba de diversas herramientas, una gata hidr\u00e1ulica y un panel de radio musical. Seg\u00fan se pudo conocer, algunas de estas especies corresponder\u00edan a otros robos cometidos a veh\u00edculos durante la madrugada.<br \/>\nLa polic\u00eda uniformada afirm\u00f3 que se encuentran en proceso de investigaci\u00f3n para dar con los propietarios de estos productos robados, seg\u00fan inform\u00f3 el Subcomisario de Carabineros, Capit\u00e1n Osvaldo Villarroel, quien adem\u00e1s destac\u00f3 que durante el procedimiento policial se logr\u00f3 establecer la participaci\u00f3n de un menor de 16 a\u00f1os que fue detenido en su domicilio.<br \/>\n\u00abCerca de las 04:30 horas, personal de guardia recibe llamado an\u00f3nimo indicando que individuos est\u00e1n desmantelando un veh\u00edculo, al verificar las c\u00e1maras de la Municipalidad se constata el hecho apreciando a cuatro sujetos en esa tarea. Se dispone la concurrencia del personal en la poblaci\u00f3n logrando detener a uno de estos sujetos, luego gracias a la grabaci\u00f3n de las c\u00e1maras se logra verificar que los antisociales ocultaron especies en un canal aleda\u00f1o. Finalmente y realizadas las diligencias correspondientes, se identifica a trav\u00e9s de las c\u00e1maras a un segundo sujeto conocido por delitos anteriores y logra ser detenido en su domicilio\u00bb.<br \/>\nAmbos imputados enfrentar\u00e1n cargos por el delito de Receptaci\u00f3n de Especies, siendo conducidos hasta el Juzgado de Garant\u00eda de San Felipe para audiencia de control de detenci\u00f3n. En el caso de Jorge Leiva Gonz\u00e1lez, de 28 a\u00f1os de edad, su beneficio de libertad condicional qued\u00f3 revocado regresando nuevamente a la c\u00e1rcel.<br \/>\nEn tanto el menor de iniciales C.A.L.F. quedar\u00e1 sujeto a programas de reinserci\u00f3n para adolescentes imputados a cargo del Servicio Nacional de Menores, fij\u00e1ndose un plazo de 60 d\u00edas para la investigaci\u00f3n de estos hechos.<br \/>\n<strong>Pablo Salinas Sald\u00edas<\/strong><\/p>\n<figure id=\"attachment_70191\" aria-describedby=\"caption-attachment-70191\" style=\"width: 530px\" class=\"wp-caption alignleft\"><a href=\"http:\/\/www.eltrabajo.cl\/portal\/reo-liberado-por-la-corte-vuelve-a-delinquir-desvalijando-automoviles\/herramientas-1\/\" rel=\"attachment wp-att-70191\"><img data-recalc-dims=\"1\" loading=\"lazy\" decoding=\"async\" class=\"size-full wp-image-70191\" src=\"https:\/\/i0.wp.com\/www.eltrabajo.cl\/portal\/wp-content\/uploads\/2016\/05\/HERRAMIENTAS-1.jpg?resize=530%2C350\" alt=\"Las especies encontradas por Carabineros durante el procedimiento tras la detenci\u00f3n de los sujetos.\" width=\"530\" height=\"350\" srcset=\"https:\/\/i0.wp.com\/eltrabajo.cl\/portal\/wp-content\/uploads\/2016\/05\/HERRAMIENTAS-1.jpg?w=530&amp;ssl=1 530w, https:\/\/i0.wp.com\/eltrabajo.cl\/portal\/wp-content\/uploads\/2016\/05\/HERRAMIENTAS-1.jpg?resize=200%2C132&amp;ssl=1 200w, https:\/\/i0.wp.com\/eltrabajo.cl\/portal\/wp-content\/uploads\/2016\/05\/HERRAMIENTAS-1.jpg?resize=300%2C198&amp;ssl=1 300w, https:\/\/i0.wp.com\/eltrabajo.cl\/portal\/wp-content\/uploads\/2016\/05\/HERRAMIENTAS-1.jpg?resize=227%2C150&amp;ssl=1 227w, https:\/\/i0.wp.com\/eltrabajo.cl\/portal\/wp-content\/uploads\/2016\/05\/HERRAMIENTAS-1.jpg?resize=400%2C264&amp;ssl=1 400w\" sizes=\"auto, (max-width: 530px) 100vw, 530px\" \/><\/a><figcaption id=\"caption-attachment-70191\" class=\"wp-caption-text\">Las especies encontradas por Carabineros durante el procedimiento tras la detenci\u00f3n de los sujetos.<\/figcaption><\/figure>\n<figure id=\"attachment_70192\" aria-describedby=\"caption-attachment-70192\" style=\"width: 530px\" class=\"wp-caption alignleft\"><a href=\"http:\/\/www.eltrabajo.cl\/portal\/reo-liberado-por-la-corte-vuelve-a-delinquir-desvalijando-automoviles\/jorge-leiva-gonzalez\/\" rel=\"attachment wp-att-70192\"><img data-recalc-dims=\"1\" loading=\"lazy\" decoding=\"async\" class=\"size-full wp-image-70192\" src=\"https:\/\/i0.wp.com\/www.eltrabajo.cl\/portal\/wp-content\/uploads\/2016\/05\/JORGE-LEIVA-GONZALEZ.jpg?resize=530%2C349\" alt=\"Jorge Leiva Gonz\u00e1lez era uno de los beneficiados por la Corte de Apelaciones tras la masiva liberaci\u00f3n de reos en la regi\u00f3n de Valpara\u00edso.\" width=\"530\" height=\"349\" srcset=\"https:\/\/i0.wp.com\/eltrabajo.cl\/portal\/wp-content\/uploads\/2016\/05\/JORGE-LEIVA-GONZALEZ.jpg?w=530&amp;ssl=1 530w, https:\/\/i0.wp.com\/eltrabajo.cl\/portal\/wp-content\/uploads\/2016\/05\/JORGE-LEIVA-GONZALEZ.jpg?resize=200%2C132&amp;ssl=1 200w, https:\/\/i0.wp.com\/eltrabajo.cl\/portal\/wp-content\/uploads\/2016\/05\/JORGE-LEIVA-GONZALEZ.jpg?resize=300%2C198&amp;ssl=1 300w, https:\/\/i0.wp.com\/eltrabajo.cl\/portal\/wp-content\/uploads\/2016\/05\/JORGE-LEIVA-GONZALEZ.jpg?resize=228%2C150&amp;ssl=1 228w, https:\/\/i0.wp.com\/eltrabajo.cl\/portal\/wp-content\/uploads\/2016\/05\/JORGE-LEIVA-GONZALEZ.jpg?resize=400%2C263&amp;ssl=1 400w\" sizes=\"auto, (max-width: 530px) 100vw, 530px\" \/><\/a><figcaption id=\"caption-attachment-70192\" class=\"wp-caption-text\">Jorge Leiva Gonz\u00e1lez era uno de los beneficiados por la Corte de Apelaciones tras la masiva liberaci\u00f3n de reos en la regi\u00f3n de Valpara\u00edso.<\/figcaption><\/figure>\n","protected":false},"excerpt":{"rendered":"<p>Estaba condenado a 10 a\u00f1os por robo con violencia:\u00a0A menos de un mes de recibir la pol\u00e9mica libertad condicional, el imputado fue capturado por Carabineros de la Subcomisar\u00eda de Llay Llay cometiendo&#8230;<\/p>\n","protected":false},"author":1,"featured_media":70192,"comment_status":"open","ping_status":"open","sticky":false,"template":"","format":"standard","meta":{"advanced_seo_description":"","jetpack_seo_html_title":"","jetpack_seo_noindex":false,"_jetpack_memberships_contains_paid_content":false,"footnotes":""},"categories":[21],"tags":[],"class_list":["post-70190","post","type-post","status-publish","format-standard","has-post-thumbnail","hentry","category-policial"],"jetpack_featured_media_url":"https:\/\/i0.wp.com\/eltrabajo.cl\/portal\/wp-content\/uploads\/2016\/05\/JORGE-LEIVA-GONZALEZ.jpg?fit=530%2C349&ssl=1","jetpack_sharing_enabled":true,"jetpack_likes_enabled":true,"jetpack-related-posts":[],"_links":{"self":[{"href":"https:\/\/eltrabajo.cl\/portal\/wp-json\/wp\/v2\/posts\/70190","targetHints":{"allow":["GET"]}}],"collection":[{"href":"https:\/\/eltrabajo.cl\/portal\/wp-json\/wp\/v2\/posts"}],"about":[{"href":"https:\/\/eltrabajo.cl\/portal\/wp-json\/wp\/v2\/types\/post"}],"author":[{"embeddable":true,"href":"https:\/\/eltrabajo.cl\/portal\/wp-json\/wp\/v2\/users\/1"}],"replies":[{"embeddable":true,"href":"https:\/\/eltrabajo.cl\/portal\/wp-json\/wp\/v2\/comments?post=70190"}],"version-history":[{"count":0,"href":"https:\/\/eltrabajo.cl\/portal\/wp-json\/wp\/v2\/posts\/70190\/revisions"}],"wp:featuredmedia":[{"embeddable":true,"href":"https:\/\/eltrabajo.cl\/portal\/wp-json\/wp\/v2\/media\/70192"}],"wp:attachment":[{"href":"https:\/\/eltrabajo.cl\/portal\/wp-json\/wp\/v2\/media?parent=70190"}],"wp:term":[{"taxonomy":"category","embeddable":true,"href":"https:\/\/eltrabajo.cl\/portal\/wp-json\/wp\/v2\/categories?post=70190"},{"taxonomy":"post_tag","embeddable":true,"href":"https:\/\/eltrabajo.cl\/portal\/wp-json\/wp\/v2\/tags?post=70190"}],"curies":[{"name":"wp","href":"https:\/\/api.w.org\/{rel}","templated":true}]}}