{"id":70196,"date":"2016-05-27T09:38:05","date_gmt":"2016-05-27T13:38:05","guid":{"rendered":"http:\/\/www.eltrabajo.cl\/portal\/?p=70196"},"modified":"2016-05-27T09:38:05","modified_gmt":"2016-05-27T13:38:05","slug":"asociacion-de-municipalidades-quinta-region-cordillera","status":"publish","type":"post","link":"https:\/\/eltrabajo.cl\/portal\/asociacion-de-municipalidades-quinta-region-cordillera\/","title":{"rendered":"Asociaci\u00f3n de Municipalidades Quinta Regi\u00f3n Cordillera"},"content":{"rendered":"<ul>\n<li><strong>Proyecto de energ\u00edas fotovoltaicas pretende impulsar un desarrollo productivo en el Valle de Aconcagua<\/strong><br \/>\n<strong>Adem\u00e1s en la reuni\u00f3n, el presidente de la Primera Secci\u00f3n del Rio Aconcagua, expuso en detalle lo que implica para el riego el proyecto de ampliaci\u00f3n de la Divisi\u00f3n de Codelco Andina.<\/strong><\/li>\n<\/ul>\n<p><strong>PANQUEHUE<\/strong>.- Conocer en detalle el proyecto de desarrollo de energ\u00edas fotovoltaicas, con el fin de lograr un sistema de generaci\u00f3n de energ\u00eda m\u00e1s limpia y eficiente, fue el tenor principal de la presentaci\u00f3n que sostuvo la empresa Hispano-Alemana RedEnergie con los integrantes de la Asociaci\u00f3n de Municipalidades Quinta Regi\u00f3n Cordillera, realizado en la municipalidad de Hijuelas.<br \/>\nEl consultor Alejandro Vera, explic\u00f3 detalles de la propuesta, que consider\u00f3 una serie de t\u00f3picos econ\u00f3micos, sustentables y sociales, para as\u00ed inyectar un polo de desarrollo en el \u00e1rea energ\u00eda limpia. La idea estuvo basada en poder fomentar instancias para que los municipios de la zona interior, puedan acceder a distintos beneficio a trav\u00e9s de un proyecto de energ\u00edas fotovoltaicas y as\u00ed impulsar un desarrollo productivo.<br \/>\nActo seguido, fue el turno del presidente de la primera secci\u00f3n del r\u00edo Aconcagua, Javier Crasemann, quien se refiri\u00f3 al impacto que provocar\u00eda el proyecto de expansi\u00f3n de la divisi\u00f3n Codelco Andina, en el recurso h\u00eddrico y en el \u00e1mbito social de las comunidades del Valle de Aconcagua. El personero explic\u00f3, c\u00f3mo afecta esta expansi\u00f3n industrial y lo invasivo que suelen ser proyectos de estas caracter\u00edsticas.<br \/>\nA la hora de los llamados puntos varios, el alcalde Luis Pradenas, reiter\u00f3 su preocupaci\u00f3n por la demora que ha conllevado la ejecuci\u00f3n del proyecto de construcci\u00f3n de la nueva ruta CH 60, recalcando que no suele Panquehue se ha visto afectada, sino varias comunas del Aconcagua.<br \/>\nEn esta sesi\u00f3n, que fue presidida por el alcalde de Catemu Boris Luksic, se cont\u00f3 con la asistencia de los ediles de Panquehue, Luis Pradenas, Hijuelas Ver\u00f3nica Rossat; Calle Larga Nelson Venegas y concejales de diferentes comunas de los municipios miembros de la asociaci\u00f3n.<\/p>\n<figure id=\"attachment_70197\" aria-describedby=\"caption-attachment-70197\" style=\"width: 530px\" class=\"wp-caption alignleft\"><img data-recalc-dims=\"1\" loading=\"lazy\" decoding=\"async\" class=\"wp-image-70197 size-full\" src=\"https:\/\/i0.wp.com\/www.eltrabajo.cl\/portal\/wp-content\/uploads\/2016\/05\/autoridades-1.jpg?resize=530%2C348\" alt=\"La asamblea, cont\u00f3 con la participaci\u00f3n de representantes de la empresa Hispano-Alemana RedEnergie y con los integrantes de la Asociaci\u00f3n de Municipalidades Quinta Regi\u00f3n Cordillera.\" width=\"530\" height=\"348\" srcset=\"https:\/\/i0.wp.com\/eltrabajo.cl\/portal\/wp-content\/uploads\/2016\/05\/autoridades-1.jpg?w=530&amp;ssl=1 530w, https:\/\/i0.wp.com\/eltrabajo.cl\/portal\/wp-content\/uploads\/2016\/05\/autoridades-1.jpg?resize=200%2C131&amp;ssl=1 200w, https:\/\/i0.wp.com\/eltrabajo.cl\/portal\/wp-content\/uploads\/2016\/05\/autoridades-1.jpg?resize=300%2C197&amp;ssl=1 300w, https:\/\/i0.wp.com\/eltrabajo.cl\/portal\/wp-content\/uploads\/2016\/05\/autoridades-1.jpg?resize=228%2C150&amp;ssl=1 228w, https:\/\/i0.wp.com\/eltrabajo.cl\/portal\/wp-content\/uploads\/2016\/05\/autoridades-1.jpg?resize=400%2C263&amp;ssl=1 400w\" sizes=\"auto, (max-width: 530px) 100vw, 530px\" \/><figcaption id=\"caption-attachment-70197\" class=\"wp-caption-text\">La asamblea, cont\u00f3 con la participaci\u00f3n de representantes de la empresa Hispano-Alemana RedEnergie y con los integrantes de la Asociaci\u00f3n de Municipalidades Quinta Regi\u00f3n Cordillera.<\/figcaption><\/figure>\n","protected":false},"excerpt":{"rendered":"<p>Proyecto de energ\u00edas fotovoltaicas pretende impulsar un desarrollo productivo en el Valle de Aconcagua Adem\u00e1s en la reuni\u00f3n, el presidente de la Primera Secci\u00f3n del Rio Aconcagua, expuso en detalle lo que&#8230;<\/p>\n","protected":false},"author":482,"featured_media":70197,"comment_status":"open","ping_status":"open","sticky":false,"template":"","format":"standard","meta":{"advanced_seo_description":"","jetpack_seo_html_title":"","jetpack_seo_noindex":false,"_jetpack_memberships_contains_paid_content":false,"footnotes":""},"categories":[1],"tags":[],"class_list":["post-70196","post","type-post","status-publish","format-standard","has-post-thumbnail","hentry","category-cronica"],"jetpack_featured_media_url":"https:\/\/i0.wp.com\/eltrabajo.cl\/portal\/wp-content\/uploads\/2016\/05\/autoridades-1.jpg?fit=530%2C348&ssl=1","jetpack_sharing_enabled":true,"jetpack_likes_enabled":true,"jetpack-related-posts":[],"_links":{"self":[{"href":"https:\/\/eltrabajo.cl\/portal\/wp-json\/wp\/v2\/posts\/70196","targetHints":{"allow":["GET"]}}],"collection":[{"href":"https:\/\/eltrabajo.cl\/portal\/wp-json\/wp\/v2\/posts"}],"about":[{"href":"https:\/\/eltrabajo.cl\/portal\/wp-json\/wp\/v2\/types\/post"}],"author":[{"embeddable":true,"href":"https:\/\/eltrabajo.cl\/portal\/wp-json\/wp\/v2\/users\/482"}],"replies":[{"embeddable":true,"href":"https:\/\/eltrabajo.cl\/portal\/wp-json\/wp\/v2\/comments?post=70196"}],"version-history":[{"count":0,"href":"https:\/\/eltrabajo.cl\/portal\/wp-json\/wp\/v2\/posts\/70196\/revisions"}],"wp:featuredmedia":[{"embeddable":true,"href":"https:\/\/eltrabajo.cl\/portal\/wp-json\/wp\/v2\/media\/70197"}],"wp:attachment":[{"href":"https:\/\/eltrabajo.cl\/portal\/wp-json\/wp\/v2\/media?parent=70196"}],"wp:term":[{"taxonomy":"category","embeddable":true,"href":"https:\/\/eltrabajo.cl\/portal\/wp-json\/wp\/v2\/categories?post=70196"},{"taxonomy":"post_tag","embeddable":true,"href":"https:\/\/eltrabajo.cl\/portal\/wp-json\/wp\/v2\/tags?post=70196"}],"curies":[{"name":"wp","href":"https:\/\/api.w.org\/{rel}","templated":true}]}}