{"id":70199,"date":"2016-05-27T09:43:56","date_gmt":"2016-05-27T13:43:56","guid":{"rendered":"http:\/\/www.eltrabajo.cl\/portal\/?p=70199"},"modified":"2016-05-27T09:43:56","modified_gmt":"2016-05-27T13:43:56","slug":"el-robo-del-dia-fue-ahora-en-restaurante-manuel-rodriguez","status":"publish","type":"post","link":"https:\/\/eltrabajo.cl\/portal\/el-robo-del-dia-fue-ahora-en-restaurante-manuel-rodriguez\/","title":{"rendered":"El robo del d\u00eda fue ahora en Restaurante Manuel Rodr\u00edguez"},"content":{"rendered":"<p>Un nuevo golpe propin\u00f3 el hampa la noche de este jueves a otro comerciante en nuestra comuna, se trata del robo de toda la carne y los vinos que para atender a sus clientes dispon\u00edan en Restaurante y Centro de Fondos Mutuos Manuel Rodr\u00edguez, ubicados en Coimas, en las cercan\u00edas a La Carreta.<br \/>\nEsta vez el o los delincuentes ingresaron por la parte trasera del local y forzaron una de sus puertas hasta que lograron entrar al interior del restaurante.<br \/>\n\u00abYo no soy la due\u00f1a, desde hace cuatro meses que asum\u00ed como concesionaria y como ven, ya me golpearon, no robaron electrodom\u00e9sticos ni lozas, se llevaron unos $300.000 en vinos y carne, la que ten\u00edamos destinada a ofrecer a nuestros clientes hoy jueves (ayer), Carabineros ya vino, pero poco es lo que se puede hacer\u00bb, coment\u00f3 a nuestro medio do\u00f1a Berta Silva Trujillo.<br \/>\nEsta ola de robos se dispar\u00f3 en nuestra comuna, quiz\u00e1 por coincidencia, exactamente despu\u00e9s que muchos delincuentes fueran dejados en libertad por los tribunales, ya hay casos de algunos de ellos recapturados.<br \/>\nAs\u00ed las cosas, poco es lo que la PDI y Carabineros pueden hacer, pues por una puerta ellos los ingresan a prisi\u00f3n, y por otra son dejados en libertad. \u00bfA qui\u00e9n robar\u00e1n hoy viernes y ma\u00f1ana s\u00e1bado?<br \/>\n<strong>Roberto Gonz\u00e1lez Short<\/strong><br \/>\n<strong>rgonzalez@eltrabajo.cl<\/strong><\/p>\n<figure id=\"attachment_70200\" aria-describedby=\"caption-attachment-70200\" style=\"width: 530px\" class=\"wp-caption alignnone\"><img data-recalc-dims=\"1\" loading=\"lazy\" decoding=\"async\" class=\"wp-image-70200 size-full\" src=\"https:\/\/i0.wp.com\/www.eltrabajo.cl\/portal\/wp-content\/uploads\/2016\/05\/Licores1.jpg?resize=530%2C350\" alt=\"MISERABLES LADRONES.- El mueble destinado a guardar los licores qued\u00f3 vac\u00edo, pareciera que los delincuentes quer\u00edan hacer un asado.\" width=\"530\" height=\"350\" srcset=\"https:\/\/i0.wp.com\/eltrabajo.cl\/portal\/wp-content\/uploads\/2016\/05\/Licores1.jpg?w=530&amp;ssl=1 530w, https:\/\/i0.wp.com\/eltrabajo.cl\/portal\/wp-content\/uploads\/2016\/05\/Licores1.jpg?resize=200%2C132&amp;ssl=1 200w, https:\/\/i0.wp.com\/eltrabajo.cl\/portal\/wp-content\/uploads\/2016\/05\/Licores1.jpg?resize=300%2C198&amp;ssl=1 300w, https:\/\/i0.wp.com\/eltrabajo.cl\/portal\/wp-content\/uploads\/2016\/05\/Licores1.jpg?resize=227%2C150&amp;ssl=1 227w, https:\/\/i0.wp.com\/eltrabajo.cl\/portal\/wp-content\/uploads\/2016\/05\/Licores1.jpg?resize=400%2C264&amp;ssl=1 400w\" sizes=\"auto, (max-width: 530px) 100vw, 530px\" \/><figcaption id=\"caption-attachment-70200\" class=\"wp-caption-text\">MISERABLES LADRONES.- El mueble destinado a guardar los licores qued\u00f3 vac\u00edo, pareciera que los delincuentes quer\u00edan hacer un asado.<\/figcaption><\/figure>\n<figure id=\"attachment_70201\" aria-describedby=\"caption-attachment-70201\" style=\"width: 530px\" class=\"wp-caption alignnone\"><img data-recalc-dims=\"1\" loading=\"lazy\" decoding=\"async\" class=\"wp-image-70201 size-full\" src=\"https:\/\/i0.wp.com\/www.eltrabajo.cl\/portal\/wp-content\/uploads\/2016\/05\/Entrada1.jpg?resize=530%2C348\" alt=\"\u00bfQUI\u00c9N PODR\u00c1 DEFENDERNOS?.- Por esta parte, la cual ya fue cerrada, ingresaron los delincuentes aprovechando la oscuridad de la noche.\" width=\"530\" height=\"348\" srcset=\"https:\/\/i0.wp.com\/eltrabajo.cl\/portal\/wp-content\/uploads\/2016\/05\/Entrada1.jpg?w=530&amp;ssl=1 530w, https:\/\/i0.wp.com\/eltrabajo.cl\/portal\/wp-content\/uploads\/2016\/05\/Entrada1.jpg?resize=200%2C131&amp;ssl=1 200w, https:\/\/i0.wp.com\/eltrabajo.cl\/portal\/wp-content\/uploads\/2016\/05\/Entrada1.jpg?resize=300%2C197&amp;ssl=1 300w, https:\/\/i0.wp.com\/eltrabajo.cl\/portal\/wp-content\/uploads\/2016\/05\/Entrada1.jpg?resize=228%2C150&amp;ssl=1 228w, https:\/\/i0.wp.com\/eltrabajo.cl\/portal\/wp-content\/uploads\/2016\/05\/Entrada1.jpg?resize=400%2C263&amp;ssl=1 400w\" sizes=\"auto, (max-width: 530px) 100vw, 530px\" \/><figcaption id=\"caption-attachment-70201\" class=\"wp-caption-text\">\u00bfQUI\u00c9N PODR\u00c1 DEFENDERNOS?.- Por esta parte, la cual ya fue cerrada, ingresaron los delincuentes aprovechando la oscuridad de la noche.<\/figcaption><\/figure>\n<figure id=\"attachment_70202\" aria-describedby=\"caption-attachment-70202\" style=\"width: 530px\" class=\"wp-caption alignnone\"><img data-recalc-dims=\"1\" loading=\"lazy\" decoding=\"async\" class=\"wp-image-70202 size-full\" src=\"https:\/\/i0.wp.com\/www.eltrabajo.cl\/portal\/wp-content\/uploads\/2016\/05\/Local28.jpg?resize=530%2C349\" alt=\"SIGUEN LOS ROBOS.- Do\u00f1a Berta es otra de las comerciantes sanfelipe\u00f1as afectadas por esta ola de robos, situaci\u00f3n que no cambi\u00f3 con el cambio de comandante en Carabineros de San Felipe.\" width=\"530\" height=\"349\" srcset=\"https:\/\/i0.wp.com\/eltrabajo.cl\/portal\/wp-content\/uploads\/2016\/05\/Local28.jpg?w=530&amp;ssl=1 530w, https:\/\/i0.wp.com\/eltrabajo.cl\/portal\/wp-content\/uploads\/2016\/05\/Local28.jpg?resize=200%2C132&amp;ssl=1 200w, https:\/\/i0.wp.com\/eltrabajo.cl\/portal\/wp-content\/uploads\/2016\/05\/Local28.jpg?resize=300%2C198&amp;ssl=1 300w, https:\/\/i0.wp.com\/eltrabajo.cl\/portal\/wp-content\/uploads\/2016\/05\/Local28.jpg?resize=228%2C150&amp;ssl=1 228w, https:\/\/i0.wp.com\/eltrabajo.cl\/portal\/wp-content\/uploads\/2016\/05\/Local28.jpg?resize=400%2C263&amp;ssl=1 400w\" sizes=\"auto, (max-width: 530px) 100vw, 530px\" \/><figcaption id=\"caption-attachment-70202\" class=\"wp-caption-text\">SIGUEN LOS ROBOS.- Do\u00f1a Berta es otra de las comerciantes sanfelipe\u00f1as afectadas por esta ola de robos, situaci\u00f3n que no cambi\u00f3 con el cambio de comandante en Carabineros de San Felipe.<\/figcaption><\/figure>\n<figure id=\"attachment_70203\" aria-describedby=\"caption-attachment-70203\" style=\"width: 300px\" class=\"wp-caption alignnone\"><img data-recalc-dims=\"1\" loading=\"lazy\" decoding=\"async\" class=\"wp-image-70203 size-medium\" src=\"https:\/\/i0.wp.com\/www.eltrabajo.cl\/portal\/wp-content\/uploads\/2016\/05\/Berta-Silva-300x197.jpg?resize=300%2C197\" alt=\"Berta Silva Trujillo, comerciante que ayer se convirti\u00f3 en la v\u00edctima del d\u00eda.\" width=\"300\" height=\"197\" srcset=\"https:\/\/i0.wp.com\/eltrabajo.cl\/portal\/wp-content\/uploads\/2016\/05\/Berta-Silva.jpg?resize=300%2C197&amp;ssl=1 300w, https:\/\/i0.wp.com\/eltrabajo.cl\/portal\/wp-content\/uploads\/2016\/05\/Berta-Silva.jpg?resize=200%2C131&amp;ssl=1 200w, https:\/\/i0.wp.com\/eltrabajo.cl\/portal\/wp-content\/uploads\/2016\/05\/Berta-Silva.jpg?resize=228%2C150&amp;ssl=1 228w, https:\/\/i0.wp.com\/eltrabajo.cl\/portal\/wp-content\/uploads\/2016\/05\/Berta-Silva.jpg?resize=400%2C263&amp;ssl=1 400w, https:\/\/i0.wp.com\/eltrabajo.cl\/portal\/wp-content\/uploads\/2016\/05\/Berta-Silva.jpg?w=530&amp;ssl=1 530w\" sizes=\"auto, (max-width: 300px) 100vw, 300px\" \/><figcaption id=\"caption-attachment-70203\" class=\"wp-caption-text\">Berta Silva Trujillo, comerciante que ayer se convirti\u00f3 en la v\u00edctima del d\u00eda.<\/figcaption><\/figure>\n","protected":false},"excerpt":{"rendered":"<p>Un nuevo golpe propin\u00f3 el hampa la noche de este jueves a otro comerciante en nuestra comuna, se trata del robo de toda la carne y los vinos que para atender a&#8230;<\/p>\n","protected":false},"author":482,"featured_media":70200,"comment_status":"open","ping_status":"open","sticky":false,"template":"","format":"standard","meta":{"advanced_seo_description":"","jetpack_seo_html_title":"","jetpack_seo_noindex":false,"_jetpack_memberships_contains_paid_content":false,"footnotes":""},"categories":[21],"tags":[],"class_list":["post-70199","post","type-post","status-publish","format-standard","has-post-thumbnail","hentry","category-policial"],"jetpack_featured_media_url":"https:\/\/i0.wp.com\/eltrabajo.cl\/portal\/wp-content\/uploads\/2016\/05\/Licores1.jpg?fit=530%2C350&ssl=1","jetpack_sharing_enabled":true,"jetpack_likes_enabled":true,"jetpack-related-posts":[],"_links":{"self":[{"href":"https:\/\/eltrabajo.cl\/portal\/wp-json\/wp\/v2\/posts\/70199","targetHints":{"allow":["GET"]}}],"collection":[{"href":"https:\/\/eltrabajo.cl\/portal\/wp-json\/wp\/v2\/posts"}],"about":[{"href":"https:\/\/eltrabajo.cl\/portal\/wp-json\/wp\/v2\/types\/post"}],"author":[{"embeddable":true,"href":"https:\/\/eltrabajo.cl\/portal\/wp-json\/wp\/v2\/users\/482"}],"replies":[{"embeddable":true,"href":"https:\/\/eltrabajo.cl\/portal\/wp-json\/wp\/v2\/comments?post=70199"}],"version-history":[{"count":0,"href":"https:\/\/eltrabajo.cl\/portal\/wp-json\/wp\/v2\/posts\/70199\/revisions"}],"wp:featuredmedia":[{"embeddable":true,"href":"https:\/\/eltrabajo.cl\/portal\/wp-json\/wp\/v2\/media\/70200"}],"wp:attachment":[{"href":"https:\/\/eltrabajo.cl\/portal\/wp-json\/wp\/v2\/media?parent=70199"}],"wp:term":[{"taxonomy":"category","embeddable":true,"href":"https:\/\/eltrabajo.cl\/portal\/wp-json\/wp\/v2\/categories?post=70199"},{"taxonomy":"post_tag","embeddable":true,"href":"https:\/\/eltrabajo.cl\/portal\/wp-json\/wp\/v2\/tags?post=70199"}],"curies":[{"name":"wp","href":"https:\/\/api.w.org\/{rel}","templated":true}]}}