{"id":70205,"date":"2016-05-27T09:45:49","date_gmt":"2016-05-27T13:45:49","guid":{"rendered":"http:\/\/www.eltrabajo.cl\/portal\/?p=70205"},"modified":"2016-05-27T09:58:33","modified_gmt":"2016-05-27T13:58:33","slug":"hoy-vence-plazo-para-postular-a-fondos-crece-de-sercotec","status":"publish","type":"post","link":"https:\/\/eltrabajo.cl\/portal\/hoy-vence-plazo-para-postular-a-fondos-crece-de-sercotec\/","title":{"rendered":"Hoy vence plazo para postular a fondos \u2018Crece\u2019 de Sercotec"},"content":{"rendered":"<figure id=\"attachment_70216\" aria-describedby=\"caption-attachment-70216\" style=\"width: 300px\" class=\"wp-caption alignleft\"><img data-recalc-dims=\"1\" loading=\"lazy\" decoding=\"async\" class=\"wp-image-70216 size-medium\" src=\"https:\/\/i0.wp.com\/www.eltrabajo.cl\/portal\/wp-content\/uploads\/2016\/05\/Alonso-Retamales-Seremi-Miner%C3%ADa-1-300x197.jpg?resize=300%2C197\" alt=\"Alonso Retamales, Seremi de Miner\u00eda de la Regi\u00f3n de Valpara\u00edso.\" width=\"300\" height=\"197\" srcset=\"https:\/\/i0.wp.com\/eltrabajo.cl\/portal\/wp-content\/uploads\/2016\/05\/Alonso-Retamales-Seremi-Miner%C3%ADa-1.jpg?resize=300%2C197&amp;ssl=1 300w, https:\/\/i0.wp.com\/eltrabajo.cl\/portal\/wp-content\/uploads\/2016\/05\/Alonso-Retamales-Seremi-Miner%C3%ADa-1.jpg?resize=200%2C131&amp;ssl=1 200w, https:\/\/i0.wp.com\/eltrabajo.cl\/portal\/wp-content\/uploads\/2016\/05\/Alonso-Retamales-Seremi-Miner%C3%ADa-1.jpg?resize=228%2C150&amp;ssl=1 228w, https:\/\/i0.wp.com\/eltrabajo.cl\/portal\/wp-content\/uploads\/2016\/05\/Alonso-Retamales-Seremi-Miner%C3%ADa-1.jpg?resize=400%2C263&amp;ssl=1 400w, https:\/\/i0.wp.com\/eltrabajo.cl\/portal\/wp-content\/uploads\/2016\/05\/Alonso-Retamales-Seremi-Miner%C3%ADa-1.jpg?w=530&amp;ssl=1 530w\" sizes=\"auto, (max-width: 300px) 100vw, 300px\" \/><figcaption id=\"caption-attachment-70216\" class=\"wp-caption-text\">Alonso Retamales, Seremi de Miner\u00eda de la Regi\u00f3n de Valpara\u00edso.<\/figcaption><\/figure>\n<ul>\n<li><strong>Es primera vez que se incluye a esta actividad econ\u00f3mica en esta l\u00ednea de financiamiento y se podr\u00e1 recibir hasta 6 millones de pesos para adquirir maquinaria y capacitar a sus trabajadores.<\/strong><\/li>\n<\/ul>\n<p>Debido a las dificultades que ha tenido la Miner\u00eda, con la baja en el precio de la libra de cobre en los mercados internacionales, este a\u00f1o, de forma in\u00e9dita, el rubro fue incluido en el Fondo de Desarrollo de Negocios \u2018Crece\u2019 del Servicio de Cooperaci\u00f3n T\u00e9cnica, Sercotec y hoy 27 de mayo, se vence el plazo para que los microempresarios que se dedican a esta actividad econ\u00f3mica en la Regi\u00f3n de Valpara\u00edso puedan, postular a esta l\u00ednea de financiamiento.<br \/>\nAs\u00ed lo record\u00f3 el Seremi de Miner\u00eda de la Regi\u00f3n de Valpara\u00edso Alonso Retamales, quien afirm\u00f3 que \u201cEste viernes 27 de mayo (hoy) vence el plazo para postular al programa Crece de Sercotec, iniciativa tiene por primera vez un componente orientado a la peque\u00f1a miner\u00eda y recursos destinados a ese sector y que hoy d\u00eda estamos haciendo la difusi\u00f3n entre los peque\u00f1os mineros y como Seremi de Miner\u00eda los vamos a estar apoyando en estas postulaciones y los invitamos a postular a esta importante iniciativa\u201d, declar\u00f3.<br \/>\nEl proceso de postulaci\u00f3n, se realiza en la p\u00e1gina web www.sercotec.cl y los peque\u00f1os mineros que necesitan alg\u00fan tipo de asesor\u00eda, pueden acercarse a las dependencias del Seremi de Miner\u00eda ubicadas en Avenida Yungay N\u00b0236, San Felipe o a las dependencias de Sercotec ubicadas en el 5\u00b0 piso de la Gobernaci\u00f3n de la Provincia de San Felipe.<br \/>\n\u2018Crece\u2019, es un subsidio no reembolsable de Sercotec destinado a potenciar el crecimiento de las micro y peque\u00f1as empresas, o su acceso a nuevas oportunidades de negocio. Este a\u00f1o el subsidio es de hasta 6 millones de pesos y apoya la implementaci\u00f3n de un plan de trabajo, aportando hasta 1,5 millones de pesos para acciones de gesti\u00f3n empresarial (como asistencias t\u00e9cnicas, capacitaciones y otras) destinadas al fortalecimiento de competencias de los empresarios y empresarias, y un monto m\u00e1ximo de 4,5 millones para inversiones contempladas en el plan de trabajo.<br \/>\nCabe mencionar, que cada empresa seleccionada debe aportar al menos un 30% del cofinanciamiento Sercotec. Pueden acceder micro y peque\u00f1as empresas con iniciaci\u00f3n de actividades ante Impuestos Internos en primera categor\u00eda, con ventas anuales entre UF 200 y 25.000; empresas con ventas anuales demostrables inferiores a UF 200, solo en el caso de tener menos de un a\u00f1o de existencia, y cooperativas con ventas demostrables promedio por asociado\/a menores a UF 25.000 al a\u00f1o.<br \/>\nEs necesario consignar que en el caso de la Provincia de Petorca y Los Andes, los interesados pueden resolver sus dudas en las oficinas de Sercotec ubicadas en las respectivas gobernaciones provinciales.<\/p>\n","protected":false},"excerpt":{"rendered":"<p>Es primera vez que se incluye a esta actividad econ\u00f3mica en esta l\u00ednea de financiamiento y se podr\u00e1 recibir hasta 6 millones de pesos para adquirir maquinaria y capacitar a sus trabajadores&#8230;.<\/p>\n","protected":false},"author":482,"featured_media":70216,"comment_status":"open","ping_status":"open","sticky":false,"template":"","format":"standard","meta":{"advanced_seo_description":"","jetpack_seo_html_title":"","jetpack_seo_noindex":false,"_jetpack_memberships_contains_paid_content":false,"footnotes":""},"categories":[1],"tags":[],"class_list":["post-70205","post","type-post","status-publish","format-standard","has-post-thumbnail","hentry","category-cronica"],"jetpack_featured_media_url":"https:\/\/i0.wp.com\/eltrabajo.cl\/portal\/wp-content\/uploads\/2016\/05\/Alonso-Retamales-Seremi-Miner%C3%ADa-1.jpg?fit=530%2C348&ssl=1","jetpack_sharing_enabled":true,"jetpack_likes_enabled":true,"jetpack-related-posts":[],"_links":{"self":[{"href":"https:\/\/eltrabajo.cl\/portal\/wp-json\/wp\/v2\/posts\/70205","targetHints":{"allow":["GET"]}}],"collection":[{"href":"https:\/\/eltrabajo.cl\/portal\/wp-json\/wp\/v2\/posts"}],"about":[{"href":"https:\/\/eltrabajo.cl\/portal\/wp-json\/wp\/v2\/types\/post"}],"author":[{"embeddable":true,"href":"https:\/\/eltrabajo.cl\/portal\/wp-json\/wp\/v2\/users\/482"}],"replies":[{"embeddable":true,"href":"https:\/\/eltrabajo.cl\/portal\/wp-json\/wp\/v2\/comments?post=70205"}],"version-history":[{"count":0,"href":"https:\/\/eltrabajo.cl\/portal\/wp-json\/wp\/v2\/posts\/70205\/revisions"}],"wp:featuredmedia":[{"embeddable":true,"href":"https:\/\/eltrabajo.cl\/portal\/wp-json\/wp\/v2\/media\/70216"}],"wp:attachment":[{"href":"https:\/\/eltrabajo.cl\/portal\/wp-json\/wp\/v2\/media?parent=70205"}],"wp:term":[{"taxonomy":"category","embeddable":true,"href":"https:\/\/eltrabajo.cl\/portal\/wp-json\/wp\/v2\/categories?post=70205"},{"taxonomy":"post_tag","embeddable":true,"href":"https:\/\/eltrabajo.cl\/portal\/wp-json\/wp\/v2\/tags?post=70205"}],"curies":[{"name":"wp","href":"https:\/\/api.w.org\/{rel}","templated":true}]}}