{"id":70208,"date":"2016-05-27T09:56:25","date_gmt":"2016-05-27T13:56:25","guid":{"rendered":"http:\/\/www.eltrabajo.cl\/portal\/?p=70208"},"modified":"2016-05-27T09:56:25","modified_gmt":"2016-05-27T13:56:25","slug":"alcalde-patricio-freire-fue-el-mejor-evaluado-de-toda-la-quinta-region","status":"publish","type":"post","link":"https:\/\/eltrabajo.cl\/portal\/alcalde-patricio-freire-fue-el-mejor-evaluado-de-toda-la-quinta-region\/","title":{"rendered":"Alcalde Patricio Freire fue el mejor evaluado de toda la Quinta Regi\u00f3n"},"content":{"rendered":"<figure id=\"attachment_70214\" aria-describedby=\"caption-attachment-70214\" style=\"width: 300px\" class=\"wp-caption alignleft\"><img data-recalc-dims=\"1\" loading=\"lazy\" decoding=\"async\" class=\"wp-image-70214 size-medium\" src=\"https:\/\/i0.wp.com\/www.eltrabajo.cl\/portal\/wp-content\/uploads\/2016\/05\/Piensa-Adimark2-2-300x198.jpg?resize=300%2C198\" alt=\"Estudio de Fundaci\u00f3n P!ensa y Adimark dej\u00f3 en el primer lugar al Alcalde Patricio Freire.\" width=\"300\" height=\"198\" srcset=\"https:\/\/i0.wp.com\/eltrabajo.cl\/portal\/wp-content\/uploads\/2016\/05\/Piensa-Adimark2-2.jpg?resize=300%2C198&amp;ssl=1 300w, https:\/\/i0.wp.com\/eltrabajo.cl\/portal\/wp-content\/uploads\/2016\/05\/Piensa-Adimark2-2.jpg?resize=200%2C132&amp;ssl=1 200w, https:\/\/i0.wp.com\/eltrabajo.cl\/portal\/wp-content\/uploads\/2016\/05\/Piensa-Adimark2-2.jpg?resize=227%2C150&amp;ssl=1 227w, https:\/\/i0.wp.com\/eltrabajo.cl\/portal\/wp-content\/uploads\/2016\/05\/Piensa-Adimark2-2.jpg?resize=400%2C264&amp;ssl=1 400w, https:\/\/i0.wp.com\/eltrabajo.cl\/portal\/wp-content\/uploads\/2016\/05\/Piensa-Adimark2-2.jpg?w=530&amp;ssl=1 530w\" sizes=\"auto, (max-width: 300px) 100vw, 300px\" \/><figcaption id=\"caption-attachment-70214\" class=\"wp-caption-text\">Estudio de Fundaci\u00f3n P!ensa y Adimark dej\u00f3 en el primer lugar al Alcalde Patricio Freire.<\/figcaption><\/figure>\n<ul>\n<li><strong>La mejor nota (5,9) y el mayor porcentaje de evaluaciones positivas, obtuvo el jefe comunal seg\u00fan el \u00faltimo estudio de Fundaci\u00f3n P!ensa y Adimark.<\/strong><\/li>\n<\/ul>\n<p>Visiblemente emocionado recibi\u00f3 en la tarde de ayer el Alcalde Patricio Freire, la noticia sobre la positiva calificaci\u00f3n de la comunidad a su gesti\u00f3n, posicion\u00e1ndolo en el primer lugar de los alcaldes mejor evaluados de toda la Regi\u00f3n de Valpara\u00edso.<br \/>\nLo anterior qued\u00f3 de manifiesto en la \u00faltima encuesta de Opini\u00f3n Pol\u00edtica de la Regi\u00f3n de Valpara\u00edso, desarrollada por la Fundaci\u00f3n P!ensa, que en conjunto con Adimark, establecieron la evaluaci\u00f3n que realiza la comunidad acerca de sus autoridades.<br \/>\nEl Alcalde de San Felipe desplaz\u00f3 a su hom\u00f3logo de Quillota, Luis Mella, quien el a\u00f1o pasado obtuvo el primer lugar. En la Encuesta del a\u00f1o 2016, Patricio Freire registr\u00f3 la mejor nota promedio, de 5,9; pero tambi\u00e9n el mayor porcentaje de evaluaciones positivas, con un 67 por ciento; seguido de la alcaldesa de Vi\u00f1a del Mar, Virginia Reginato, quien calific\u00f3 con nota 5,6.<br \/>\nGonzalo Bofill, Presidente de la Fundaci\u00f3n P!ensa y Roberto M\u00e9ndez, Presidente de Adimark; fueron los encargados de presentar los resultados de este estudio, que fue aplicado por GfK Adimark y que consider\u00f3 la realizaci\u00f3n de encuestas presenciales a un total de 1.651 personas de las principales comunas de la Regi\u00f3n.<br \/>\nSeg\u00fan se explic\u00f3, el prop\u00f3sito de esta encuesta es medir el conocimiento y la evaluaci\u00f3n de autoridades, la percepci\u00f3n sobre las reformas y el debate nacional; as\u00ed como la descentralizaci\u00f3n, el desarrollo regional, la transparencia, el control democr\u00e1tico y la participaci\u00f3n ciudadana.<br \/>\nEl alcalde Freire, al ser consultado por numerosos medios de comunicaci\u00f3n local y nacional presentes en la cita, desarrollada en uno de los salones del Sporting Club de Vi\u00f1a del Mar, reconoci\u00f3 que en general nunca ha tenido mayor inter\u00e9s por las encuestas. Sin embargo, admiti\u00f3 que \u00abeste es un impulso para nuestro trabajo y en realidad, me pone muy contento, porque deja en claro que la comunidad valora nuestra gesti\u00f3n\u00bb.<br \/>\n\u00abEsto confirma que el trabajo realizado durante estos a\u00f1os ha estado en sinton\u00eda con las verdaderas necesidades de nuestros vecinos y vecinas\u00bb, puntualiz\u00f3 la autoridad comunal.<\/p>\n<figure id=\"attachment_70210\" aria-describedby=\"caption-attachment-70210\" style=\"width: 530px\" class=\"wp-caption alignnone\"><img data-recalc-dims=\"1\" loading=\"lazy\" decoding=\"async\" class=\"wp-image-70210 size-full\" src=\"https:\/\/i0.wp.com\/www.eltrabajo.cl\/portal\/wp-content\/uploads\/2016\/05\/Piensa-Adimark-1.jpg?resize=530%2C350\" alt=\"En el Sporting Club de Vi\u00f1a del Mar se entregaron los resultados de la \u00faltima encuesta de Opini\u00f3n Pol\u00edtica de la Regi\u00f3n de Valpara\u00edso, desarrollada por Fundaci\u00f3n P!ensa en conjunto con Adimark.\" width=\"530\" height=\"350\" srcset=\"https:\/\/i0.wp.com\/eltrabajo.cl\/portal\/wp-content\/uploads\/2016\/05\/Piensa-Adimark-1.jpg?w=530&amp;ssl=1 530w, https:\/\/i0.wp.com\/eltrabajo.cl\/portal\/wp-content\/uploads\/2016\/05\/Piensa-Adimark-1.jpg?resize=200%2C132&amp;ssl=1 200w, https:\/\/i0.wp.com\/eltrabajo.cl\/portal\/wp-content\/uploads\/2016\/05\/Piensa-Adimark-1.jpg?resize=300%2C198&amp;ssl=1 300w, https:\/\/i0.wp.com\/eltrabajo.cl\/portal\/wp-content\/uploads\/2016\/05\/Piensa-Adimark-1.jpg?resize=227%2C150&amp;ssl=1 227w, https:\/\/i0.wp.com\/eltrabajo.cl\/portal\/wp-content\/uploads\/2016\/05\/Piensa-Adimark-1.jpg?resize=400%2C264&amp;ssl=1 400w\" sizes=\"auto, (max-width: 530px) 100vw, 530px\" \/><figcaption id=\"caption-attachment-70210\" class=\"wp-caption-text\">En el Sporting Club de Vi\u00f1a del Mar se entregaron los resultados de la \u00faltima encuesta de Opini\u00f3n Pol\u00edtica de la Regi\u00f3n de Valpara\u00edso, desarrollada por Fundaci\u00f3n P!ensa en conjunto con Adimark.<\/figcaption><\/figure>\n","protected":false},"excerpt":{"rendered":"<p>La mejor nota (5,9) y el mayor porcentaje de evaluaciones positivas, obtuvo el jefe comunal seg\u00fan el \u00faltimo estudio de Fundaci\u00f3n P!ensa y Adimark. Visiblemente emocionado recibi\u00f3 en la tarde de ayer&#8230;<\/p>\n","protected":false},"author":482,"featured_media":70214,"comment_status":"open","ping_status":"open","sticky":false,"template":"","format":"standard","meta":{"advanced_seo_description":"","jetpack_seo_html_title":"","jetpack_seo_noindex":false,"_jetpack_memberships_contains_paid_content":false,"footnotes":""},"categories":[1],"tags":[],"class_list":["post-70208","post","type-post","status-publish","format-standard","has-post-thumbnail","hentry","category-cronica"],"jetpack_featured_media_url":"https:\/\/i0.wp.com\/eltrabajo.cl\/portal\/wp-content\/uploads\/2016\/05\/Piensa-Adimark2-2.jpg?fit=530%2C350&ssl=1","jetpack_sharing_enabled":true,"jetpack_likes_enabled":true,"jetpack-related-posts":[],"_links":{"self":[{"href":"https:\/\/eltrabajo.cl\/portal\/wp-json\/wp\/v2\/posts\/70208","targetHints":{"allow":["GET"]}}],"collection":[{"href":"https:\/\/eltrabajo.cl\/portal\/wp-json\/wp\/v2\/posts"}],"about":[{"href":"https:\/\/eltrabajo.cl\/portal\/wp-json\/wp\/v2\/types\/post"}],"author":[{"embeddable":true,"href":"https:\/\/eltrabajo.cl\/portal\/wp-json\/wp\/v2\/users\/482"}],"replies":[{"embeddable":true,"href":"https:\/\/eltrabajo.cl\/portal\/wp-json\/wp\/v2\/comments?post=70208"}],"version-history":[{"count":0,"href":"https:\/\/eltrabajo.cl\/portal\/wp-json\/wp\/v2\/posts\/70208\/revisions"}],"wp:featuredmedia":[{"embeddable":true,"href":"https:\/\/eltrabajo.cl\/portal\/wp-json\/wp\/v2\/media\/70214"}],"wp:attachment":[{"href":"https:\/\/eltrabajo.cl\/portal\/wp-json\/wp\/v2\/media?parent=70208"}],"wp:term":[{"taxonomy":"category","embeddable":true,"href":"https:\/\/eltrabajo.cl\/portal\/wp-json\/wp\/v2\/categories?post=70208"},{"taxonomy":"post_tag","embeddable":true,"href":"https:\/\/eltrabajo.cl\/portal\/wp-json\/wp\/v2\/tags?post=70208"}],"curies":[{"name":"wp","href":"https:\/\/api.w.org\/{rel}","templated":true}]}}