{"id":70219,"date":"2016-05-27T10:13:07","date_gmt":"2016-05-27T14:13:07","guid":{"rendered":"http:\/\/www.eltrabajo.cl\/portal\/?p=70219"},"modified":"2016-05-27T10:13:07","modified_gmt":"2016-05-27T14:13:07","slug":"bolivianos-internaron-gran-cargamento-de-marihuana-y-pasta-base-en-aconcagua","status":"publish","type":"post","link":"https:\/\/eltrabajo.cl\/portal\/bolivianos-internaron-gran-cargamento-de-marihuana-y-pasta-base-en-aconcagua\/","title":{"rendered":"Bolivianos internaron gran cargamento de marihuana y pasta base en Aconcagua"},"content":{"rendered":"<ul>\n<li><strong>La droga, ten\u00eda como destino ser comercializada en San Felipe y Los Andes. Estos \u2018burreros\u2019 internacionales trasportaron en maletas los estupefacientes desde el norte del pa\u00eds, manteniendo d\u00f3lares americanos y moneda nacional chilena.<\/strong><\/li>\n<\/ul>\n<p>Uno de los m\u00e1s importante operativos enmarcados dentro de este a\u00f1o, ejecut\u00f3 el OS7 de Carabineros, desarticulando una banda criminal compuesta por cuatro individuos de nacionalidad boliviana quienes internaron al pa\u00eds 36 kilos de marihuana y ocho kilos de pasta base de coca\u00edna que ser\u00eda comercializada en las provincias de San Felipe y Los Andes.<br \/>\nCarabineros inform\u00f3, que las diligencias concretadas durante la tarde de este martes, establecieron que un sujeto bajo el seud\u00f3nimo de \u2018Emilio\u2019 provey\u00f3 de la droga intern\u00e1ndola al pa\u00eds por medio de una red de \u2018burreros\u2019 de nacionalidad boliviana con el objetivo de trasladarla desde el norte de Chile hasta la comuna de Los Andes en las dependencias del terminal de buses.<br \/>\nTodos estos movimientos, estaban sigilosamente en la mira de los efectivos de OS7 de Carabineros, quienes, tras vigilancias respectivas hacia los investigados, lograron comprobar el il\u00edcito, demostr\u00e1ndose que los estupefacientes ven\u00edan ocultos entre sus vestimentas en maletas de viaje.<br \/>\nDurante los operativos, se logr\u00f3 detener a la banda de bolivianos liderada por Le\u00f3nidas Claros Villarroel de 44 a\u00f1os de edad, \u00a0Emeterio P\u00e9rez Mateos (36), Esperanza Fabrica Berna\u00a0 (37), Cristina Romero Coca (46), quienes, trasladaban la droga en paquetes recubiertos con cinta adhesiva.<br \/>\nEl detalle de estas sustancias, arroj\u00f3 un total de 36 kilos 222 gramos de marihuana prensada, 8 kilos 218 gramos de pasta base de coca\u00edna, 850 d\u00f3lares americanos y $410.000 en moneda nacional.<br \/>\nDesde la instituci\u00f3n, fue altamente valorado estos operativos que permitieron sacar de circulaci\u00f3n 113.534.000 dosis de drogas, que ser\u00edan comercializadas en Aconcagua, obteniendo altas sumas de dinero por estos il\u00edcitos, logrando desarticular esta banda internacional.<br \/>\nEn tanto los imputados, fueron derivados hasta el Juzgado de Garant\u00eda de Los Andes, para ser formalizados por la Fiscal\u00eda bajo los cargos de tr\u00e1fico de drogas. Por representar un serio peligro para la salud de sociedad, este tribunal decret\u00f3 que los acusados permanecieran en prisi\u00f3n preventiva fijando un plazo de investigaci\u00f3n de cinco meses.<br \/>\n<strong>Pablo Salinas Sald\u00edas<\/strong><\/p>\n<figure id=\"attachment_70223\" aria-describedby=\"caption-attachment-70223\" style=\"width: 530px\" class=\"wp-caption alignleft\"><img data-recalc-dims=\"1\" loading=\"lazy\" decoding=\"async\" class=\"wp-image-70223 size-full\" src=\"https:\/\/i0.wp.com\/www.eltrabajo.cl\/portal\/wp-content\/uploads\/2016\/05\/BOLIVIANOS-copia.jpg?resize=530%2C348\" alt=\"La banda de bolivianos liderada por Le\u00f3nidas Claros Villarroel de 44 a\u00f1os de edad,  \u00a0Emeterio P\u00e9rez Mateos (36), Esperanza Fabrica Berna\u00a0 (37), Cristina Romero Coca (46).\" width=\"530\" height=\"348\" srcset=\"https:\/\/i0.wp.com\/eltrabajo.cl\/portal\/wp-content\/uploads\/2016\/05\/BOLIVIANOS-copia.jpg?w=530&amp;ssl=1 530w, https:\/\/i0.wp.com\/eltrabajo.cl\/portal\/wp-content\/uploads\/2016\/05\/BOLIVIANOS-copia.jpg?resize=200%2C131&amp;ssl=1 200w, https:\/\/i0.wp.com\/eltrabajo.cl\/portal\/wp-content\/uploads\/2016\/05\/BOLIVIANOS-copia.jpg?resize=300%2C197&amp;ssl=1 300w, https:\/\/i0.wp.com\/eltrabajo.cl\/portal\/wp-content\/uploads\/2016\/05\/BOLIVIANOS-copia.jpg?resize=228%2C150&amp;ssl=1 228w, https:\/\/i0.wp.com\/eltrabajo.cl\/portal\/wp-content\/uploads\/2016\/05\/BOLIVIANOS-copia.jpg?resize=400%2C263&amp;ssl=1 400w\" sizes=\"auto, (max-width: 530px) 100vw, 530px\" \/><figcaption id=\"caption-attachment-70223\" class=\"wp-caption-text\">La banda de bolivianos liderada por Le\u00f3nidas Claros Villarroel de 44 a\u00f1os de edad, \u00a0Emeterio P\u00e9rez Mateos (36), Esperanza Fabrica Berna\u00a0 (37), Cristina Romero Coca (46).<\/figcaption><\/figure>\n<p>&nbsp;<\/p>\n<figure id=\"attachment_70220\" aria-describedby=\"caption-attachment-70220\" style=\"width: 530px\" class=\"wp-caption alignleft\"><img data-recalc-dims=\"1\" loading=\"lazy\" decoding=\"async\" class=\"wp-image-70220 size-full\" src=\"https:\/\/i0.wp.com\/www.eltrabajo.cl\/portal\/wp-content\/uploads\/2016\/05\/drogas-2.jpg?resize=530%2C348\" alt=\"Las sustancias eran trasportadas en paquetes sellados con cintas adhesivas.\" width=\"530\" height=\"348\" srcset=\"https:\/\/i0.wp.com\/eltrabajo.cl\/portal\/wp-content\/uploads\/2016\/05\/drogas-2.jpg?w=530&amp;ssl=1 530w, https:\/\/i0.wp.com\/eltrabajo.cl\/portal\/wp-content\/uploads\/2016\/05\/drogas-2.jpg?resize=200%2C131&amp;ssl=1 200w, https:\/\/i0.wp.com\/eltrabajo.cl\/portal\/wp-content\/uploads\/2016\/05\/drogas-2.jpg?resize=300%2C197&amp;ssl=1 300w, https:\/\/i0.wp.com\/eltrabajo.cl\/portal\/wp-content\/uploads\/2016\/05\/drogas-2.jpg?resize=228%2C150&amp;ssl=1 228w, https:\/\/i0.wp.com\/eltrabajo.cl\/portal\/wp-content\/uploads\/2016\/05\/drogas-2.jpg?resize=400%2C263&amp;ssl=1 400w\" sizes=\"auto, (max-width: 530px) 100vw, 530px\" \/><figcaption id=\"caption-attachment-70220\" class=\"wp-caption-text\">Las sustancias eran trasportadas en paquetes sellados con cintas adhesivas.<\/figcaption><\/figure>\n<figure id=\"attachment_70221\" aria-describedby=\"caption-attachment-70221\" style=\"width: 530px\" class=\"wp-caption alignleft\"><img data-recalc-dims=\"1\" loading=\"lazy\" decoding=\"async\" class=\"wp-image-70221 size-full\" src=\"https:\/\/i0.wp.com\/www.eltrabajo.cl\/portal\/wp-content\/uploads\/2016\/05\/DROGAS-BOLIVIANAS-1.jpg?resize=530%2C348\" alt=\"Un total de 36 kilos de marihuana prensada y ocho kilos de pasta base de coca\u00edna incaut\u00f3 el personal de OS7 de Carabineros la tarde de este martes.\" width=\"530\" height=\"348\" srcset=\"https:\/\/i0.wp.com\/eltrabajo.cl\/portal\/wp-content\/uploads\/2016\/05\/DROGAS-BOLIVIANAS-1.jpg?w=530&amp;ssl=1 530w, https:\/\/i0.wp.com\/eltrabajo.cl\/portal\/wp-content\/uploads\/2016\/05\/DROGAS-BOLIVIANAS-1.jpg?resize=200%2C131&amp;ssl=1 200w, https:\/\/i0.wp.com\/eltrabajo.cl\/portal\/wp-content\/uploads\/2016\/05\/DROGAS-BOLIVIANAS-1.jpg?resize=300%2C197&amp;ssl=1 300w, https:\/\/i0.wp.com\/eltrabajo.cl\/portal\/wp-content\/uploads\/2016\/05\/DROGAS-BOLIVIANAS-1.jpg?resize=228%2C150&amp;ssl=1 228w, https:\/\/i0.wp.com\/eltrabajo.cl\/portal\/wp-content\/uploads\/2016\/05\/DROGAS-BOLIVIANAS-1.jpg?resize=400%2C263&amp;ssl=1 400w\" sizes=\"auto, (max-width: 530px) 100vw, 530px\" \/><figcaption id=\"caption-attachment-70221\" class=\"wp-caption-text\">Un total de 36 kilos de marihuana prensada y ocho kilos de pasta base de coca\u00edna incaut\u00f3 el personal de OS7 de Carabineros la tarde de este martes.<\/figcaption><\/figure>\n<p>&nbsp;<\/p>\n","protected":false},"excerpt":{"rendered":"<p>La droga, ten\u00eda como destino ser comercializada en San Felipe y Los Andes. Estos \u2018burreros\u2019 internacionales trasportaron en maletas los estupefacientes desde el norte del pa\u00eds, manteniendo d\u00f3lares americanos y moneda nacional&#8230;<\/p>\n","protected":false},"author":482,"featured_media":70223,"comment_status":"open","ping_status":"open","sticky":false,"template":"","format":"standard","meta":{"advanced_seo_description":"","jetpack_seo_html_title":"","jetpack_seo_noindex":false,"_jetpack_memberships_contains_paid_content":false,"footnotes":""},"categories":[21],"tags":[],"class_list":["post-70219","post","type-post","status-publish","format-standard","has-post-thumbnail","hentry","category-policial"],"jetpack_featured_media_url":"https:\/\/i0.wp.com\/eltrabajo.cl\/portal\/wp-content\/uploads\/2016\/05\/BOLIVIANOS-copia.jpg?fit=530%2C348&ssl=1","jetpack_sharing_enabled":true,"jetpack_likes_enabled":true,"jetpack-related-posts":[],"_links":{"self":[{"href":"https:\/\/eltrabajo.cl\/portal\/wp-json\/wp\/v2\/posts\/70219","targetHints":{"allow":["GET"]}}],"collection":[{"href":"https:\/\/eltrabajo.cl\/portal\/wp-json\/wp\/v2\/posts"}],"about":[{"href":"https:\/\/eltrabajo.cl\/portal\/wp-json\/wp\/v2\/types\/post"}],"author":[{"embeddable":true,"href":"https:\/\/eltrabajo.cl\/portal\/wp-json\/wp\/v2\/users\/482"}],"replies":[{"embeddable":true,"href":"https:\/\/eltrabajo.cl\/portal\/wp-json\/wp\/v2\/comments?post=70219"}],"version-history":[{"count":0,"href":"https:\/\/eltrabajo.cl\/portal\/wp-json\/wp\/v2\/posts\/70219\/revisions"}],"wp:featuredmedia":[{"embeddable":true,"href":"https:\/\/eltrabajo.cl\/portal\/wp-json\/wp\/v2\/media\/70223"}],"wp:attachment":[{"href":"https:\/\/eltrabajo.cl\/portal\/wp-json\/wp\/v2\/media?parent=70219"}],"wp:term":[{"taxonomy":"category","embeddable":true,"href":"https:\/\/eltrabajo.cl\/portal\/wp-json\/wp\/v2\/categories?post=70219"},{"taxonomy":"post_tag","embeddable":true,"href":"https:\/\/eltrabajo.cl\/portal\/wp-json\/wp\/v2\/tags?post=70219"}],"curies":[{"name":"wp","href":"https:\/\/api.w.org\/{rel}","templated":true}]}}