{"id":70226,"date":"2016-05-27T10:14:30","date_gmt":"2016-05-27T14:14:30","guid":{"rendered":"http:\/\/www.eltrabajo.cl\/portal\/?p=70226"},"modified":"2016-05-27T10:14:30","modified_gmt":"2016-05-27T14:14:30","slug":"ladron-quedo-atrapado-al-interior-del-quiosco-que-intento-robar-en-pleno-centro-de-san-felipe","status":"publish","type":"post","link":"https:\/\/eltrabajo.cl\/portal\/ladron-quedo-atrapado-al-interior-del-quiosco-que-intento-robar-en-pleno-centro-de-san-felipe\/","title":{"rendered":"Ladr\u00f3n qued\u00f3 atrapado al interior del quiosco que intent\u00f3 robar en pleno centro de San Felipe"},"content":{"rendered":"<figure id=\"attachment_70227\" aria-describedby=\"caption-attachment-70227\" style=\"width: 300px\" class=\"wp-caption alignleft\"><img data-recalc-dims=\"1\" loading=\"lazy\" decoding=\"async\" class=\"wp-image-70227 size-medium\" src=\"https:\/\/i0.wp.com\/www.eltrabajo.cl\/portal\/wp-content\/uploads\/2016\/05\/Luis-Zelaya-300x199.jpg?resize=300%2C199\" alt=\"Luis Zelaya, popular suplementero sanfelipe\u00f1o, esta vez v\u00edctima de robo frustrado.\" width=\"300\" height=\"199\" srcset=\"https:\/\/i0.wp.com\/eltrabajo.cl\/portal\/wp-content\/uploads\/2016\/05\/Luis-Zelaya.jpg?resize=300%2C199&amp;ssl=1 300w, https:\/\/i0.wp.com\/eltrabajo.cl\/portal\/wp-content\/uploads\/2016\/05\/Luis-Zelaya.jpg?resize=200%2C133&amp;ssl=1 200w, https:\/\/i0.wp.com\/eltrabajo.cl\/portal\/wp-content\/uploads\/2016\/05\/Luis-Zelaya.jpg?resize=226%2C150&amp;ssl=1 226w, https:\/\/i0.wp.com\/eltrabajo.cl\/portal\/wp-content\/uploads\/2016\/05\/Luis-Zelaya.jpg?resize=400%2C265&amp;ssl=1 400w, https:\/\/i0.wp.com\/eltrabajo.cl\/portal\/wp-content\/uploads\/2016\/05\/Luis-Zelaya.jpg?w=528&amp;ssl=1 528w\" sizes=\"auto, (max-width: 300px) 100vw, 300px\" \/><figcaption id=\"caption-attachment-70227\" class=\"wp-caption-text\">Luis Zelaya, popular suplementero sanfelipe\u00f1o, esta vez v\u00edctima de robo frustrado.<\/figcaption><\/figure>\n<ul>\n<li><strong>Pareja de antisociales ingresaron realizando un forado en el techo, sin embargo s\u00f3lo uno de ellos logr\u00f3 abandonar el local siendo atrapado por Carabineros a pocos metros. El otro sujeto fue detenido con las manos en la masa.<\/strong><\/li>\n<\/ul>\n<p>A\u00fan no terminaba de celebrar el d\u00eda nacional de su oficio, cuando la madrugada de ayer, Luis Zelaya \u2013uno de los suplementeros m\u00e1s populares de San Felipe-, recibi\u00f3 el llamado de Carabineros, avis\u00e1ndole de un nuevo robo efectuado en su quiosco ubicado en calle merced al llegar a Salinas.<br \/>\nEsta vez, dos tipos intentaron sustraer las especies del local, pero s\u00f3lo uno de ellos logr\u00f3 su cometido, pues el otro antisocial qued\u00f3 atrapado al interior, siendo apercibido por efectivos de Carabineros, quienes dieron aviso al propietario. Seg\u00fan lo narrado por Zelaya, es la segunda vez en el mes que intentan robarle sus productos; la primera de ellas, la semana pasada cuando los delincuentes intentaron ingresar al negocio por la puerta principal; mientras que en esta oportunidad los individuos realizaron un forado en el techo para lograr perpetrar el il\u00edcito.<br \/>\n\u00abCarabineros como a las 5.10 (am) me llam\u00f3 y me pidi\u00f3 que viniera a abrir y ah\u00ed se lo llevaron, al otro sujeto lo pillaron en la plaza c\u00edvica, pero ya tienen unas cosas sacadas ellos\u2026 Debe ser como de medio metro el forado por donde se metieron y por eso despu\u00e9s no pudieron salir, esa fue la complicaci\u00f3n que tuvieron\u00bb, relat\u00f3 el suplementero.<br \/>\nSeg\u00fan el comerciante sanfelipe\u00f1o, la sensaci\u00f3n de inseguridad es total, llegando al punto de no saber qu\u00e9 hacer para resguardar de mejor forma su fuente de trabajo. En Diciembre de 2015, Zelaya sufri\u00f3 el robo de gran parte de su mercader\u00eda, y aunque en esta ocasi\u00f3n no lograron desvalijar su quiosco, \u2018el Lucho\u2019 debe seguir invirtiendo plata en reparaciones y en medidas de seguridad.<br \/>\n\u00abEs m\u00e1s el da\u00f1o que hacen\u2026 me dicen que ponga m\u00e1s seguridad, pero qu\u00e9 m\u00e1s voy a colocar si te rompen candados. El otro d\u00eda intentaron entrar por la puerta, la hicieron tira, doblaron las latas, ya no hay nada que hacer, es decir, que m\u00e1s podemos poner si no respetan nada\u00bb, cont\u00f3 Zelaya, agregando que \u00abimag\u00ednense que yo me voy como la 1.30 de ac\u00e1 todos los d\u00edas y a las 5 de la ma\u00f1ana te est\u00e1n avisando que te abrieron\u2026\u2019no dorm\u00eds\u2019 bien, pensando en lo que te vas a encontrar al otro d\u00eda\u00bb, expres\u00f3 con una mezcla de resignaci\u00f3n e impotencia.<br \/>\nFinalmente, Zelaya asever\u00f3 que desde el a\u00f1o 1998 ha sido v\u00edctima de m\u00e1s de 15 robos y que uno de los sujetos que esta vez intent\u00f3 robarle, es de la Villa Los \u00c1lamos y que \u00e9ste, es un delincuente habitual de las calles sanfelipe\u00f1as.<\/p>\n","protected":false},"excerpt":{"rendered":"<p>Pareja de antisociales ingresaron realizando un forado en el techo, sin embargo s\u00f3lo uno de ellos logr\u00f3 abandonar el local siendo atrapado por Carabineros a pocos metros. El otro sujeto fue detenido&#8230;<\/p>\n","protected":false},"author":482,"featured_media":70227,"comment_status":"open","ping_status":"open","sticky":false,"template":"","format":"standard","meta":{"advanced_seo_description":"","jetpack_seo_html_title":"","jetpack_seo_noindex":false,"_jetpack_memberships_contains_paid_content":false,"footnotes":""},"categories":[21],"tags":[],"class_list":["post-70226","post","type-post","status-publish","format-standard","has-post-thumbnail","hentry","category-policial"],"jetpack_featured_media_url":"https:\/\/i0.wp.com\/eltrabajo.cl\/portal\/wp-content\/uploads\/2016\/05\/Luis-Zelaya.jpg?fit=528%2C350&ssl=1","jetpack_sharing_enabled":true,"jetpack_likes_enabled":true,"jetpack-related-posts":[],"_links":{"self":[{"href":"https:\/\/eltrabajo.cl\/portal\/wp-json\/wp\/v2\/posts\/70226","targetHints":{"allow":["GET"]}}],"collection":[{"href":"https:\/\/eltrabajo.cl\/portal\/wp-json\/wp\/v2\/posts"}],"about":[{"href":"https:\/\/eltrabajo.cl\/portal\/wp-json\/wp\/v2\/types\/post"}],"author":[{"embeddable":true,"href":"https:\/\/eltrabajo.cl\/portal\/wp-json\/wp\/v2\/users\/482"}],"replies":[{"embeddable":true,"href":"https:\/\/eltrabajo.cl\/portal\/wp-json\/wp\/v2\/comments?post=70226"}],"version-history":[{"count":0,"href":"https:\/\/eltrabajo.cl\/portal\/wp-json\/wp\/v2\/posts\/70226\/revisions"}],"wp:featuredmedia":[{"embeddable":true,"href":"https:\/\/eltrabajo.cl\/portal\/wp-json\/wp\/v2\/media\/70227"}],"wp:attachment":[{"href":"https:\/\/eltrabajo.cl\/portal\/wp-json\/wp\/v2\/media?parent=70226"}],"wp:term":[{"taxonomy":"category","embeddable":true,"href":"https:\/\/eltrabajo.cl\/portal\/wp-json\/wp\/v2\/categories?post=70226"},{"taxonomy":"post_tag","embeddable":true,"href":"https:\/\/eltrabajo.cl\/portal\/wp-json\/wp\/v2\/tags?post=70226"}],"curies":[{"name":"wp","href":"https:\/\/api.w.org\/{rel}","templated":true}]}}