{"id":70232,"date":"2016-05-30T09:21:50","date_gmt":"2016-05-30T13:21:50","guid":{"rendered":"http:\/\/www.eltrabajo.cl\/portal\/?p=70232"},"modified":"2016-05-30T09:21:50","modified_gmt":"2016-05-30T13:21:50","slug":"emotivo-encuentro-de-hermanas-que-fueron-apartadas-hace-16-anos","status":"publish","type":"post","link":"https:\/\/eltrabajo.cl\/portal\/emotivo-encuentro-de-hermanas-que-fueron-apartadas-hace-16-anos\/","title":{"rendered":"Emotivo encuentro de hermanas que fueron apartadas hace 16 a\u00f1os"},"content":{"rendered":"<p><strong>LOS ANDES.-<\/strong> La Patrulla Comunitaria de Carabineros, favorecieron un emocionante reencuentro entre hermanas, que fueron separadas, por sucesos familiares, persiguiendo cada una su vida.<br \/>\nTodo parti\u00f3 hace 16 a\u00f1os, cuando muere la madre de ambas hermanas. Clara Tapia, una de las afectadas, se da cuenta de lo acontecido cuando se dispon\u00eda a realizar los tr\u00e1mites de sepultaci\u00f3n de su madre. Se pone al corriente de que ten\u00eda una hermana menor y que residir\u00eda en la ciudad de Los Andes. La enterada, se contact\u00f3 en la Comisar\u00eda de San Clemente con el Sargento 1\u00ba Luis Novoa, quien hace 15 d\u00edas inici\u00f3 las indagaciones con la Patrulla Comunitaria de Carabineros de Los Andes para que ubicara a esta hermana menor de nombre Carol Tapia Tapia.<br \/>\nDe esta forma, El Suboficial Eduardo Saavedra junto Sargento 1\u00ba Belamiro Varas fueron hasta el domicilio que manten\u00eda registrado Carol Tapia en la poblaci\u00f3n Gabriela Mistral, logrando ubicarla y entrevistarse con ella.<br \/>\nSorprendida, Carol supo por los Carabineros de la Patrulla Comunitaria que ten\u00eda una hermana mayor que la estaba buscando desde el a\u00f1o 2010.<br \/>\nCarol, relat\u00f3 que no hab\u00eda tenido contacto con ning\u00fan familiar consangu\u00edneo desde hace 16 a\u00f1os, pues cuando ten\u00eda 2 a\u00f1os su madre la entreg\u00f3 a otra familia para que la cuidara.<br \/>\nFue as\u00ed que la Patrulla Comunitaria, propici\u00f3 este reencuentro y la tarde del viernes, lleg\u00f3 desde San Clemente Clara Tapia junto a su peque\u00f1a hija. All\u00ed, por fin pudo conocer a Carol y ambas hermanas se fundieron en un solo abrazo de amor, pese a que por a\u00f1os ambas nunca supieron de su existencia.<\/p>\n<figure id=\"attachment_70233\" aria-describedby=\"caption-attachment-70233\" style=\"width: 530px\" class=\"wp-caption alignleft\"><a href=\"http:\/\/www.eltrabajo.cl\/portal\/emotivo-encuentro-de-hermanas-que-fueron-apartadas-hace-16-anos\/reencuentro_clara3\/\" rel=\"attachment wp-att-70233\"><img data-recalc-dims=\"1\" loading=\"lazy\" decoding=\"async\" class=\"size-full wp-image-70233\" src=\"https:\/\/i0.wp.com\/www.eltrabajo.cl\/portal\/wp-content\/uploads\/2016\/05\/reencuentro_clara3.jpg?resize=530%2C349\" alt=\"En una ceremonia efectuada en la misma Comisaria se llev\u00f3 a cabo este reencuentro que devolvi\u00f3 la alegr\u00eda una familia.\" width=\"530\" height=\"349\" srcset=\"https:\/\/i0.wp.com\/eltrabajo.cl\/portal\/wp-content\/uploads\/2016\/05\/reencuentro_clara3.jpg?w=530&amp;ssl=1 530w, https:\/\/i0.wp.com\/eltrabajo.cl\/portal\/wp-content\/uploads\/2016\/05\/reencuentro_clara3.jpg?resize=200%2C132&amp;ssl=1 200w, https:\/\/i0.wp.com\/eltrabajo.cl\/portal\/wp-content\/uploads\/2016\/05\/reencuentro_clara3.jpg?resize=300%2C198&amp;ssl=1 300w, https:\/\/i0.wp.com\/eltrabajo.cl\/portal\/wp-content\/uploads\/2016\/05\/reencuentro_clara3.jpg?resize=228%2C150&amp;ssl=1 228w, https:\/\/i0.wp.com\/eltrabajo.cl\/portal\/wp-content\/uploads\/2016\/05\/reencuentro_clara3.jpg?resize=400%2C263&amp;ssl=1 400w\" sizes=\"auto, (max-width: 530px) 100vw, 530px\" \/><\/a><figcaption id=\"caption-attachment-70233\" class=\"wp-caption-text\">En una ceremonia efectuada en la misma Comisaria se llev\u00f3 a cabo este reencuentro que devolvi\u00f3 la alegr\u00eda una familia.<\/figcaption><\/figure>\n","protected":false},"excerpt":{"rendered":"<p>LOS ANDES.- La Patrulla Comunitaria de Carabineros, favorecieron un emocionante reencuentro entre hermanas, que fueron separadas, por sucesos familiares, persiguiendo cada una su vida. Todo parti\u00f3 hace 16 a\u00f1os, cuando muere la&#8230;<\/p>\n","protected":false},"author":1,"featured_media":70233,"comment_status":"open","ping_status":"open","sticky":false,"template":"","format":"standard","meta":{"advanced_seo_description":"","jetpack_seo_html_title":"","jetpack_seo_noindex":false,"_jetpack_memberships_contains_paid_content":false,"footnotes":""},"categories":[15],"tags":[],"class_list":["post-70232","post","type-post","status-publish","format-standard","has-post-thumbnail","hentry","category-comunidad"],"jetpack_featured_media_url":"https:\/\/i0.wp.com\/eltrabajo.cl\/portal\/wp-content\/uploads\/2016\/05\/reencuentro_clara3.jpg?fit=530%2C349&ssl=1","jetpack_sharing_enabled":true,"jetpack_likes_enabled":true,"jetpack-related-posts":[],"_links":{"self":[{"href":"https:\/\/eltrabajo.cl\/portal\/wp-json\/wp\/v2\/posts\/70232","targetHints":{"allow":["GET"]}}],"collection":[{"href":"https:\/\/eltrabajo.cl\/portal\/wp-json\/wp\/v2\/posts"}],"about":[{"href":"https:\/\/eltrabajo.cl\/portal\/wp-json\/wp\/v2\/types\/post"}],"author":[{"embeddable":true,"href":"https:\/\/eltrabajo.cl\/portal\/wp-json\/wp\/v2\/users\/1"}],"replies":[{"embeddable":true,"href":"https:\/\/eltrabajo.cl\/portal\/wp-json\/wp\/v2\/comments?post=70232"}],"version-history":[{"count":0,"href":"https:\/\/eltrabajo.cl\/portal\/wp-json\/wp\/v2\/posts\/70232\/revisions"}],"wp:featuredmedia":[{"embeddable":true,"href":"https:\/\/eltrabajo.cl\/portal\/wp-json\/wp\/v2\/media\/70233"}],"wp:attachment":[{"href":"https:\/\/eltrabajo.cl\/portal\/wp-json\/wp\/v2\/media?parent=70232"}],"wp:term":[{"taxonomy":"category","embeddable":true,"href":"https:\/\/eltrabajo.cl\/portal\/wp-json\/wp\/v2\/categories?post=70232"},{"taxonomy":"post_tag","embeddable":true,"href":"https:\/\/eltrabajo.cl\/portal\/wp-json\/wp\/v2\/tags?post=70232"}],"curies":[{"name":"wp","href":"https:\/\/api.w.org\/{rel}","templated":true}]}}