{"id":70236,"date":"2016-05-30T09:24:35","date_gmt":"2016-05-30T13:24:35","guid":{"rendered":"http:\/\/www.eltrabajo.cl\/portal\/?p=70236"},"modified":"2016-05-30T09:24:35","modified_gmt":"2016-05-30T13:24:35","slug":"confiscan-computadores-en-filial-los-andes-de-rodriguez-asociados","status":"publish","type":"post","link":"https:\/\/eltrabajo.cl\/portal\/confiscan-computadores-en-filial-los-andes-de-rodriguez-asociados\/","title":{"rendered":"Confiscan computadores en filial Los Andes de \u2018Rodr\u00edguez &#038; Asociados\u2019"},"content":{"rendered":"<p><strong>LOS ANDES.-<\/strong> Oficiales de la Brigada de Delitos Econ\u00f3micos de la PDI, concurrieron hasta la sucursal de la empresa Rodr\u00edguez Asociados, ubicada en el edificio Elba de Los Andes para incautar computadores y equipos tecnol\u00f3gicos que contienen informaci\u00f3n de los clientes que fueron captados en nuestra ciudad.<br \/>\nEl jefe de la Bridec, Comisario Jaime \u00c1lvarez Vargas, indic\u00f3 que esta diligencia fue instruida por el Ministerio P\u00fablico en virtud de una presunta estafa piramidal de esta sociedad de inversiones y que est\u00e1 asociada a otras diligencias que se llevan adelante en Santiago a cargo de la Fiscal\u00eda Metropolitana Oriente.<br \/>\nManifest\u00f3, que el personal que se encontraba en la sucursal accedi\u00f3 de forma voluntaria al registro de las dependencias y el retiro de los equipos.<br \/>\n\u201cTodos los equipos y material incautado van a ser remitidos al Laboratorio de Criminal\u00edstica a fin de poder hacer un an\u00e1lisis un poco m\u00e1s profundo, ver los alcances que tiene esta informaci\u00f3n en cuanto a montos, transacciones, el volumen de personas afectadas e informaci\u00f3n que va a ser tramitada al Ministerio P\u00fablico quienes dir\u00e1n que campo de acci\u00f3n a seguir\u201d, explic\u00f3.<br \/>\nAgreg\u00f3, que tambi\u00e9n se les tom\u00f3 declaraci\u00f3n a los empleados en calidad de testigos con la finalidad de obtener tambi\u00e9n otros antecedentes.<br \/>\nEn cuanto a las personas estafadas, el Comisario \u00c1lvarez coment\u00f3, que hasta el d\u00eda jueves no hab\u00edan recibido ninguna denuncia formal, \u201cno obstante, el d\u00eda de hoy se han acercado algunas personas, tanto a la Polic\u00eda de Investigaciones como al Ministerio P\u00fablico a denunciar esta situaci\u00f3n\u201d.<br \/>\nEl oficial, no descart\u00f3 la realizaci\u00f3n de nuevas diligencias para ubicar a otros funcionarios que trabajaban en esta sucursal de Los Andes como captadores, la representante legal, \u201cy son diligencias que est\u00e1n reci\u00e9n comenzando pero apuntan b\u00e1sicamente a la ubicaci\u00f3n de m\u00e1s testigos y eventualmente de m\u00e1s afectados\u201d.<br \/>\n\u00c1lvarez, hizo un llamado a las personas que trabajaban para Rodr\u00edguez Asociados para que se acerquen de manera voluntaria a prestar declaraci\u00f3n, \u201cya que ellos tambi\u00e9n pueden ser v\u00edctima de otro delito que es la apropiaci\u00f3n indebida de cotizaciones previsionales, si les pagaron sus comisiones o si les finiquitaron contrato de trabajo\u201d.<\/p>\n<figure id=\"attachment_70237\" aria-describedby=\"caption-attachment-70237\" style=\"width: 530px\" class=\"wp-caption alignleft\"><a href=\"http:\/\/www.eltrabajo.cl\/portal\/confiscan-computadores-en-filial-los-andes-de-rodriguez-asociados\/incautacion-rodriguez2\/\" rel=\"attachment wp-att-70237\"><img data-recalc-dims=\"1\" loading=\"lazy\" decoding=\"async\" class=\"size-full wp-image-70237\" src=\"https:\/\/i0.wp.com\/www.eltrabajo.cl\/portal\/wp-content\/uploads\/2016\/05\/incautacion-rodriguez2.jpg?resize=530%2C349\" alt=\"Los equipos y material incautado ser'an remitidos al Laboratorio de Criminal\u00edstica a fin de hacer un an\u00e1lisis un poco m\u00e1s profundo\u201d.\" width=\"530\" height=\"349\" srcset=\"https:\/\/i0.wp.com\/eltrabajo.cl\/portal\/wp-content\/uploads\/2016\/05\/incautacion-rodriguez2.jpg?w=530&amp;ssl=1 530w, https:\/\/i0.wp.com\/eltrabajo.cl\/portal\/wp-content\/uploads\/2016\/05\/incautacion-rodriguez2.jpg?resize=200%2C132&amp;ssl=1 200w, https:\/\/i0.wp.com\/eltrabajo.cl\/portal\/wp-content\/uploads\/2016\/05\/incautacion-rodriguez2.jpg?resize=300%2C198&amp;ssl=1 300w, https:\/\/i0.wp.com\/eltrabajo.cl\/portal\/wp-content\/uploads\/2016\/05\/incautacion-rodriguez2.jpg?resize=228%2C150&amp;ssl=1 228w, https:\/\/i0.wp.com\/eltrabajo.cl\/portal\/wp-content\/uploads\/2016\/05\/incautacion-rodriguez2.jpg?resize=400%2C263&amp;ssl=1 400w\" sizes=\"auto, (max-width: 530px) 100vw, 530px\" \/><\/a><figcaption id=\"caption-attachment-70237\" class=\"wp-caption-text\">Los equipos y material incautado ser&#8217;an remitidos al Laboratorio de Criminal\u00edstica a fin de hacer un an\u00e1lisis un poco m\u00e1s profundo\u201d.<\/figcaption><\/figure>\n","protected":false},"excerpt":{"rendered":"<p>LOS ANDES.- Oficiales de la Brigada de Delitos Econ\u00f3micos de la PDI, concurrieron hasta la sucursal de la empresa Rodr\u00edguez Asociados, ubicada en el edificio Elba de Los Andes para incautar computadores&#8230;<\/p>\n","protected":false},"author":1,"featured_media":70237,"comment_status":"open","ping_status":"open","sticky":false,"template":"","format":"standard","meta":{"advanced_seo_description":"","jetpack_seo_html_title":"","jetpack_seo_noindex":false,"_jetpack_memberships_contains_paid_content":false,"footnotes":""},"categories":[21],"tags":[],"class_list":["post-70236","post","type-post","status-publish","format-standard","has-post-thumbnail","hentry","category-policial"],"jetpack_featured_media_url":"https:\/\/i0.wp.com\/eltrabajo.cl\/portal\/wp-content\/uploads\/2016\/05\/incautacion-rodriguez2.jpg?fit=530%2C349&ssl=1","jetpack_sharing_enabled":true,"jetpack_likes_enabled":true,"jetpack-related-posts":[],"_links":{"self":[{"href":"https:\/\/eltrabajo.cl\/portal\/wp-json\/wp\/v2\/posts\/70236","targetHints":{"allow":["GET"]}}],"collection":[{"href":"https:\/\/eltrabajo.cl\/portal\/wp-json\/wp\/v2\/posts"}],"about":[{"href":"https:\/\/eltrabajo.cl\/portal\/wp-json\/wp\/v2\/types\/post"}],"author":[{"embeddable":true,"href":"https:\/\/eltrabajo.cl\/portal\/wp-json\/wp\/v2\/users\/1"}],"replies":[{"embeddable":true,"href":"https:\/\/eltrabajo.cl\/portal\/wp-json\/wp\/v2\/comments?post=70236"}],"version-history":[{"count":0,"href":"https:\/\/eltrabajo.cl\/portal\/wp-json\/wp\/v2\/posts\/70236\/revisions"}],"wp:featuredmedia":[{"embeddable":true,"href":"https:\/\/eltrabajo.cl\/portal\/wp-json\/wp\/v2\/media\/70237"}],"wp:attachment":[{"href":"https:\/\/eltrabajo.cl\/portal\/wp-json\/wp\/v2\/media?parent=70236"}],"wp:term":[{"taxonomy":"category","embeddable":true,"href":"https:\/\/eltrabajo.cl\/portal\/wp-json\/wp\/v2\/categories?post=70236"},{"taxonomy":"post_tag","embeddable":true,"href":"https:\/\/eltrabajo.cl\/portal\/wp-json\/wp\/v2\/tags?post=70236"}],"curies":[{"name":"wp","href":"https:\/\/api.w.org\/{rel}","templated":true}]}}