{"id":70248,"date":"2016-05-30T09:33:25","date_gmt":"2016-05-30T13:33:25","guid":{"rendered":"http:\/\/www.eltrabajo.cl\/portal\/?p=70248"},"modified":"2016-05-30T09:33:25","modified_gmt":"2016-05-30T13:33:25","slug":"comenzo-a-perder-la-vista-hasta-quedar-ciega-mientras-conducia-automovil","status":"publish","type":"post","link":"https:\/\/eltrabajo.cl\/portal\/comenzo-a-perder-la-vista-hasta-quedar-ciega-mientras-conducia-automovil\/","title":{"rendered":"Comenz\u00f3 a perder la vista hasta quedar ciega mientras conduc\u00eda autom\u00f3vil"},"content":{"rendered":"<ul>\n<li><strong>Diabetes casi le cuesta la vida a mujer:<\/strong><\/li>\n<\/ul>\n<p>Toda una experiencia digna de ser compartida con los sanfelipe\u00f1os, es la que vivi\u00f3 recientemente una vecina de El Asiento, quien luego de participar en una actividad escolar de sus nietos en la escuela de dicha localidad sanfelipe\u00f1a, subi\u00f3 a su auto y condujo en direcci\u00f3n a su casa, lo cual no pudo hacer, porque como ella personalmente nos relat\u00f3 a Diario El Trabajo, simplemente empez\u00f3 a quedar ciega mientras manejaba.<\/p>\n<p><strong>QUED\u00d3 CIEGA<\/strong><br \/>\nSe trata de do\u00f1a Marcela Chinch\u00f3n, quien nos coment\u00f3 que \u00abyo ven\u00eda manejando bien, con tota normalidad mi camioneta, de pronto empec\u00e9 a perder la vista, como pude detuve mi auto a una orilla del camino, ese d\u00eda hab\u00eda un operativo de salud en El Asiento, una vecina me vio en mal estado, se acerc\u00f3 y cuando determin\u00f3 que yo estaba muy mal, llam\u00f3 enseguida a la enfermera y nutricionista del Cecosf, quienes estaban en ese operativo y me atendieron, mientras llamaban a una ambulancia, minutos despu\u00e9s y luego que ellos me hicieran las pruebas, me informaron que sufro de diabetes, as\u00ed, en el Hospital San Camilo permanec\u00ed por varios d\u00edas, hasta que recuper\u00e9 mi vida\u00bb, relat\u00f3 do\u00f1a Marcela. Ella luego de todo el proceso, recuper\u00f3 su visi\u00f3n.<\/p>\n<p><strong>VECINA AGRADECIDA<\/strong><br \/>\nSeg\u00fan esta vecina, ella antes se controlaba su salud en cl\u00ednicas y consultorios particulares, pero despu\u00e9s de esta experiencia lo hace en el Cecosf, dependiente de la Oficina de Salud Municipal de San Felipe.<br \/>\n\u00abYo estoy muy agradecida con estas profesionales del Cecosf, ellas se preocupan mucho por m\u00ed, me visitan, me llaman y siempre est\u00e1n atentas a mi salud, me salvaron la vida, ahora puedo seguir disfrutando de mis hijos y de mis nietos\u00bb, coment\u00f3 emocionada.<br \/>\n<strong>Roberto Gonz\u00e1lez Short<\/strong><br \/>\n<strong>rgonzalez@eltrabajo.cl<\/strong><\/p>\n<figure id=\"attachment_70250\" aria-describedby=\"caption-attachment-70250\" style=\"width: 300px\" class=\"wp-caption alignleft\"><a href=\"http:\/\/www.eltrabajo.cl\/portal\/comenzo-a-perder-la-vista-hasta-quedar-ciega-mientras-conducia-automovil\/marcela-chinchon\/\" rel=\"attachment wp-att-70250\"><img data-recalc-dims=\"1\" loading=\"lazy\" decoding=\"async\" class=\"size-medium wp-image-70250\" src=\"https:\/\/i0.wp.com\/www.eltrabajo.cl\/portal\/wp-content\/uploads\/2016\/05\/Marcela-Chinchon-300x198.jpg?resize=300%2C198\" alt=\"Do\u00f1a Marcela Chinch\u00f3n ahora dej\u00f3 de controlar su salud en consultorios particulares.\" width=\"300\" height=\"198\" srcset=\"https:\/\/i0.wp.com\/eltrabajo.cl\/portal\/wp-content\/uploads\/2016\/05\/Marcela-Chinchon.jpg?resize=300%2C198&amp;ssl=1 300w, https:\/\/i0.wp.com\/eltrabajo.cl\/portal\/wp-content\/uploads\/2016\/05\/Marcela-Chinchon.jpg?resize=200%2C132&amp;ssl=1 200w, https:\/\/i0.wp.com\/eltrabajo.cl\/portal\/wp-content\/uploads\/2016\/05\/Marcela-Chinchon.jpg?resize=227%2C150&amp;ssl=1 227w, https:\/\/i0.wp.com\/eltrabajo.cl\/portal\/wp-content\/uploads\/2016\/05\/Marcela-Chinchon.jpg?resize=400%2C264&amp;ssl=1 400w, https:\/\/i0.wp.com\/eltrabajo.cl\/portal\/wp-content\/uploads\/2016\/05\/Marcela-Chinchon.jpg?w=530&amp;ssl=1 530w\" sizes=\"auto, (max-width: 300px) 100vw, 300px\" \/><\/a><figcaption id=\"caption-attachment-70250\" class=\"wp-caption-text\">Do\u00f1a Marcela Chinch\u00f3n ahora dej\u00f3 de controlar su salud en consultorios particulares.<\/figcaption><\/figure>\n<figure id=\"attachment_70249\" aria-describedby=\"caption-attachment-70249\" style=\"width: 530px\" class=\"wp-caption alignleft\"><a href=\"http:\/\/www.eltrabajo.cl\/portal\/comenzo-a-perder-la-vista-hasta-quedar-ciega-mientras-conducia-automovil\/familiar1-14\/\" rel=\"attachment wp-att-70249\"><img data-recalc-dims=\"1\" loading=\"lazy\" decoding=\"async\" class=\"size-full wp-image-70249\" src=\"https:\/\/i0.wp.com\/www.eltrabajo.cl\/portal\/wp-content\/uploads\/2016\/05\/Familiar1.jpg?resize=530%2C350\" alt=\"LA REINA DE LA CASA.- Ellos son Ana, Mar\u00eda Ignacia y Felipe Esquerro, todos ellos regaloneando a su madre y abuela, despu\u00e9s de esta experiencia.\" width=\"530\" height=\"350\" srcset=\"https:\/\/i0.wp.com\/eltrabajo.cl\/portal\/wp-content\/uploads\/2016\/05\/Familiar1.jpg?w=530&amp;ssl=1 530w, https:\/\/i0.wp.com\/eltrabajo.cl\/portal\/wp-content\/uploads\/2016\/05\/Familiar1.jpg?resize=200%2C132&amp;ssl=1 200w, https:\/\/i0.wp.com\/eltrabajo.cl\/portal\/wp-content\/uploads\/2016\/05\/Familiar1.jpg?resize=300%2C198&amp;ssl=1 300w, https:\/\/i0.wp.com\/eltrabajo.cl\/portal\/wp-content\/uploads\/2016\/05\/Familiar1.jpg?resize=227%2C150&amp;ssl=1 227w, https:\/\/i0.wp.com\/eltrabajo.cl\/portal\/wp-content\/uploads\/2016\/05\/Familiar1.jpg?resize=400%2C264&amp;ssl=1 400w\" sizes=\"auto, (max-width: 530px) 100vw, 530px\" \/><\/a><figcaption id=\"caption-attachment-70249\" class=\"wp-caption-text\">LA REINA DE LA CASA.- Ellos son Ana, Mar\u00eda Ignacia y Felipe Esquerro, todos ellos regaloneando a su madre y abuela, despu\u00e9s de esta experiencia.<\/figcaption><\/figure>\n","protected":false},"excerpt":{"rendered":"<p>Diabetes casi le cuesta la vida a mujer: Toda una experiencia digna de ser compartida con los sanfelipe\u00f1os, es la que vivi\u00f3 recientemente una vecina de El Asiento, quien luego de participar&#8230;<\/p>\n","protected":false},"author":1,"featured_media":70249,"comment_status":"open","ping_status":"open","sticky":false,"template":"","format":"standard","meta":{"advanced_seo_description":"","jetpack_seo_html_title":"","jetpack_seo_noindex":false,"_jetpack_memberships_contains_paid_content":false,"footnotes":""},"categories":[15],"tags":[],"class_list":["post-70248","post","type-post","status-publish","format-standard","has-post-thumbnail","hentry","category-comunidad"],"jetpack_featured_media_url":"https:\/\/i0.wp.com\/eltrabajo.cl\/portal\/wp-content\/uploads\/2016\/05\/Familiar1.jpg?fit=530%2C350&ssl=1","jetpack_sharing_enabled":true,"jetpack_likes_enabled":true,"jetpack-related-posts":[],"_links":{"self":[{"href":"https:\/\/eltrabajo.cl\/portal\/wp-json\/wp\/v2\/posts\/70248","targetHints":{"allow":["GET"]}}],"collection":[{"href":"https:\/\/eltrabajo.cl\/portal\/wp-json\/wp\/v2\/posts"}],"about":[{"href":"https:\/\/eltrabajo.cl\/portal\/wp-json\/wp\/v2\/types\/post"}],"author":[{"embeddable":true,"href":"https:\/\/eltrabajo.cl\/portal\/wp-json\/wp\/v2\/users\/1"}],"replies":[{"embeddable":true,"href":"https:\/\/eltrabajo.cl\/portal\/wp-json\/wp\/v2\/comments?post=70248"}],"version-history":[{"count":0,"href":"https:\/\/eltrabajo.cl\/portal\/wp-json\/wp\/v2\/posts\/70248\/revisions"}],"wp:featuredmedia":[{"embeddable":true,"href":"https:\/\/eltrabajo.cl\/portal\/wp-json\/wp\/v2\/media\/70249"}],"wp:attachment":[{"href":"https:\/\/eltrabajo.cl\/portal\/wp-json\/wp\/v2\/media?parent=70248"}],"wp:term":[{"taxonomy":"category","embeddable":true,"href":"https:\/\/eltrabajo.cl\/portal\/wp-json\/wp\/v2\/categories?post=70248"},{"taxonomy":"post_tag","embeddable":true,"href":"https:\/\/eltrabajo.cl\/portal\/wp-json\/wp\/v2\/tags?post=70248"}],"curies":[{"name":"wp","href":"https:\/\/api.w.org\/{rel}","templated":true}]}}