{"id":70253,"date":"2016-05-30T09:35:52","date_gmt":"2016-05-30T13:35:52","guid":{"rendered":"http:\/\/www.eltrabajo.cl\/portal\/?p=70253"},"modified":"2016-05-30T09:35:52","modified_gmt":"2016-05-30T13:35:52","slug":"punto-final-a-disputa-legal-por-contrato-de-estacionamientos-subterraneos","status":"publish","type":"post","link":"https:\/\/eltrabajo.cl\/portal\/punto-final-a-disputa-legal-por-contrato-de-estacionamientos-subterraneos\/","title":{"rendered":"\u2018Punto Final\u2019 a disputa legal por contrato de estacionamientos subterr\u00e1neos"},"content":{"rendered":"<ul>\n<li><strong>Empresa demandante desisti\u00f3 de seguir apelando:<\/strong><\/li>\n<\/ul>\n<p>Tras tres largos y tortuosos a\u00f1os de litigio, en varias instancias judiciales para \u2018desamarrar\u2019 el contrato que daba luz verde a la empresa Concesionaria Estacionamientos San Felipe S.A., para construir los anunciados estacionamientos subterr\u00e1neos en nuestra Plaza de Armas, y luego tambi\u00e9n de haber ganado apelaci\u00f3n tras apelaci\u00f3n de dicha empresa por parte del municipio sanfelipe\u00f1o, la tarde del viernes fue informado por parte del alcalde Patricio Freire y del abogado municipal Mauricio Mass, que dicha traves\u00eda jur\u00eddica ha llegado definitivamente a su fin.<br \/>\n\u2018ZAPATO CHINO\u2019<br \/>\n\u00abDesde que llegamos al Municipio en 2012 hemos tenido que andar de tribunal en tribunal para detener este nefasto proyecto, lo que nos obliga a ver c\u00f3mo en otras comunas como la de Temuco y Recoleta, las que se han metido en un \u2018zapato chino\u2019, porque ejecutaron esta clase de proyectos, ahora son plazas duras, todo de cemento. Por eso hoy d\u00eda les puedo informar a los sanfelipe\u00f1os que seguiremos teniendo y disfrutando nuestra plaza de armas, la que estamos refrescando y hermoseando, le estamos instalando de todo, hasta la pileta ser\u00e1 cambiada muy pronto, lo que quer\u00edamos era salir de este \u2018zapato chino\u2019 para poder avanzar\u00bb, declar\u00f3 Freire a los medios en un punto de prensa realizado en su despacho.<\/p>\n<p><strong>AS\u00cd OCURRI\u00d3<\/strong><br \/>\nComo se recordar\u00e1, en julio de 2013 la empresa Concesionaria de Estacionamientos San Felipe S.A. present\u00f3 en el Juzgado de Letras de San Felipe, una demanda contra la municipalidad local por el t\u00e9rmino anticipado del contrato de administraci\u00f3n de parqu\u00edmetros y construcci\u00f3n de estacionamientos subterr\u00e1neos, exigiendo el cumplimiento de contrato con indemnizaci\u00f3n de perjuicios. As\u00ed, el litigio legal se fue extendiendo, hasta que finalmente el municipio gan\u00f3 la batalla, sin gastar un solo peso por ese contrato.<\/p>\n<p><strong>PUNTO FINAL<\/strong><br \/>\nMauricio Mass, representante del Departamento Jur\u00eddico de la municipalidad de San Felipe, explic\u00f3 el viernes, que a este caso ya se le puso un punto final, \u00abla sentencia que la Corte de Apelaciones que se hab\u00eda dictado dos semanas, no fue recurrida por la concesionaria a cargo del proyecto de los estacionamientos subterr\u00e1neos, por lo que esta sentencia con esto ya queda afinada, certificada y ejecutoriada (\u2026) este fue un juicio que se demor\u00f3 tres a\u00f1os, esta empresa lo que pretend\u00eda era que el proyecto se desarrollara, pero todas las instancias nos dieron la raz\u00f3n y pusieron t\u00e9rmino al contrato que exist\u00eda en este sentido\u00bb, dijo Mass.<br \/>\nSeg\u00fan el abogado, la empresa finalmente decidi\u00f3 dejar de insistir en la viabilidad del contrato, \u00abno queda ninguna instancia ni \u2018recurso\u2019 al que esta empresa pueda recurrir para que este caso pueda de nuevo activarse (\u2026) nosotros no nos oponemos a la construcci\u00f3n de estacionamientos subterr\u00e1neos en San Felipe, a lo que nos opusimos fue a la construcci\u00f3n de estos estacionamientos en nuestra Plaza de Armas, que eso quede claro\u00bb, dijo finalmente Mauricio Mass.<\/p>\n<figure id=\"attachment_70254\" aria-describedby=\"caption-attachment-70254\" style=\"width: 530px\" class=\"wp-caption alignleft\"><a href=\"http:\/\/www.eltrabajo.cl\/portal\/punto-final-a-disputa-legal-por-contrato-de-estacionamientos-subterraneos\/pileta1-3\/\" rel=\"attachment wp-att-70254\"><img data-recalc-dims=\"1\" loading=\"lazy\" decoding=\"async\" class=\"size-full wp-image-70254\" src=\"https:\/\/i0.wp.com\/www.eltrabajo.cl\/portal\/wp-content\/uploads\/2016\/05\/Pileta1.jpg?resize=530%2C349\" alt=\"VIENEN MEJORAS.- La pileta de nuestra plaza de armas, anunci\u00f3 Freire, ser\u00e1 cambiada pr\u00f3ximamente.\" width=\"530\" height=\"349\" srcset=\"https:\/\/i0.wp.com\/eltrabajo.cl\/portal\/wp-content\/uploads\/2016\/05\/Pileta1.jpg?w=530&amp;ssl=1 530w, https:\/\/i0.wp.com\/eltrabajo.cl\/portal\/wp-content\/uploads\/2016\/05\/Pileta1.jpg?resize=200%2C132&amp;ssl=1 200w, https:\/\/i0.wp.com\/eltrabajo.cl\/portal\/wp-content\/uploads\/2016\/05\/Pileta1.jpg?resize=300%2C198&amp;ssl=1 300w, https:\/\/i0.wp.com\/eltrabajo.cl\/portal\/wp-content\/uploads\/2016\/05\/Pileta1.jpg?resize=228%2C150&amp;ssl=1 228w, https:\/\/i0.wp.com\/eltrabajo.cl\/portal\/wp-content\/uploads\/2016\/05\/Pileta1.jpg?resize=400%2C263&amp;ssl=1 400w\" sizes=\"auto, (max-width: 530px) 100vw, 530px\" \/><\/a><figcaption id=\"caption-attachment-70254\" class=\"wp-caption-text\">VIENEN MEJORAS.- La pileta de nuestra plaza de armas, anunci\u00f3 Freire, ser\u00e1 cambiada pr\u00f3ximamente.<\/figcaption><\/figure>\n<figure id=\"attachment_70255\" aria-describedby=\"caption-attachment-70255\" style=\"width: 530px\" class=\"wp-caption alignleft\"><a href=\"http:\/\/www.eltrabajo.cl\/portal\/punto-final-a-disputa-legal-por-contrato-de-estacionamientos-subterraneos\/mauricio-mass-2\/\" rel=\"attachment wp-att-70255\"><img data-recalc-dims=\"1\" loading=\"lazy\" decoding=\"async\" class=\"size-full wp-image-70255\" src=\"https:\/\/i0.wp.com\/www.eltrabajo.cl\/portal\/wp-content\/uploads\/2016\/05\/Mauricio-Mass.jpg?resize=530%2C349\" alt=\"SE ACAB\u00d3.- El abogado municipal Mauricio Mass y el alcalde Patricio Freire, fueron los encargados de confirmar la noticia.\" width=\"530\" height=\"349\" srcset=\"https:\/\/i0.wp.com\/eltrabajo.cl\/portal\/wp-content\/uploads\/2016\/05\/Mauricio-Mass.jpg?w=530&amp;ssl=1 530w, https:\/\/i0.wp.com\/eltrabajo.cl\/portal\/wp-content\/uploads\/2016\/05\/Mauricio-Mass.jpg?resize=200%2C132&amp;ssl=1 200w, https:\/\/i0.wp.com\/eltrabajo.cl\/portal\/wp-content\/uploads\/2016\/05\/Mauricio-Mass.jpg?resize=300%2C198&amp;ssl=1 300w, https:\/\/i0.wp.com\/eltrabajo.cl\/portal\/wp-content\/uploads\/2016\/05\/Mauricio-Mass.jpg?resize=228%2C150&amp;ssl=1 228w, https:\/\/i0.wp.com\/eltrabajo.cl\/portal\/wp-content\/uploads\/2016\/05\/Mauricio-Mass.jpg?resize=400%2C263&amp;ssl=1 400w\" sizes=\"auto, (max-width: 530px) 100vw, 530px\" \/><\/a><figcaption id=\"caption-attachment-70255\" class=\"wp-caption-text\">SE ACAB\u00d3.- El abogado municipal Mauricio Mass y el alcalde Patricio Freire, fueron los encargados de confirmar la noticia.<\/figcaption><\/figure>\n","protected":false},"excerpt":{"rendered":"<p>Empresa demandante desisti\u00f3 de seguir apelando: Tras tres largos y tortuosos a\u00f1os de litigio, en varias instancias judiciales para \u2018desamarrar\u2019 el contrato que daba luz verde a la empresa Concesionaria Estacionamientos San&#8230;<\/p>\n","protected":false},"author":1,"featured_media":70255,"comment_status":"open","ping_status":"open","sticky":false,"template":"","format":"standard","meta":{"advanced_seo_description":"","jetpack_seo_html_title":"","jetpack_seo_noindex":false,"_jetpack_memberships_contains_paid_content":false,"footnotes":""},"categories":[1],"tags":[],"class_list":["post-70253","post","type-post","status-publish","format-standard","has-post-thumbnail","hentry","category-cronica"],"jetpack_featured_media_url":"https:\/\/i0.wp.com\/eltrabajo.cl\/portal\/wp-content\/uploads\/2016\/05\/Mauricio-Mass.jpg?fit=530%2C349&ssl=1","jetpack_sharing_enabled":true,"jetpack_likes_enabled":true,"jetpack-related-posts":[],"_links":{"self":[{"href":"https:\/\/eltrabajo.cl\/portal\/wp-json\/wp\/v2\/posts\/70253","targetHints":{"allow":["GET"]}}],"collection":[{"href":"https:\/\/eltrabajo.cl\/portal\/wp-json\/wp\/v2\/posts"}],"about":[{"href":"https:\/\/eltrabajo.cl\/portal\/wp-json\/wp\/v2\/types\/post"}],"author":[{"embeddable":true,"href":"https:\/\/eltrabajo.cl\/portal\/wp-json\/wp\/v2\/users\/1"}],"replies":[{"embeddable":true,"href":"https:\/\/eltrabajo.cl\/portal\/wp-json\/wp\/v2\/comments?post=70253"}],"version-history":[{"count":0,"href":"https:\/\/eltrabajo.cl\/portal\/wp-json\/wp\/v2\/posts\/70253\/revisions"}],"wp:featuredmedia":[{"embeddable":true,"href":"https:\/\/eltrabajo.cl\/portal\/wp-json\/wp\/v2\/media\/70255"}],"wp:attachment":[{"href":"https:\/\/eltrabajo.cl\/portal\/wp-json\/wp\/v2\/media?parent=70253"}],"wp:term":[{"taxonomy":"category","embeddable":true,"href":"https:\/\/eltrabajo.cl\/portal\/wp-json\/wp\/v2\/categories?post=70253"},{"taxonomy":"post_tag","embeddable":true,"href":"https:\/\/eltrabajo.cl\/portal\/wp-json\/wp\/v2\/tags?post=70253"}],"curies":[{"name":"wp","href":"https:\/\/api.w.org\/{rel}","templated":true}]}}