{"id":70263,"date":"2016-05-30T09:43:47","date_gmt":"2016-05-30T13:43:47","guid":{"rendered":"http:\/\/www.eltrabajo.cl\/portal\/?p=70263"},"modified":"2016-05-30T09:43:48","modified_gmt":"2016-05-30T13:43:48","slug":"sanfelipenos-salen-a-las-calles-para-celebrar-el-dia-del-patrimonio-cultural","status":"publish","type":"post","link":"https:\/\/eltrabajo.cl\/portal\/sanfelipenos-salen-a-las-calles-para-celebrar-el-dia-del-patrimonio-cultural\/","title":{"rendered":"Sanfelipe\u00f1os salen a las calles para celebrar el D\u00eda del Patrimonio Cultural"},"content":{"rendered":"<p>El D\u00eda del Patrimonio Cultural, es una actividad anual, instaurada en Chile en 1999, cuya finalidad es permitir al p\u00fablico en general, conocer y disfrutar de nuestras tradiciones, historia y arquitectura nacional. Se celebraba originalmente el 17 de abril; a partir de 2001, se observa el \u00faltimo domingo de mayo.<br \/>\nEs por ello, que en todo el Valle Aconcagua ayer domingo y tambi\u00e9n durante toda la semana pasada, se han desarrollado distintas actividades con este prop\u00f3sito en los establecimientos educacionales de nuestra comuna.<br \/>\nLas c\u00e1maras de Diario El Trabajo captaron este fin de semana, un gran montaje art\u00edstico realizado por la escuela Jos\u00e9 de San Mart\u00edn, en las afueras de esa casa de estudios.<br \/>\nA la actividad, acudieron distintas autoridades municipales y educativas, as\u00ed como tambi\u00e9n se cont\u00f3 con invitados especiales como Pedro \u2018Choro\u2019 Estay; los chinchineros Sonia Toledo y Miguel Sep\u00falveda de Santiago; el Baile Chino de la escuela El Sauce, de Los Andes; exposici\u00f3n de autos antiguos y murales de aves rapaces entre otras propuestas.<\/p>\n<figure id=\"attachment_70264\" aria-describedby=\"caption-attachment-70264\" style=\"width: 530px\" class=\"wp-caption alignleft\"><a href=\"http:\/\/www.eltrabajo.cl\/portal\/sanfelipenos-salen-a-las-calles-para-celebrar-el-dia-del-patrimonio-cultural\/ashley1\/\" rel=\"attachment wp-att-70264\"><img data-recalc-dims=\"1\" loading=\"lazy\" decoding=\"async\" class=\"size-full wp-image-70264\" src=\"https:\/\/i0.wp.com\/www.eltrabajo.cl\/portal\/wp-content\/uploads\/2016\/05\/Ashley1.jpg?resize=530%2C350\" alt=\"PEQUE\u00d1OS ACTORES.- Ashley Munoz interpret\u00f3 a Alejandrina Carvajal, le acompa\u00f1a nuestro amiguito Nicol\u00e1s Tapia.\" width=\"530\" height=\"350\" srcset=\"https:\/\/i0.wp.com\/eltrabajo.cl\/portal\/wp-content\/uploads\/2016\/05\/Ashley1.jpg?w=530&amp;ssl=1 530w, https:\/\/i0.wp.com\/eltrabajo.cl\/portal\/wp-content\/uploads\/2016\/05\/Ashley1.jpg?resize=200%2C132&amp;ssl=1 200w, https:\/\/i0.wp.com\/eltrabajo.cl\/portal\/wp-content\/uploads\/2016\/05\/Ashley1.jpg?resize=300%2C198&amp;ssl=1 300w, https:\/\/i0.wp.com\/eltrabajo.cl\/portal\/wp-content\/uploads\/2016\/05\/Ashley1.jpg?resize=227%2C150&amp;ssl=1 227w, https:\/\/i0.wp.com\/eltrabajo.cl\/portal\/wp-content\/uploads\/2016\/05\/Ashley1.jpg?resize=400%2C264&amp;ssl=1 400w\" sizes=\"auto, (max-width: 530px) 100vw, 530px\" \/><\/a><figcaption id=\"caption-attachment-70264\" class=\"wp-caption-text\">PEQUE\u00d1OS ACTORES.- Ashley Munoz interpret\u00f3 a Alejandrina Carvajal, le acompa\u00f1a nuestro amiguito Nicol\u00e1s Tapia.<\/figcaption><\/figure>\n<figure id=\"attachment_70265\" aria-describedby=\"caption-attachment-70265\" style=\"width: 530px\" class=\"wp-caption alignleft\"><a href=\"http:\/\/www.eltrabajo.cl\/portal\/sanfelipenos-salen-a-las-calles-para-celebrar-el-dia-del-patrimonio-cultural\/autos1-1\/\" rel=\"attachment wp-att-70265\"><img data-recalc-dims=\"1\" loading=\"lazy\" decoding=\"async\" class=\"size-full wp-image-70265\" src=\"https:\/\/i0.wp.com\/www.eltrabajo.cl\/portal\/wp-content\/uploads\/2016\/05\/Autos1-1.jpg?resize=530%2C350\" alt=\"AUTOS ANTIGUOS.- El peque\u00f1o Joaqu\u00edn Lazcano posa para las c\u00e1maras de Diario El Trabajo junto a esta belleza vehicular del pasado.\" width=\"530\" height=\"350\" srcset=\"https:\/\/i0.wp.com\/eltrabajo.cl\/portal\/wp-content\/uploads\/2016\/05\/Autos1-1.jpg?w=530&amp;ssl=1 530w, https:\/\/i0.wp.com\/eltrabajo.cl\/portal\/wp-content\/uploads\/2016\/05\/Autos1-1.jpg?resize=200%2C132&amp;ssl=1 200w, https:\/\/i0.wp.com\/eltrabajo.cl\/portal\/wp-content\/uploads\/2016\/05\/Autos1-1.jpg?resize=300%2C198&amp;ssl=1 300w, https:\/\/i0.wp.com\/eltrabajo.cl\/portal\/wp-content\/uploads\/2016\/05\/Autos1-1.jpg?resize=227%2C150&amp;ssl=1 227w, https:\/\/i0.wp.com\/eltrabajo.cl\/portal\/wp-content\/uploads\/2016\/05\/Autos1-1.jpg?resize=400%2C264&amp;ssl=1 400w\" sizes=\"auto, (max-width: 530px) 100vw, 530px\" \/><\/a><figcaption id=\"caption-attachment-70265\" class=\"wp-caption-text\">AUTOS ANTIGUOS.- El peque\u00f1o Joaqu\u00edn Lazcano posa para las c\u00e1maras de Diario El Trabajo junto a esta belleza vehicular del pasado.<\/figcaption><\/figure>\n<figure id=\"attachment_70266\" aria-describedby=\"caption-attachment-70266\" style=\"width: 530px\" class=\"wp-caption alignleft\"><a href=\"http:\/\/www.eltrabajo.cl\/portal\/sanfelipenos-salen-a-las-calles-para-celebrar-el-dia-del-patrimonio-cultural\/bailes1-7\/\" rel=\"attachment wp-att-70266\"><img data-recalc-dims=\"1\" loading=\"lazy\" decoding=\"async\" class=\"size-full wp-image-70266\" src=\"https:\/\/i0.wp.com\/www.eltrabajo.cl\/portal\/wp-content\/uploads\/2016\/05\/Bailes1.jpg?resize=530%2C350\" alt=\"BAILES DE LA \u00c9POCA.- Las representaciones de trajes y bailes antiguos fue una de los montajes art\u00edsticos m\u00e1s aplaudidos durante esta jornada patrimonial.\" width=\"530\" height=\"350\" srcset=\"https:\/\/i0.wp.com\/eltrabajo.cl\/portal\/wp-content\/uploads\/2016\/05\/Bailes1.jpg?w=530&amp;ssl=1 530w, https:\/\/i0.wp.com\/eltrabajo.cl\/portal\/wp-content\/uploads\/2016\/05\/Bailes1.jpg?resize=200%2C132&amp;ssl=1 200w, https:\/\/i0.wp.com\/eltrabajo.cl\/portal\/wp-content\/uploads\/2016\/05\/Bailes1.jpg?resize=300%2C198&amp;ssl=1 300w, https:\/\/i0.wp.com\/eltrabajo.cl\/portal\/wp-content\/uploads\/2016\/05\/Bailes1.jpg?resize=227%2C150&amp;ssl=1 227w, https:\/\/i0.wp.com\/eltrabajo.cl\/portal\/wp-content\/uploads\/2016\/05\/Bailes1.jpg?resize=400%2C264&amp;ssl=1 400w\" sizes=\"auto, (max-width: 530px) 100vw, 530px\" \/><\/a><figcaption id=\"caption-attachment-70266\" class=\"wp-caption-text\">BAILES DE LA \u00c9POCA.- Las representaciones de trajes y bailes antiguos fue una de los montajes art\u00edsticos m\u00e1s aplaudidos durante esta jornada patrimonial.<\/figcaption><\/figure>\n<figure id=\"attachment_70267\" aria-describedby=\"caption-attachment-70267\" style=\"width: 530px\" class=\"wp-caption alignleft\"><a href=\"http:\/\/www.eltrabajo.cl\/portal\/sanfelipenos-salen-a-las-calles-para-celebrar-el-dia-del-patrimonio-cultural\/chinos1-5\/\" rel=\"attachment wp-att-70267\"><img data-recalc-dims=\"1\" loading=\"lazy\" decoding=\"async\" class=\"size-full wp-image-70267\" src=\"https:\/\/i0.wp.com\/www.eltrabajo.cl\/portal\/wp-content\/uploads\/2016\/05\/Chinos1.jpg?resize=530%2C350\" alt=\"BAILE CHINO.- El Baile Chino de la escuela El Sauce, de Los Andes, hizo de las suyas frente al p\u00fablico y autoridades.\" width=\"530\" height=\"350\" srcset=\"https:\/\/i0.wp.com\/eltrabajo.cl\/portal\/wp-content\/uploads\/2016\/05\/Chinos1.jpg?w=530&amp;ssl=1 530w, https:\/\/i0.wp.com\/eltrabajo.cl\/portal\/wp-content\/uploads\/2016\/05\/Chinos1.jpg?resize=200%2C132&amp;ssl=1 200w, https:\/\/i0.wp.com\/eltrabajo.cl\/portal\/wp-content\/uploads\/2016\/05\/Chinos1.jpg?resize=300%2C198&amp;ssl=1 300w, https:\/\/i0.wp.com\/eltrabajo.cl\/portal\/wp-content\/uploads\/2016\/05\/Chinos1.jpg?resize=227%2C150&amp;ssl=1 227w, https:\/\/i0.wp.com\/eltrabajo.cl\/portal\/wp-content\/uploads\/2016\/05\/Chinos1.jpg?resize=400%2C264&amp;ssl=1 400w\" sizes=\"auto, (max-width: 530px) 100vw, 530px\" \/><\/a><figcaption id=\"caption-attachment-70267\" class=\"wp-caption-text\">BAILE CHINO.- El Baile Chino de la escuela El Sauce, de Los Andes, hizo de las suyas frente al p\u00fablico y autoridades.<\/figcaption><\/figure>\n<figure id=\"attachment_70268\" aria-describedby=\"caption-attachment-70268\" style=\"width: 530px\" class=\"wp-caption alignleft\"><a href=\"http:\/\/www.eltrabajo.cl\/portal\/sanfelipenos-salen-a-las-calles-para-celebrar-el-dia-del-patrimonio-cultural\/choroestay\/\" rel=\"attachment wp-att-70268\"><img data-recalc-dims=\"1\" loading=\"lazy\" decoding=\"async\" class=\"size-full wp-image-70268\" src=\"https:\/\/i0.wp.com\/www.eltrabajo.cl\/portal\/wp-content\/uploads\/2016\/05\/ChoroEstay.jpg?resize=530%2C349\" alt=\"SIEMPRE EL CHORITO ESTAY.- Don Pedro \u2018Choro Estay\u2019 tambi\u00e9n alegr\u00f3 los corazones de los sanfelipe\u00f1os en esta fecha tan especial, pues \u00e9l mismo es un tesoro viviente, un valor patrimonial que no tiene precio.\" width=\"530\" height=\"349\" srcset=\"https:\/\/i0.wp.com\/eltrabajo.cl\/portal\/wp-content\/uploads\/2016\/05\/ChoroEstay.jpg?w=530&amp;ssl=1 530w, https:\/\/i0.wp.com\/eltrabajo.cl\/portal\/wp-content\/uploads\/2016\/05\/ChoroEstay.jpg?resize=200%2C132&amp;ssl=1 200w, https:\/\/i0.wp.com\/eltrabajo.cl\/portal\/wp-content\/uploads\/2016\/05\/ChoroEstay.jpg?resize=300%2C198&amp;ssl=1 300w, https:\/\/i0.wp.com\/eltrabajo.cl\/portal\/wp-content\/uploads\/2016\/05\/ChoroEstay.jpg?resize=228%2C150&amp;ssl=1 228w, https:\/\/i0.wp.com\/eltrabajo.cl\/portal\/wp-content\/uploads\/2016\/05\/ChoroEstay.jpg?resize=400%2C263&amp;ssl=1 400w\" sizes=\"auto, (max-width: 530px) 100vw, 530px\" \/><\/a><figcaption id=\"caption-attachment-70268\" class=\"wp-caption-text\">SIEMPRE EL CHORITO ESTAY.- Don Pedro \u2018Choro Estay\u2019 tambi\u00e9n alegr\u00f3 los corazones de los sanfelipe\u00f1os en esta fecha tan especial, pues \u00e9l mismo es un tesoro viviente, un valor patrimonial que no tiene precio.<\/figcaption><\/figure>\n<figure id=\"attachment_70269\" aria-describedby=\"caption-attachment-70269\" style=\"width: 530px\" class=\"wp-caption alignleft\"><a href=\"http:\/\/www.eltrabajo.cl\/portal\/sanfelipenos-salen-a-las-calles-para-celebrar-el-dia-del-patrimonio-cultural\/eduardo-herrera-3\/\" rel=\"attachment wp-att-70269\"><img data-recalc-dims=\"1\" loading=\"lazy\" decoding=\"async\" class=\"size-full wp-image-70269\" src=\"https:\/\/i0.wp.com\/www.eltrabajo.cl\/portal\/wp-content\/uploads\/2016\/05\/Eduardo-Herrera.jpg?resize=530%2C349\" alt=\"HONOR A QUIEN HONOR MERECE.- La directora de la escuela Jos\u00e9 de San Mart\u00edn, Ximena Baquedano, hizo entrega de un presente al exdirector del Liceo de Hombres, profesor Eduardo Herrera.\" width=\"530\" height=\"349\" srcset=\"https:\/\/i0.wp.com\/eltrabajo.cl\/portal\/wp-content\/uploads\/2016\/05\/Eduardo-Herrera.jpg?w=530&amp;ssl=1 530w, https:\/\/i0.wp.com\/eltrabajo.cl\/portal\/wp-content\/uploads\/2016\/05\/Eduardo-Herrera.jpg?resize=200%2C132&amp;ssl=1 200w, https:\/\/i0.wp.com\/eltrabajo.cl\/portal\/wp-content\/uploads\/2016\/05\/Eduardo-Herrera.jpg?resize=300%2C198&amp;ssl=1 300w, https:\/\/i0.wp.com\/eltrabajo.cl\/portal\/wp-content\/uploads\/2016\/05\/Eduardo-Herrera.jpg?resize=228%2C150&amp;ssl=1 228w, https:\/\/i0.wp.com\/eltrabajo.cl\/portal\/wp-content\/uploads\/2016\/05\/Eduardo-Herrera.jpg?resize=400%2C263&amp;ssl=1 400w\" sizes=\"auto, (max-width: 530px) 100vw, 530px\" \/><\/a><figcaption id=\"caption-attachment-70269\" class=\"wp-caption-text\">HONOR A QUIEN HONOR MERECE.- La directora de la escuela Jos\u00e9 de San Mart\u00edn, Ximena Baquedano, hizo entrega de un presente al exdirector del Liceo de Hombres, profesor Eduardo Herrera.<\/figcaption><\/figure>\n<figure id=\"attachment_70270\" aria-describedby=\"caption-attachment-70270\" style=\"width: 530px\" class=\"wp-caption alignleft\"><a href=\"http:\/\/www.eltrabajo.cl\/portal\/sanfelipenos-salen-a-las-calles-para-celebrar-el-dia-del-patrimonio-cultural\/miguel-sepulveda\/\" rel=\"attachment wp-att-70270\"><img data-recalc-dims=\"1\" loading=\"lazy\" decoding=\"async\" class=\"size-full wp-image-70270\" src=\"https:\/\/i0.wp.com\/www.eltrabajo.cl\/portal\/wp-content\/uploads\/2016\/05\/Miguel-Sepulveda.jpg?resize=530%2C350\" alt=\"El chinchinero Miguel Sep\u00falveda viaj\u00f3 desde Santiago para presentar su trabajo art\u00edstico en San Felipe.\" width=\"530\" height=\"350\" srcset=\"https:\/\/i0.wp.com\/eltrabajo.cl\/portal\/wp-content\/uploads\/2016\/05\/Miguel-Sepulveda.jpg?w=530&amp;ssl=1 530w, https:\/\/i0.wp.com\/eltrabajo.cl\/portal\/wp-content\/uploads\/2016\/05\/Miguel-Sepulveda.jpg?resize=200%2C132&amp;ssl=1 200w, https:\/\/i0.wp.com\/eltrabajo.cl\/portal\/wp-content\/uploads\/2016\/05\/Miguel-Sepulveda.jpg?resize=300%2C198&amp;ssl=1 300w, https:\/\/i0.wp.com\/eltrabajo.cl\/portal\/wp-content\/uploads\/2016\/05\/Miguel-Sepulveda.jpg?resize=227%2C150&amp;ssl=1 227w, https:\/\/i0.wp.com\/eltrabajo.cl\/portal\/wp-content\/uploads\/2016\/05\/Miguel-Sepulveda.jpg?resize=400%2C264&amp;ssl=1 400w\" sizes=\"auto, (max-width: 530px) 100vw, 530px\" \/><\/a><figcaption id=\"caption-attachment-70270\" class=\"wp-caption-text\">El chinchinero Miguel Sep\u00falveda viaj\u00f3 desde Santiago para presentar su trabajo art\u00edstico en San Felipe.<\/figcaption><\/figure>\n<figure id=\"attachment_70271\" aria-describedby=\"caption-attachment-70271\" style=\"width: 300px\" class=\"wp-caption alignleft\"><a href=\"http:\/\/www.eltrabajo.cl\/portal\/sanfelipenos-salen-a-las-calles-para-celebrar-el-dia-del-patrimonio-cultural\/sergio-jara-2\/\" rel=\"attachment wp-att-70271\"><img data-recalc-dims=\"1\" loading=\"lazy\" decoding=\"async\" class=\"size-medium wp-image-70271\" src=\"https:\/\/i0.wp.com\/www.eltrabajo.cl\/portal\/wp-content\/uploads\/2016\/05\/Sergio-Jara-300x198.jpg?resize=300%2C198\" alt=\"SIEMPRE JARA.- El abogado Sergio Jara Catal\u00e1n, quien apoy\u00f3 mucho en la organizaci\u00f3n del evento, tambi\u00e9n fue premiado durante la actividad.\" width=\"300\" height=\"198\" srcset=\"https:\/\/i0.wp.com\/eltrabajo.cl\/portal\/wp-content\/uploads\/2016\/05\/Sergio-Jara.jpg?resize=300%2C198&amp;ssl=1 300w, https:\/\/i0.wp.com\/eltrabajo.cl\/portal\/wp-content\/uploads\/2016\/05\/Sergio-Jara.jpg?resize=200%2C132&amp;ssl=1 200w, https:\/\/i0.wp.com\/eltrabajo.cl\/portal\/wp-content\/uploads\/2016\/05\/Sergio-Jara.jpg?resize=227%2C150&amp;ssl=1 227w, https:\/\/i0.wp.com\/eltrabajo.cl\/portal\/wp-content\/uploads\/2016\/05\/Sergio-Jara.jpg?resize=400%2C264&amp;ssl=1 400w, https:\/\/i0.wp.com\/eltrabajo.cl\/portal\/wp-content\/uploads\/2016\/05\/Sergio-Jara.jpg?w=530&amp;ssl=1 530w\" sizes=\"auto, (max-width: 300px) 100vw, 300px\" \/><\/a><figcaption id=\"caption-attachment-70271\" class=\"wp-caption-text\">SIEMPRE JARA.- El abogado Sergio Jara Catal\u00e1n, quien apoy\u00f3 mucho en la organizaci\u00f3n del evento, tambi\u00e9n fue premiado durante la actividad.<\/figcaption><\/figure>\n<figure id=\"attachment_70272\" aria-describedby=\"caption-attachment-70272\" style=\"width: 530px\" class=\"wp-caption alignleft\"><a href=\"http:\/\/www.eltrabajo.cl\/portal\/sanfelipenos-salen-a-las-calles-para-celebrar-el-dia-del-patrimonio-cultural\/simultanea1-3\/\" rel=\"attachment wp-att-70272\"><img data-recalc-dims=\"1\" loading=\"lazy\" decoding=\"async\" class=\"size-full wp-image-70272\" src=\"https:\/\/i0.wp.com\/www.eltrabajo.cl\/portal\/wp-content\/uploads\/2016\/05\/Simultanea1.jpg?resize=530%2C350\" alt=\"GENIO Y FIGURA.- El exdirector del Liceo de Hombres, profesor Eduardo Herrera, desarroll\u00f3 una simult\u00e1nea de ajedrez con m\u00e1s de 30 ni\u00f1os.\" width=\"530\" height=\"350\" srcset=\"https:\/\/i0.wp.com\/eltrabajo.cl\/portal\/wp-content\/uploads\/2016\/05\/Simultanea1.jpg?w=530&amp;ssl=1 530w, https:\/\/i0.wp.com\/eltrabajo.cl\/portal\/wp-content\/uploads\/2016\/05\/Simultanea1.jpg?resize=200%2C132&amp;ssl=1 200w, https:\/\/i0.wp.com\/eltrabajo.cl\/portal\/wp-content\/uploads\/2016\/05\/Simultanea1.jpg?resize=300%2C198&amp;ssl=1 300w, https:\/\/i0.wp.com\/eltrabajo.cl\/portal\/wp-content\/uploads\/2016\/05\/Simultanea1.jpg?resize=227%2C150&amp;ssl=1 227w, https:\/\/i0.wp.com\/eltrabajo.cl\/portal\/wp-content\/uploads\/2016\/05\/Simultanea1.jpg?resize=400%2C264&amp;ssl=1 400w\" sizes=\"auto, (max-width: 530px) 100vw, 530px\" \/><\/a><figcaption id=\"caption-attachment-70272\" class=\"wp-caption-text\">GENIO Y FIGURA.- El exdirector del Liceo de Hombres, profesor Eduardo Herrera, desarroll\u00f3 una simult\u00e1nea de ajedrez con m\u00e1s de 30 ni\u00f1os.<\/figcaption><\/figure>\n<figure id=\"attachment_70273\" aria-describedby=\"caption-attachment-70273\" style=\"width: 530px\" class=\"wp-caption alignleft\"><a href=\"http:\/\/www.eltrabajo.cl\/portal\/sanfelipenos-salen-a-las-calles-para-celebrar-el-dia-del-patrimonio-cultural\/travesuras33\/\" rel=\"attachment wp-att-70273\"><img data-recalc-dims=\"1\" loading=\"lazy\" decoding=\"async\" class=\"size-full wp-image-70273\" src=\"https:\/\/i0.wp.com\/www.eltrabajo.cl\/portal\/wp-content\/uploads\/2016\/05\/Travesuras33.jpg?resize=530%2C350\" alt=\"TRAVESURA MUSICAL.- El profesor H\u00e9ctor Poblete arm\u00f3 con sus estudiantes una propuesta original para interpretar el Himno de Aconcagua.\" width=\"530\" height=\"350\" srcset=\"https:\/\/i0.wp.com\/eltrabajo.cl\/portal\/wp-content\/uploads\/2016\/05\/Travesuras33.jpg?w=530&amp;ssl=1 530w, https:\/\/i0.wp.com\/eltrabajo.cl\/portal\/wp-content\/uploads\/2016\/05\/Travesuras33.jpg?resize=200%2C132&amp;ssl=1 200w, https:\/\/i0.wp.com\/eltrabajo.cl\/portal\/wp-content\/uploads\/2016\/05\/Travesuras33.jpg?resize=300%2C198&amp;ssl=1 300w, https:\/\/i0.wp.com\/eltrabajo.cl\/portal\/wp-content\/uploads\/2016\/05\/Travesuras33.jpg?resize=227%2C150&amp;ssl=1 227w, https:\/\/i0.wp.com\/eltrabajo.cl\/portal\/wp-content\/uploads\/2016\/05\/Travesuras33.jpg?resize=400%2C264&amp;ssl=1 400w\" sizes=\"auto, (max-width: 530px) 100vw, 530px\" \/><\/a><figcaption id=\"caption-attachment-70273\" class=\"wp-caption-text\">TRAVESURA MUSICAL.- El profesor H\u00e9ctor Poblete arm\u00f3 con sus estudiantes una propuesta original para interpretar el Himno de Aconcagua.<\/figcaption><\/figure>\n","protected":false},"excerpt":{"rendered":"<p>El D\u00eda del Patrimonio Cultural, es una actividad anual, instaurada en Chile en 1999, cuya finalidad es permitir al p\u00fablico en general, conocer y disfrutar de nuestras tradiciones, historia y arquitectura nacional&#8230;.<\/p>\n","protected":false},"author":1,"featured_media":70273,"comment_status":"open","ping_status":"open","sticky":false,"template":"","format":"standard","meta":{"advanced_seo_description":"","jetpack_seo_html_title":"","jetpack_seo_noindex":false,"_jetpack_memberships_contains_paid_content":false,"footnotes":""},"categories":[15],"tags":[],"class_list":["post-70263","post","type-post","status-publish","format-standard","has-post-thumbnail","hentry","category-comunidad"],"jetpack_featured_media_url":"https:\/\/i0.wp.com\/eltrabajo.cl\/portal\/wp-content\/uploads\/2016\/05\/Travesuras33.jpg?fit=530%2C350&ssl=1","jetpack_sharing_enabled":true,"jetpack_likes_enabled":true,"jetpack-related-posts":[],"_links":{"self":[{"href":"https:\/\/eltrabajo.cl\/portal\/wp-json\/wp\/v2\/posts\/70263","targetHints":{"allow":["GET"]}}],"collection":[{"href":"https:\/\/eltrabajo.cl\/portal\/wp-json\/wp\/v2\/posts"}],"about":[{"href":"https:\/\/eltrabajo.cl\/portal\/wp-json\/wp\/v2\/types\/post"}],"author":[{"embeddable":true,"href":"https:\/\/eltrabajo.cl\/portal\/wp-json\/wp\/v2\/users\/1"}],"replies":[{"embeddable":true,"href":"https:\/\/eltrabajo.cl\/portal\/wp-json\/wp\/v2\/comments?post=70263"}],"version-history":[{"count":0,"href":"https:\/\/eltrabajo.cl\/portal\/wp-json\/wp\/v2\/posts\/70263\/revisions"}],"wp:featuredmedia":[{"embeddable":true,"href":"https:\/\/eltrabajo.cl\/portal\/wp-json\/wp\/v2\/media\/70273"}],"wp:attachment":[{"href":"https:\/\/eltrabajo.cl\/portal\/wp-json\/wp\/v2\/media?parent=70263"}],"wp:term":[{"taxonomy":"category","embeddable":true,"href":"https:\/\/eltrabajo.cl\/portal\/wp-json\/wp\/v2\/categories?post=70263"},{"taxonomy":"post_tag","embeddable":true,"href":"https:\/\/eltrabajo.cl\/portal\/wp-json\/wp\/v2\/tags?post=70263"}],"curies":[{"name":"wp","href":"https:\/\/api.w.org\/{rel}","templated":true}]}}