{"id":70276,"date":"2016-05-30T09:46:18","date_gmt":"2016-05-30T13:46:18","guid":{"rendered":"http:\/\/www.eltrabajo.cl\/portal\/?p=70276"},"modified":"2016-05-30T09:46:18","modified_gmt":"2016-05-30T13:46:18","slug":"ruta-60-ch-en-sector-lo-campo-sumara-nueva-interrupcion-vial","status":"publish","type":"post","link":"https:\/\/eltrabajo.cl\/portal\/ruta-60-ch-en-sector-lo-campo-sumara-nueva-interrupcion-vial\/","title":{"rendered":"Ruta 60 CH en sector Lo Campo sumar\u00e1 nueva \u2018interrupci\u00f3n vial\u2019"},"content":{"rendered":"<ul>\n<li><strong>Automovilistas tendr\u00e1n que armarse de paciencia nuevamente:\u00a0Tala de \u00e1rboles en ese espacio de la carretera, provocar\u00e1 corte de tr\u00e1nsito por alrededor 20 minutos, desde el mi\u00e9rcoles primero de Junio y durante 7 d\u00edas h\u00e1biles (hasta el jueves 9 de junio).<\/strong><\/li>\n<\/ul>\n<figure id=\"attachment_70278\" aria-describedby=\"caption-attachment-70278\" style=\"width: 300px\" class=\"wp-caption alignleft\"><a href=\"http:\/\/www.eltrabajo.cl\/portal\/ruta-60-ch-en-sector-lo-campo-sumara-nueva-interrupcion-vial\/claudia-lizama-villarroel-directora-provincial-de-vialidad\/\" rel=\"attachment wp-att-70278\"><img data-recalc-dims=\"1\" loading=\"lazy\" decoding=\"async\" class=\"size-medium wp-image-70278\" src=\"https:\/\/i0.wp.com\/www.eltrabajo.cl\/portal\/wp-content\/uploads\/2016\/05\/Claudia-Lizama-Villarroel-Directora-Provincial-de-Vialidad-300x198.jpg?resize=300%2C198\" alt=\"Claudia Lizama Villarroel, Directora Provincial Vialidad.\" width=\"300\" height=\"198\" srcset=\"https:\/\/i0.wp.com\/eltrabajo.cl\/portal\/wp-content\/uploads\/2016\/05\/Claudia-Lizama-Villarroel-Directora-Provincial-de-Vialidad.jpg?resize=300%2C198&amp;ssl=1 300w, https:\/\/i0.wp.com\/eltrabajo.cl\/portal\/wp-content\/uploads\/2016\/05\/Claudia-Lizama-Villarroel-Directora-Provincial-de-Vialidad.jpg?resize=200%2C132&amp;ssl=1 200w, https:\/\/i0.wp.com\/eltrabajo.cl\/portal\/wp-content\/uploads\/2016\/05\/Claudia-Lizama-Villarroel-Directora-Provincial-de-Vialidad.jpg?resize=228%2C150&amp;ssl=1 228w, https:\/\/i0.wp.com\/eltrabajo.cl\/portal\/wp-content\/uploads\/2016\/05\/Claudia-Lizama-Villarroel-Directora-Provincial-de-Vialidad.jpg?resize=400%2C263&amp;ssl=1 400w, https:\/\/i0.wp.com\/eltrabajo.cl\/portal\/wp-content\/uploads\/2016\/05\/Claudia-Lizama-Villarroel-Directora-Provincial-de-Vialidad.jpg?w=530&amp;ssl=1 530w\" sizes=\"auto, (max-width: 300px) 100vw, 300px\" \/><\/a><figcaption id=\"caption-attachment-70278\" class=\"wp-caption-text\">Claudia Lizama Villarroel, Directora Provincial Vialidad.<\/figcaption><\/figure>\n<p>Si durante las \u00faltimas semanas, la interrupci\u00f3n del tr\u00e1nsito en la carretera 60 CH, en el sector de Panquehue, provoc\u00f3 m\u00e1s de alg\u00fan ataque de histeria en los conductores que utilizan esta v\u00eda con regularidad, seguramente a partir del pr\u00f3ximo mi\u00e9rcoles, su sistema nervioso se ver\u00e1 a\u00fan m\u00e1s alterado.<br \/>\nY es que, al corte de alrededor de 10 minutos que se produce en el sector de Palomar por los trabajos de reposici\u00f3n de losas que se realizan en la pista, se sumar\u00e1 una nueva interrupci\u00f3n de entre 15 y 20 minutos en Lo Campo, espec\u00edficamente en la \u00faltima curva antes de tomar la subida de Chagres (si viaja desde San Felipe a Llay-Llay)<br \/>\nAs\u00ed lo anunci\u00f3 Claudia Lizama Villarroel, directora provincial de Vialidad, quien afirm\u00f3, que la ejecuci\u00f3n de la obra, se enmarca en la segunda parte del contrato \u2018Conservaci\u00f3n de la Red Vial B\u00e1sica, Peri\u00f3dica, Ruta CH 60, comuna de Panquehue, provincia de San Felipe\u2019.<br \/>\n\u201cComenzamos con la segunda etapa del contrato que tenemos vigente, que consiste en la reposici\u00f3n de las losas en el sector de Palomar, ahora estar\u00edamos comenzando con la tala de los \u00e1rboles, en el sector de Lo Campo, comenzando el 1 de Junio y extendi\u00e9ndose por 7 d\u00edas h\u00e1biles, con interrupci\u00f3n del tr\u00e1nsito desde las 9 hasta las 17 horas\u201d, detall\u00f3 Lizama.<br \/>\nEn lo concerniente a la tala de \u00e1rboles, la profesional describi\u00f3 que esta se desarrollar\u00e1 dentro de la faja fiscal, donde el a\u00f1o pasado, tras un temporal de viento y lluvia, las a\u00f1osas especies cayeron sobre la carretera provocando un riesgo inminente para los automovilistas. Son 117 \u00e1rboles de casi 20 metros de altura, los cuales, actualmente presentan riesgos de ca\u00edda, debido a que se encuentran quemados, est\u00e1n secos o sufren problemas fitosanitarios, generando problemas de seguridad vial y riesgo de accidentes.<br \/>\nRespecto de cu\u00e1l, es el mecanismo que se utilizar\u00e1 para organizar el flujo vehicular en ese lugar, Lizama afirm\u00f3 que en ese espacio \u201cse tiene considerado una interrupci\u00f3n de 15 a 20 minutos, en ese tiempo, se corta el tr\u00e1nsito, se talan los \u00e1rboles, se despeja la cancha y se da el tr\u00e1fico nuevamente\u201d, puntualiz\u00f3.<br \/>\nDe acuerdo a lo indicado por Lizama, existe un programa de reforestaci\u00f3n coordinado con Conaf, para recuperar las especies arb\u00f3reas, puesto que \u00e9stas, se encuentran con protecci\u00f3n ambiental. Al respecto, la funcionaria destac\u00f3 que \u201chay un plan de trabajo de reposici\u00f3n 1 a 1, porque est\u00e1n en una zona protegida, pero es importante se\u00f1alar que la reforestaci\u00f3n no se va hacer ah\u00ed, sino que en otro punto, en el sector de Escorial\u201d, indic\u00f3.<br \/>\nEn cuanto a los trabajos de reposici\u00f3n del pavimento, la personera asegur\u00f3 que estos se est\u00e1n desarrollando de acuerdo a la carta Gantt, con la posibilidad cierta de que se puedan adelantar las obras y terminar el contrato a fines de julio.<br \/>\nFinalmente, Lizama hizo un llamado a la comunidad, a reorganizar sus tiempos de viaje, durante los 7 d\u00edas en que existir\u00e1 una doble interrupci\u00f3n vial en Panquehue, hecho que provocar\u00e1 que la distancia entre la Cuesta Chagres y San Felipe (o viceversa) se recorra en no menos de 30 minutos.<br \/>\n\u201cHacemos un llamado a la comunidad a que tome las precauciones, se tome su tiempo y considere que vanos a tener 2 tramos en la ruta 60 CH, donde vamos a tener interrupci\u00f3n, por lo tanto, hacemos un llamado a la gente, a la poblaci\u00f3n flotante que respete las se\u00f1alizaciones\u201d, concluy\u00f3.<\/p>\n<figure id=\"attachment_70277\" aria-describedby=\"caption-attachment-70277\" style=\"width: 530px\" class=\"wp-caption alignleft\"><a href=\"http:\/\/www.eltrabajo.cl\/portal\/ruta-60-ch-en-sector-lo-campo-sumara-nueva-interrupcion-vial\/tala-arboles\/\" rel=\"attachment wp-att-70277\"><img data-recalc-dims=\"1\" loading=\"lazy\" decoding=\"async\" class=\"size-full wp-image-70277\" src=\"https:\/\/i0.wp.com\/www.eltrabajo.cl\/portal\/wp-content\/uploads\/2016\/05\/tala-arboles.jpg?resize=530%2C349\" alt=\"Nuevos cortes de tr\u00e1nsito por tala de \u00e1rboles en el sector de Panquehue, pondr\u00e1n a prueba la paciencia de los aconcag\u00fcinos ante dos noticias que no agradan.\" width=\"530\" height=\"349\" srcset=\"https:\/\/i0.wp.com\/eltrabajo.cl\/portal\/wp-content\/uploads\/2016\/05\/tala-arboles.jpg?w=530&amp;ssl=1 530w, https:\/\/i0.wp.com\/eltrabajo.cl\/portal\/wp-content\/uploads\/2016\/05\/tala-arboles.jpg?resize=200%2C132&amp;ssl=1 200w, https:\/\/i0.wp.com\/eltrabajo.cl\/portal\/wp-content\/uploads\/2016\/05\/tala-arboles.jpg?resize=300%2C198&amp;ssl=1 300w, https:\/\/i0.wp.com\/eltrabajo.cl\/portal\/wp-content\/uploads\/2016\/05\/tala-arboles.jpg?resize=228%2C150&amp;ssl=1 228w, https:\/\/i0.wp.com\/eltrabajo.cl\/portal\/wp-content\/uploads\/2016\/05\/tala-arboles.jpg?resize=400%2C263&amp;ssl=1 400w\" sizes=\"auto, (max-width: 530px) 100vw, 530px\" \/><\/a><figcaption id=\"caption-attachment-70277\" class=\"wp-caption-text\">Nuevos cortes de tr\u00e1nsito por tala de \u00e1rboles en el sector de Panquehue, pondr\u00e1n a prueba la paciencia de los aconcag\u00fcinos ante dos noticias que no agradan.<\/figcaption><\/figure>\n","protected":false},"excerpt":{"rendered":"<p>Automovilistas tendr\u00e1n que armarse de paciencia nuevamente:\u00a0Tala de \u00e1rboles en ese espacio de la carretera, provocar\u00e1 corte de tr\u00e1nsito por alrededor 20 minutos, desde el mi\u00e9rcoles primero de Junio y durante 7&#8230;<\/p>\n","protected":false},"author":1,"featured_media":70277,"comment_status":"open","ping_status":"open","sticky":false,"template":"","format":"standard","meta":{"advanced_seo_description":"","jetpack_seo_html_title":"","jetpack_seo_noindex":false,"_jetpack_memberships_contains_paid_content":false,"footnotes":""},"categories":[1],"tags":[],"class_list":["post-70276","post","type-post","status-publish","format-standard","has-post-thumbnail","hentry","category-cronica"],"jetpack_featured_media_url":"https:\/\/i0.wp.com\/eltrabajo.cl\/portal\/wp-content\/uploads\/2016\/05\/tala-arboles.jpg?fit=530%2C349&ssl=1","jetpack_sharing_enabled":true,"jetpack_likes_enabled":true,"jetpack-related-posts":[],"_links":{"self":[{"href":"https:\/\/eltrabajo.cl\/portal\/wp-json\/wp\/v2\/posts\/70276","targetHints":{"allow":["GET"]}}],"collection":[{"href":"https:\/\/eltrabajo.cl\/portal\/wp-json\/wp\/v2\/posts"}],"about":[{"href":"https:\/\/eltrabajo.cl\/portal\/wp-json\/wp\/v2\/types\/post"}],"author":[{"embeddable":true,"href":"https:\/\/eltrabajo.cl\/portal\/wp-json\/wp\/v2\/users\/1"}],"replies":[{"embeddable":true,"href":"https:\/\/eltrabajo.cl\/portal\/wp-json\/wp\/v2\/comments?post=70276"}],"version-history":[{"count":0,"href":"https:\/\/eltrabajo.cl\/portal\/wp-json\/wp\/v2\/posts\/70276\/revisions"}],"wp:featuredmedia":[{"embeddable":true,"href":"https:\/\/eltrabajo.cl\/portal\/wp-json\/wp\/v2\/media\/70277"}],"wp:attachment":[{"href":"https:\/\/eltrabajo.cl\/portal\/wp-json\/wp\/v2\/media?parent=70276"}],"wp:term":[{"taxonomy":"category","embeddable":true,"href":"https:\/\/eltrabajo.cl\/portal\/wp-json\/wp\/v2\/categories?post=70276"},{"taxonomy":"post_tag","embeddable":true,"href":"https:\/\/eltrabajo.cl\/portal\/wp-json\/wp\/v2\/tags?post=70276"}],"curies":[{"name":"wp","href":"https:\/\/api.w.org\/{rel}","templated":true}]}}