{"id":70281,"date":"2016-05-30T09:47:35","date_gmt":"2016-05-30T13:47:35","guid":{"rendered":"http:\/\/www.eltrabajo.cl\/portal\/?p=70281"},"modified":"2016-05-30T09:47:35","modified_gmt":"2016-05-30T13:47:35","slug":"rey-del-robo-por-techumbres-fue-condenado-a-541-dias-de-carcel","status":"publish","type":"post","link":"https:\/\/eltrabajo.cl\/portal\/rey-del-robo-por-techumbres-fue-condenado-a-541-dias-de-carcel\/","title":{"rendered":"\u2018Rey del Robo por Techumbres\u2019 fue condenado a 541 d\u00edas de c\u00e1rcel"},"content":{"rendered":"<ul>\n<li><strong>Por haber robado 15 mil pesos en Tienda \u2018La Cig\u00fce\u00f1a\u2019:\u00a0Tribunal Oral de San Felipe, dict\u00f3 sentencia por delito de robo en lugar no habitado, pese a que la v\u00edctima habita en su local comercial.<\/strong><\/li>\n<\/ul>\n<p>Por unanimidad, la terna de jueces del Tribunal Oral en Lo Penal de San Felipe, resolvi\u00f3 condenar a Manuel Antonio Alvarado Alvarado, a la pena de 541 d\u00edas por el delito consumado de robo en lugar no habitado, afectando a la tienda \u2018La Cig\u00fce\u00f1a\u2019 en San Felipe.<br \/>\nLos hechos pudieron ser acreditados tras los testimonios de su propietario Max Navas Mu\u00f1oz y otros testigos, luego que el d\u00eda 9 de diciembre de 2015, el sentenciado Alvarado Alvarado irrumpi\u00f3 en el local comercial forzando la puerta de ingreso, para luego quebrar una mampara y sustraer la cantidad de $15.000 en efectivo desde la caja registradora.<br \/>\nPese a que la Fiscal\u00eda persegu\u00eda configurar el delito como robo en lugar habitado, el tribunal desestim\u00f3 la hip\u00f3tesis dado a que donde se produjeron los hechos no gozaba la calidad de lugar destinado a la habitaci\u00f3n, no existiendo adem\u00e1s la convicci\u00f3n que el acusado tuviese conocimiento de aquello, aunque la misma v\u00edctima que habita en el establecimiento lo reconoci\u00f3 en el acto.<br \/>\nAsimismo, el sentenciado asumi\u00f3 su responsabilidad del delito ante los jueces, siendo declarado culpable de estos hechos, sirviendo como abono a los d\u00edas que ha permanecido privado de libertad desde el mes de diciembre hasta la fecha de su condena.<br \/>\nCabe se\u00f1alar que Manuel Alvarado Alvarado, de 57 a\u00f1os de edad, mantiene un nutrido prontuario delictivo por este tipo de robos a locales comerciales en el centro de la comuna de San Felipe, acredit\u00e1ndose delictualmente como \u2018El Rey del robo por techumbres\u2019. Entre ellas fue condenado a la pena de 100 d\u00edas de c\u00e1rcel por el robo a la Botiller\u00eda Pac\u00edfico, ingresando por el techo del local utilizando el \u2018m\u00e9todo del forado\u2019, para sustraer una gran cantidad de cigarrillos, delito que qued\u00f3 al descubierto tras la activaci\u00f3n de la alarma de seguridad, en la navidad del a\u00f1o 2014, siendo detenido y procesado judicialmente.<br \/>\n<strong>Pablo Salinas Sald\u00edas<\/strong><\/p>\n<figure id=\"attachment_70282\" aria-describedby=\"caption-attachment-70282\" style=\"width: 530px\" class=\"wp-caption alignleft\"><a href=\"http:\/\/www.eltrabajo.cl\/portal\/rey-del-robo-por-techumbres-fue-condenado-a-541-dias-de-carcel\/manuel-alvarado\/\" rel=\"attachment wp-att-70282\"><img data-recalc-dims=\"1\" loading=\"lazy\" decoding=\"async\" class=\"size-full wp-image-70282\" src=\"https:\/\/i0.wp.com\/www.eltrabajo.cl\/portal\/wp-content\/uploads\/2016\/05\/MANUEL-ALVARADO.jpg?resize=530%2C349\" alt=\"Manuel Alvarado Alvarado se encuentra en la c\u00e1rcel cumpliendo condena impuesta por Tribunal Oral en Lo Penal de 541 d\u00edas.\" width=\"530\" height=\"349\" srcset=\"https:\/\/i0.wp.com\/eltrabajo.cl\/portal\/wp-content\/uploads\/2016\/05\/MANUEL-ALVARADO.jpg?w=530&amp;ssl=1 530w, https:\/\/i0.wp.com\/eltrabajo.cl\/portal\/wp-content\/uploads\/2016\/05\/MANUEL-ALVARADO.jpg?resize=200%2C132&amp;ssl=1 200w, https:\/\/i0.wp.com\/eltrabajo.cl\/portal\/wp-content\/uploads\/2016\/05\/MANUEL-ALVARADO.jpg?resize=300%2C198&amp;ssl=1 300w, https:\/\/i0.wp.com\/eltrabajo.cl\/portal\/wp-content\/uploads\/2016\/05\/MANUEL-ALVARADO.jpg?resize=228%2C150&amp;ssl=1 228w, https:\/\/i0.wp.com\/eltrabajo.cl\/portal\/wp-content\/uploads\/2016\/05\/MANUEL-ALVARADO.jpg?resize=400%2C263&amp;ssl=1 400w\" sizes=\"auto, (max-width: 530px) 100vw, 530px\" \/><\/a><figcaption id=\"caption-attachment-70282\" class=\"wp-caption-text\">Manuel Alvarado Alvarado se encuentra en la c\u00e1rcel cumpliendo condena impuesta por Tribunal Oral en Lo Penal de 541 d\u00edas.<\/figcaption><\/figure>\n","protected":false},"excerpt":{"rendered":"<p>Por haber robado 15 mil pesos en Tienda \u2018La Cig\u00fce\u00f1a\u2019:\u00a0Tribunal Oral de San Felipe, dict\u00f3 sentencia por delito de robo en lugar no habitado, pese a que la v\u00edctima habita en su&#8230;<\/p>\n","protected":false},"author":1,"featured_media":70282,"comment_status":"open","ping_status":"open","sticky":false,"template":"","format":"standard","meta":{"advanced_seo_description":"","jetpack_seo_html_title":"","jetpack_seo_noindex":false,"_jetpack_memberships_contains_paid_content":false,"footnotes":""},"categories":[21],"tags":[],"class_list":["post-70281","post","type-post","status-publish","format-standard","has-post-thumbnail","hentry","category-policial"],"jetpack_featured_media_url":"https:\/\/i0.wp.com\/eltrabajo.cl\/portal\/wp-content\/uploads\/2016\/05\/MANUEL-ALVARADO.jpg?fit=530%2C349&ssl=1","jetpack_sharing_enabled":true,"jetpack_likes_enabled":true,"jetpack-related-posts":[],"_links":{"self":[{"href":"https:\/\/eltrabajo.cl\/portal\/wp-json\/wp\/v2\/posts\/70281","targetHints":{"allow":["GET"]}}],"collection":[{"href":"https:\/\/eltrabajo.cl\/portal\/wp-json\/wp\/v2\/posts"}],"about":[{"href":"https:\/\/eltrabajo.cl\/portal\/wp-json\/wp\/v2\/types\/post"}],"author":[{"embeddable":true,"href":"https:\/\/eltrabajo.cl\/portal\/wp-json\/wp\/v2\/users\/1"}],"replies":[{"embeddable":true,"href":"https:\/\/eltrabajo.cl\/portal\/wp-json\/wp\/v2\/comments?post=70281"}],"version-history":[{"count":0,"href":"https:\/\/eltrabajo.cl\/portal\/wp-json\/wp\/v2\/posts\/70281\/revisions"}],"wp:featuredmedia":[{"embeddable":true,"href":"https:\/\/eltrabajo.cl\/portal\/wp-json\/wp\/v2\/media\/70282"}],"wp:attachment":[{"href":"https:\/\/eltrabajo.cl\/portal\/wp-json\/wp\/v2\/media?parent=70281"}],"wp:term":[{"taxonomy":"category","embeddable":true,"href":"https:\/\/eltrabajo.cl\/portal\/wp-json\/wp\/v2\/categories?post=70281"},{"taxonomy":"post_tag","embeddable":true,"href":"https:\/\/eltrabajo.cl\/portal\/wp-json\/wp\/v2\/tags?post=70281"}],"curies":[{"name":"wp","href":"https:\/\/api.w.org\/{rel}","templated":true}]}}