{"id":70285,"date":"2016-05-31T09:29:14","date_gmt":"2016-05-31T13:29:14","guid":{"rendered":"http:\/\/www.eltrabajo.cl\/portal\/?p=70285"},"modified":"2016-05-31T09:29:51","modified_gmt":"2016-05-31T13:29:51","slug":"campana-yo-te-llevo-para-mejorar-transporte-de-personas-discapacitadas","status":"publish","type":"post","link":"https:\/\/eltrabajo.cl\/portal\/campana-yo-te-llevo-para-mejorar-transporte-de-personas-discapacitadas\/","title":{"rendered":"Campa\u00f1a \u2018Yo te Llevo\u2019 para mejorar transporte de personas discapacitadas"},"content":{"rendered":"<ul>\n<li><strong>Iniciativa impulsada por la Municipalidad de San Felipe:\u00a0Uno de los objetivos es que los conductores de las distintas l\u00edneas de Taxis Colectivos de la comuna y tambi\u00e9n los interurbanos se sensibilicen en torno a la importancia que tiene su servicio, para los vecinos y vecinas que sufren alguna discapacidad<\/strong><\/li>\n<\/ul>\n<p>La Municipalidad de San Felipe, a trav\u00e9s de su Oficina de la Discapacidad, junto con los distintos gremios de Taxis Colectivos urbanos e interurbanos de la Provincia, realizaron el lanzamiento de la campa\u00f1a \u2018Yo te llevo\u2019, iniciativa que busca sensibilizar a los conductores de la locomoci\u00f3n menor, sobre la importancia de respetar los derechos de los usuarios y usuarias con capacidades diferentes.<br \/>\nEl alcalde de San Felipe, Patricio Freire Canto, afirm\u00f3 que, mediante este tipo de instancias, se busca tener una ciudad m\u00e1s generosa y solidaria, para lo cual se torna fundamental contar con la voluntad de los choferes.<br \/>\n\u201cEsta campa\u00f1a se enmarca en lo que significa San Felipe inclusivo, no queremos que sea solamente un slogan y se transforme en una realidad. Hoy d\u00eda, las personas con capacidades diferentes, con problemas de f\u00edsicos que andan con una silla de ruedas, o una madre que anda con su beb\u00e9 y un coche, deben tener las mismas opciones de movilizaci\u00f3n y los taxistas y choferes est\u00e1n con la disposici\u00f3n de aportar con lograr una ciudad m\u00e1s inclusiva\u201d, dijo Freire.<\/p>\n<figure id=\"attachment_70287\" aria-describedby=\"caption-attachment-70287\" style=\"width: 300px\" class=\"wp-caption alignleft\"><a href=\"http:\/\/www.eltrabajo.cl\/portal\/campana-yo-te-llevo-para-mejorar-transporte-de-personas-discapacitadas\/yo-te-llevo-3\/\" rel=\"attachment wp-att-70287\"><img data-recalc-dims=\"1\" loading=\"lazy\" decoding=\"async\" class=\"size-medium wp-image-70287\" src=\"https:\/\/i0.wp.com\/www.eltrabajo.cl\/portal\/wp-content\/uploads\/2016\/05\/YO-TE-LLEVO-3-300x197.jpg?resize=300%2C197\" alt=\"La Se\u00f1ora Mar\u00eda Concha Fuentealba, vecina sanfelipe\u00f1a a quien se le hace indispensable trasladarse en colectivos portando su silla de ruedas.\" width=\"300\" height=\"197\" srcset=\"https:\/\/i0.wp.com\/eltrabajo.cl\/portal\/wp-content\/uploads\/2016\/05\/YO-TE-LLEVO-3.jpg?resize=300%2C197&amp;ssl=1 300w, https:\/\/i0.wp.com\/eltrabajo.cl\/portal\/wp-content\/uploads\/2016\/05\/YO-TE-LLEVO-3.jpg?resize=200%2C131&amp;ssl=1 200w, https:\/\/i0.wp.com\/eltrabajo.cl\/portal\/wp-content\/uploads\/2016\/05\/YO-TE-LLEVO-3.jpg?resize=228%2C150&amp;ssl=1 228w, https:\/\/i0.wp.com\/eltrabajo.cl\/portal\/wp-content\/uploads\/2016\/05\/YO-TE-LLEVO-3.jpg?resize=400%2C263&amp;ssl=1 400w, https:\/\/i0.wp.com\/eltrabajo.cl\/portal\/wp-content\/uploads\/2016\/05\/YO-TE-LLEVO-3.jpg?w=530&amp;ssl=1 530w\" sizes=\"auto, (max-width: 300px) 100vw, 300px\" \/><\/a><figcaption id=\"caption-attachment-70287\" class=\"wp-caption-text\">La Se\u00f1ora Mar\u00eda Concha Fuentealba, vecina sanfelipe\u00f1a a quien se le hace indispensable trasladarse en colectivos portando su silla de ruedas.<\/figcaption><\/figure>\n<p>La se\u00f1ora Mar\u00eda Concha Fuentealba, es usuaria habitual de la locomoci\u00f3n colectiva menor, asume que su condici\u00f3n es determinante a la hora de organizar sus tiempos, ya que, muchas veces debe esperar hasta cerca de media hora para que un colectivo la transporte junto a su silla de ruedas. Desde ah\u00ed, que agradece la iniciativa impulsada desde la Casa Edilicia, destacando que \u201chay personas con capacidades, a veces, mucho m\u00e1s limitadas que las m\u00edas, no tenemos fuerza para andar solas, queremos que ellos (los conductores) se pongan la mano en el coraz\u00f3n y nos lleven, porque somos ciudadanos como cualquier otro tipo de persona y no de segunda clase\u201d, asever\u00f3.<br \/>\nEn cuanto a la actitud que deben tener los conductores de colectivos ante esta iniciativa, la vecina apunt\u00f3 que \u201cnosotros necesitamos que la mentalidad cambie, que no salgan con la \u2018chiva\u2019, de que llevan el maletero lleno, o que te digan que no pueden porque les duele el brazo al subir la silla, nos dan un mont\u00f3n de excusas. Que se pongan las pilas y nosotros mismo los vamos a ir ayudando, instruyendo para que se les haga m\u00e1s f\u00e1cil nuestro traslado\u201d, agreg\u00f3.<\/p>\n<figure id=\"attachment_70289\" aria-describedby=\"caption-attachment-70289\" style=\"width: 300px\" class=\"wp-caption alignleft\"><a href=\"http:\/\/www.eltrabajo.cl\/portal\/campana-yo-te-llevo-para-mejorar-transporte-de-personas-discapacitadas\/yo-te-llevo-2\/\" rel=\"attachment wp-att-70289\"><img data-recalc-dims=\"1\" loading=\"lazy\" decoding=\"async\" class=\"size-medium wp-image-70289\" src=\"https:\/\/i0.wp.com\/www.eltrabajo.cl\/portal\/wp-content\/uploads\/2016\/05\/YO-TE-LLEVO-2-300x198.jpg?resize=300%2C198\" alt=\"Elizabeth Reyes Rivera, presidenta de la Federaci\u00f3n de Taxis Colectivos de San Felipe.\" width=\"300\" height=\"198\" srcset=\"https:\/\/i0.wp.com\/eltrabajo.cl\/portal\/wp-content\/uploads\/2016\/05\/YO-TE-LLEVO-2.jpg?resize=300%2C198&amp;ssl=1 300w, https:\/\/i0.wp.com\/eltrabajo.cl\/portal\/wp-content\/uploads\/2016\/05\/YO-TE-LLEVO-2.jpg?resize=200%2C132&amp;ssl=1 200w, https:\/\/i0.wp.com\/eltrabajo.cl\/portal\/wp-content\/uploads\/2016\/05\/YO-TE-LLEVO-2.jpg?resize=227%2C150&amp;ssl=1 227w, https:\/\/i0.wp.com\/eltrabajo.cl\/portal\/wp-content\/uploads\/2016\/05\/YO-TE-LLEVO-2.jpg?resize=400%2C264&amp;ssl=1 400w, https:\/\/i0.wp.com\/eltrabajo.cl\/portal\/wp-content\/uploads\/2016\/05\/YO-TE-LLEVO-2.jpg?w=530&amp;ssl=1 530w\" sizes=\"auto, (max-width: 300px) 100vw, 300px\" \/><\/a><figcaption id=\"caption-attachment-70289\" class=\"wp-caption-text\">Elizabeth Reyes Rivera, presidenta de la Federaci\u00f3n de Taxis Colectivos de San Felipe.<\/figcaption><\/figure>\n<p>Precisamente, respondiendo a la demanda de los usuarios con capacidades diferentes, Elizabeth Reyes Rivera, presidenta de la Federaci\u00f3n de Taxis Colectivos de San Felipe, cont\u00f3 que el gremio que representa, recogi\u00f3 con mucho entusiasmo la invitaci\u00f3n del municipio para participar de esta campa\u00f1a, entendiendo que este es un llamado de la comunidad del cual deben hacerse cargo (&#8230;)<br \/>\n\u201cEs gratificante para nosotros, somos prestadores de un servicio p\u00fablico, esto mejora nuestra labor y nos ayuda a que seamos m\u00e1s inclusivos todos, porque en todas las familias a veces hay una persona que tiene alg\u00fan problema, no estamos exentos de quedar as\u00ed por alg\u00fan accidente y somos conscientes de que si prestamos un mejor servicio todos crecemos\u201d, apunt\u00f3 la dirigente.<br \/>\nEn relaci\u00f3n con la labor que desempe\u00f1a la Oficina de la Discapacidad de la Municipalidad de San Felipe, Reyes asegur\u00f3 que se realiz\u00f3 una trabajo de capacitaci\u00f3n a los conductores, para que pudieran manipular de mejor forma y m\u00e1s f\u00e1cilmente las sillas de rueda, sin embargo, reconoce que este proceso de aprendizaje sea complementado con la disposici\u00f3n de los conductores a la hora de tomar un pasajero minusv\u00e1lido.<br \/>\n\u201cAqu\u00ed hay que hablar de un tema de voluntades, muchas veces los choferes no se dan el tiempo de detenerse porque hay que desarmar la silla, otras veces dicen que llevan m\u00e1s cosas, pero tambi\u00e9n tiene que ver con educaci\u00f3n (\u2026) explicarle a veces a nuestros usuarios, decirles mire ah\u00ed viene otro colega, ayudarles a subir la silla, porque todos somos parte de un engranaje del tejido social, por lo tanto, es importante que todos nos tendamos una mano\u201d, sentenci\u00f3.<br \/>\nDe acuerdo a lo manifestado por Reyes, no habr\u00e1 un mecanismo de control espec\u00edfico para velar por el cumplimiento acabado de esta campa\u00f1a, aunque, hizo menci\u00f3n a la transparencia con la que trabaja el gremio que representa, pues al interior de los veh\u00edculos debe existir una credencial con todos los datos de la l\u00ednea y del conductor del m\u00f3vil, instrumento que deben utilizar los usuarios cuando se sientan pasados a llevar o crean que no se est\u00e1n respetando sus derechos.<br \/>\nAl respecto, la gremialista a\u00f1adi\u00f3, que es indispensable que la gente denuncie y de esa forma se pueda establecer una evaluaci\u00f3n de los choferes. \u201cEs el mecanismo que nosotros tenemos para decir que en nuestra flota tenemos conductores responsables y que quienes no cumplen con eso, no pueden estar participando de nuestro gremio\u201d, concluy\u00f3.<br \/>\nAndr\u00e9s Povesta, presidente de la Uni\u00f3n Comunal, Unco, de la discapacidad, valor\u00f3 la campa\u00f1a a la que se est\u00e1n sumando los dirigentes de la locomoci\u00f3n colectiva menor, argumentando que \u201ccreo que existido una muy buena disposici\u00f3n entre los taxistas, el alcalde y el Senadis ( Servicio Nacional de la Discapacidad), estos tres organismo est\u00e1n mancomunados para trabajar en beneficio de las personas con capacidades diferentes, sobre todo en inclusi\u00f3n, donde est\u00e1bamos muy al debe, pero ahora estamos bien, trabajando para que esto vaya \u2018in crescendo\u2019, y paulatinamente se vayan sumando las micros y los buses\u201d, puntualiz\u00f3.<br \/>\nRespecto de la odisea que tienen que atravesar las personas con alguna discapacidad f\u00edsica, para poder trasladarse, Povesta afirm\u00f3 que \u201cesta es una campa\u00f1a de sensibilizaci\u00f3n que poco a poco nos va a permitir mejorar esta condici\u00f3n(\u2026) este es un proyecto de Fonapi (Fondo Nacional de Proyectos Inclusivos) que el Senadis, tiene para las diferentes comunas y en la pr\u00e1ctica implica que los choferes de los taxis y las micros tengan una actitud positiva frente a las personas con bastones, muletas o sillas de ruedas\u201d, detall\u00f3.<\/p>\n<figure id=\"attachment_70288\" aria-describedby=\"caption-attachment-70288\" style=\"width: 530px\" class=\"wp-caption alignleft\"><a href=\"http:\/\/www.eltrabajo.cl\/portal\/campana-yo-te-llevo-para-mejorar-transporte-de-personas-discapacitadas\/yo-te-llevo1\/\" rel=\"attachment wp-att-70288\"><img data-recalc-dims=\"1\" loading=\"lazy\" decoding=\"async\" class=\"size-full wp-image-70288\" src=\"https:\/\/i0.wp.com\/www.eltrabajo.cl\/portal\/wp-content\/uploads\/2016\/05\/YO-TE-LLEVO1.jpg?resize=530%2C350\" alt=\"Alcalde de San Felipe Patricio Freire, junto a dirigentes de los distintos gremios de Taxis Colectivos y usuarios y usuarias con capacidades diferentes, lanzaron campa\u00f1a \u2018Yo te llevo\u2019.\" width=\"530\" height=\"350\" srcset=\"https:\/\/i0.wp.com\/eltrabajo.cl\/portal\/wp-content\/uploads\/2016\/05\/YO-TE-LLEVO1.jpg?w=530&amp;ssl=1 530w, https:\/\/i0.wp.com\/eltrabajo.cl\/portal\/wp-content\/uploads\/2016\/05\/YO-TE-LLEVO1.jpg?resize=200%2C132&amp;ssl=1 200w, https:\/\/i0.wp.com\/eltrabajo.cl\/portal\/wp-content\/uploads\/2016\/05\/YO-TE-LLEVO1.jpg?resize=300%2C198&amp;ssl=1 300w, https:\/\/i0.wp.com\/eltrabajo.cl\/portal\/wp-content\/uploads\/2016\/05\/YO-TE-LLEVO1.jpg?resize=227%2C150&amp;ssl=1 227w, https:\/\/i0.wp.com\/eltrabajo.cl\/portal\/wp-content\/uploads\/2016\/05\/YO-TE-LLEVO1.jpg?resize=400%2C264&amp;ssl=1 400w\" sizes=\"auto, (max-width: 530px) 100vw, 530px\" \/><\/a><figcaption id=\"caption-attachment-70288\" class=\"wp-caption-text\">Alcalde de San Felipe Patricio Freire, junto a dirigentes de los distintos gremios de Taxis Colectivos y usuarios y usuarias con capacidades diferentes, lanzaron campa\u00f1a \u2018Yo te llevo\u2019.<\/figcaption><\/figure>\n","protected":false},"excerpt":{"rendered":"<p>Iniciativa impulsada por la Municipalidad de San Felipe:\u00a0Uno de los objetivos es que los conductores de las distintas l\u00edneas de Taxis Colectivos de la comuna y tambi\u00e9n los interurbanos se sensibilicen en&#8230;<\/p>\n","protected":false},"author":1,"featured_media":70287,"comment_status":"open","ping_status":"open","sticky":false,"template":"","format":"standard","meta":{"advanced_seo_description":"","jetpack_seo_html_title":"","jetpack_seo_noindex":false,"_jetpack_memberships_contains_paid_content":false,"footnotes":""},"categories":[1],"tags":[],"class_list":["post-70285","post","type-post","status-publish","format-standard","has-post-thumbnail","hentry","category-cronica"],"jetpack_featured_media_url":"https:\/\/i0.wp.com\/eltrabajo.cl\/portal\/wp-content\/uploads\/2016\/05\/YO-TE-LLEVO-3.jpg?fit=530%2C348&ssl=1","jetpack_sharing_enabled":true,"jetpack_likes_enabled":true,"jetpack-related-posts":[],"_links":{"self":[{"href":"https:\/\/eltrabajo.cl\/portal\/wp-json\/wp\/v2\/posts\/70285","targetHints":{"allow":["GET"]}}],"collection":[{"href":"https:\/\/eltrabajo.cl\/portal\/wp-json\/wp\/v2\/posts"}],"about":[{"href":"https:\/\/eltrabajo.cl\/portal\/wp-json\/wp\/v2\/types\/post"}],"author":[{"embeddable":true,"href":"https:\/\/eltrabajo.cl\/portal\/wp-json\/wp\/v2\/users\/1"}],"replies":[{"embeddable":true,"href":"https:\/\/eltrabajo.cl\/portal\/wp-json\/wp\/v2\/comments?post=70285"}],"version-history":[{"count":0,"href":"https:\/\/eltrabajo.cl\/portal\/wp-json\/wp\/v2\/posts\/70285\/revisions"}],"wp:featuredmedia":[{"embeddable":true,"href":"https:\/\/eltrabajo.cl\/portal\/wp-json\/wp\/v2\/media\/70287"}],"wp:attachment":[{"href":"https:\/\/eltrabajo.cl\/portal\/wp-json\/wp\/v2\/media?parent=70285"}],"wp:term":[{"taxonomy":"category","embeddable":true,"href":"https:\/\/eltrabajo.cl\/portal\/wp-json\/wp\/v2\/categories?post=70285"},{"taxonomy":"post_tag","embeddable":true,"href":"https:\/\/eltrabajo.cl\/portal\/wp-json\/wp\/v2\/tags?post=70285"}],"curies":[{"name":"wp","href":"https:\/\/api.w.org\/{rel}","templated":true}]}}