{"id":70292,"date":"2016-05-31T09:32:08","date_gmt":"2016-05-31T13:32:08","guid":{"rendered":"http:\/\/www.eltrabajo.cl\/portal\/?p=70292"},"modified":"2016-05-31T09:32:08","modified_gmt":"2016-05-31T13:32:08","slug":"representacion-teatral-el-crespon-negro-se-presenta-gratis-este-3-de-junio","status":"publish","type":"post","link":"https:\/\/eltrabajo.cl\/portal\/representacion-teatral-el-crespon-negro-se-presenta-gratis-este-3-de-junio\/","title":{"rendered":"Representaci\u00f3n teatral \u2018El Cresp\u00f3n Negro\u2019 se presenta gratis este 3 de junio"},"content":{"rendered":"<ul>\n<li><strong>Pieza rescata a los desconocidos del Golpe de Estado de 1973:<\/strong><\/li>\n<\/ul>\n<p>PANQUEHUE.- En la ciudad de Panquehue, en la Sala Cultural Ra\u00fal Tagle Bennet, ubicada en Troncal 1166 a las 18:30 hrs, se presenta una obra teatral, que narra lo ocurrido la tarde del 11 de septiembre de 1973, en la Poblaci\u00f3n Paredes de Temuco. Don Arnaldo, un hombre mayor sin posici\u00f3n pol\u00edtica aparente, decide poner en su antejard\u00edn una bandera chilena a media asta con un cresp\u00f3n negro, y su vecino don Javier, allendista consciente del peligro de esa acci\u00f3n, le pide que saque la se\u00f1al de luto. La obra \u2018El Cresp\u00f3n Negro\u2019 -escrita y dirigida por Hugo Mej\u00edas- recoge el tira y afloja entre estos hombres, como una forma de relevar el drama \u00edntimo que muchos chilenos an\u00f3nimos vivieron ese momento.<br \/>\nAmbos personajes, ponen en jaque t\u00e9rminos como consecuencia y lealtad, atrevi\u00e9ndose a redimir a todos los que no salieron a la calle a defender a Salvador Allende y cruzando las fronteras de las visiones pol\u00edticas. La obra, tiene un tercer personaje, un joven militar, quien tambi\u00e9n aporta su mirada y colabora con la humanizaci\u00f3n de lo sucedido en nuestra historia reciente.<br \/>\nGanador del Fondo del libro modalidad de Dramaturgia, y luego Fondart Regional en creaci\u00f3n esc\u00e9nica, el montaje es una realizaci\u00f3n de la compa\u00f1\u00eda La Guerrilla, dirigida por Mej\u00edas y que est\u00e1 cumpliendo nueve a\u00f1os de ininterrumpida labor, dedicada principalmente al p\u00fabico familiar. \u2018El Cresp\u00f3n Negro\u2019, inicio de una nueva etapa del grupo, cuenta con las actuaciones de H\u00e9ctor \u2018Tigre\u2019 Aguilar, Sergio Schmied (\u2018Informe para Nadie\u2019) y Felipe Peralta, joven actor cofundador de La Guerrilla. La m\u00fasica original es de Rodrigo Bastidas D\u00edaz, y el dise\u00f1o integral de Carola Sandoval.<br \/>\nHugo Mej\u00edas, cuenta que hace muchos a\u00f1os que ten\u00eda en mente escribir \u2018El Cresp\u00f3n Negro\u2019, inspirada en sus abuelos y sus diferencias. \u201cLos dos ten\u00edan ribetes muy de personajes, hab\u00eda per\u00edodos en que se llevaban muy mal entre ellos, yo sab\u00eda c\u00f3mo eran y cu\u00e1les eran sus l\u00edmites. La obra tiene que ver con el Golpe de Estado y la dictadura, que para m\u00ed fue una pelea de perros grandes donde los perros chicos, donde incluyo a mis abuelos, sin tener un claro compromiso pol\u00edtico y a prop\u00f3sito de su misma ignorancia o inocencia, terminan sufriendo las consecuencias\u201d, explica.<br \/>\nEl director, agrega que la obra, est\u00e1 dedicada a los desconocidos del Golpe militar y aclara que se conecta con los ideales de muchos y no con el aspecto pol\u00edtico necesariamente; \u201cPara m\u00ed, el verdadero protagonista de la obra es el fantasma del ideal de la UP, porque cuando lleg\u00f3 el momento de los \u2018quiubos\u2019 necesit\u00f3 que a los que alguna vez les entreg\u00f3 un sue\u00f1o salieran a defenderlo, y no sali\u00f3 nadie. Es ese fantasma que a\u00fan reclama como una mujer enga\u00f1ada, para mi gusto un detenido desaparecido m\u00e1s\u201d.<\/p>\n<figure id=\"attachment_70293\" aria-describedby=\"caption-attachment-70293\" style=\"width: 530px\" class=\"wp-caption alignleft\"><a href=\"http:\/\/www.eltrabajo.cl\/portal\/representacion-teatral-el-crespon-negro-se-presenta-gratis-este-3-de-junio\/tigre\/\" rel=\"attachment wp-att-70293\"><img data-recalc-dims=\"1\" loading=\"lazy\" decoding=\"async\" class=\"size-full wp-image-70293\" src=\"https:\/\/i0.wp.com\/www.eltrabajo.cl\/portal\/wp-content\/uploads\/2016\/05\/tigre.jpg?resize=530%2C348\" alt=\"La obra, escrita y dirigida por Hugo Mej\u00edas, narra en enfrentamiento de dos vecinos en una poblaci\u00f3n de Temuco el 11 de septiembre de 1973, porque uno de ellos decide poner un cresp\u00f3n negro en su bandera.\" width=\"530\" height=\"348\" srcset=\"https:\/\/i0.wp.com\/eltrabajo.cl\/portal\/wp-content\/uploads\/2016\/05\/tigre.jpg?w=530&amp;ssl=1 530w, https:\/\/i0.wp.com\/eltrabajo.cl\/portal\/wp-content\/uploads\/2016\/05\/tigre.jpg?resize=200%2C131&amp;ssl=1 200w, https:\/\/i0.wp.com\/eltrabajo.cl\/portal\/wp-content\/uploads\/2016\/05\/tigre.jpg?resize=300%2C197&amp;ssl=1 300w, https:\/\/i0.wp.com\/eltrabajo.cl\/portal\/wp-content\/uploads\/2016\/05\/tigre.jpg?resize=228%2C150&amp;ssl=1 228w, https:\/\/i0.wp.com\/eltrabajo.cl\/portal\/wp-content\/uploads\/2016\/05\/tigre.jpg?resize=400%2C263&amp;ssl=1 400w\" sizes=\"auto, (max-width: 530px) 100vw, 530px\" \/><\/a><figcaption id=\"caption-attachment-70293\" class=\"wp-caption-text\">La obra, escrita y dirigida por Hugo Mej\u00edas, narra en enfrentamiento de dos vecinos en una poblaci\u00f3n de Temuco el 11 de septiembre de 1973, porque uno de ellos decide poner un cresp\u00f3n negro en su bandera.<\/figcaption><\/figure>\n","protected":false},"excerpt":{"rendered":"<p>Pieza rescata a los desconocidos del Golpe de Estado de 1973: PANQUEHUE.- En la ciudad de Panquehue, en la Sala Cultural Ra\u00fal Tagle Bennet, ubicada en Troncal 1166 a las 18:30 hrs,&#8230;<\/p>\n","protected":false},"author":1,"featured_media":70293,"comment_status":"open","ping_status":"open","sticky":false,"template":"","format":"standard","meta":{"advanced_seo_description":"","jetpack_seo_html_title":"","jetpack_seo_noindex":false,"_jetpack_memberships_contains_paid_content":false,"footnotes":""},"categories":[20],"tags":[],"class_list":["post-70292","post","type-post","status-publish","format-standard","has-post-thumbnail","hentry","category-arte-y-cultura"],"jetpack_featured_media_url":"https:\/\/i0.wp.com\/eltrabajo.cl\/portal\/wp-content\/uploads\/2016\/05\/tigre.jpg?fit=530%2C348&ssl=1","jetpack_sharing_enabled":true,"jetpack_likes_enabled":true,"jetpack-related-posts":[],"_links":{"self":[{"href":"https:\/\/eltrabajo.cl\/portal\/wp-json\/wp\/v2\/posts\/70292","targetHints":{"allow":["GET"]}}],"collection":[{"href":"https:\/\/eltrabajo.cl\/portal\/wp-json\/wp\/v2\/posts"}],"about":[{"href":"https:\/\/eltrabajo.cl\/portal\/wp-json\/wp\/v2\/types\/post"}],"author":[{"embeddable":true,"href":"https:\/\/eltrabajo.cl\/portal\/wp-json\/wp\/v2\/users\/1"}],"replies":[{"embeddable":true,"href":"https:\/\/eltrabajo.cl\/portal\/wp-json\/wp\/v2\/comments?post=70292"}],"version-history":[{"count":0,"href":"https:\/\/eltrabajo.cl\/portal\/wp-json\/wp\/v2\/posts\/70292\/revisions"}],"wp:featuredmedia":[{"embeddable":true,"href":"https:\/\/eltrabajo.cl\/portal\/wp-json\/wp\/v2\/media\/70293"}],"wp:attachment":[{"href":"https:\/\/eltrabajo.cl\/portal\/wp-json\/wp\/v2\/media?parent=70292"}],"wp:term":[{"taxonomy":"category","embeddable":true,"href":"https:\/\/eltrabajo.cl\/portal\/wp-json\/wp\/v2\/categories?post=70292"},{"taxonomy":"post_tag","embeddable":true,"href":"https:\/\/eltrabajo.cl\/portal\/wp-json\/wp\/v2\/tags?post=70292"}],"curies":[{"name":"wp","href":"https:\/\/api.w.org\/{rel}","templated":true}]}}