{"id":70314,"date":"2016-05-31T09:48:42","date_gmt":"2016-05-31T13:48:42","guid":{"rendered":"http:\/\/www.eltrabajo.cl\/portal\/?p=70314"},"modified":"2016-05-31T09:48:42","modified_gmt":"2016-05-31T13:48:42","slug":"con-un-atractivo-recorrido-nocturno-santa-maria-festejo-el-dia-del-patrimonio","status":"publish","type":"post","link":"https:\/\/eltrabajo.cl\/portal\/con-un-atractivo-recorrido-nocturno-santa-maria-festejo-el-dia-del-patrimonio\/","title":{"rendered":"Con un atractivo recorrido nocturno Santa Mar\u00eda festej\u00f3 el D\u00eda del Patrimonio"},"content":{"rendered":"<ul>\n<li><strong>En celebraci\u00f3n del D\u00eda del Patrimonio, la Municipalidad de Santa Mar\u00eda gestion\u00f3 a trav\u00e9s del Departamento de Cultura y de la Biblioteca Municipal importantes actividades para que los vecinos y vecinas pudiesen disfrutaran de este d\u00eda de apertura, acceso a la historia y valoraci\u00f3n de la identidad y patrimonio de la comuna.<\/strong><\/li>\n<\/ul>\n<p><strong>SANTA MARIA.-<\/strong> En dependencias de la Biblioteca Gabriela Mistral, se efectu\u00f3 una destacada exposici\u00f3n de la Comunidad Mapuche Pehuenche de Santa Mar\u00eda, organizada por la encargada de la administraci\u00f3n del recinto Carolina Olgu\u00edn y su equipo, a la que asistieron importantes autoridades comunales y provinciales, entre los que destacan el gobernador provincial de San Felipe Eduardo Le\u00f3n y concejales de la Comuna.<br \/>\nPosteriormente, como una\u00a0 forma de acceder al patrimonio intangible, se efectu\u00f3 un atractivo recorrido nocturno en la oscuridad de la noche, por diversos sectores de la comuna, que incluy\u00f3 cuentos y leyendas de diversos sucesos propios de la historia y el\u00a0 folclore local. Relatos propios de la Historia de Chile, apariciones, tragedias y casas embrujadas, dieron vida a esta actividad que cont\u00f3 con una alta concurrencia y con el destacado relato del Encargado de Cultura Sergio Rojas.<br \/>\nEl alcalde Claudio Zurita, qui\u00e9n particip\u00f3 de esta jornada coment\u00f3 que \u201cMe parece muy bien que se haya hecho algo distinto, nuestra comuna tiene una gran historia intangible que ha sido transmitida de generaci\u00f3n en generaci\u00f3n, por ello me parece fundamental que los vecinos y vecinas tengan acceso a esta riqueza inmaterial que forma parte del conocimiento local. Finalmente, agradezco a o todos los vecinos que asistieron a esta actividad y a otras desarrolladas durante este d\u00eda en el marco del D\u00eda del Patrimonio, como as\u00ed mismo el trabajo de quienes lo hicieron posible\u201d.<\/p>\n<figure id=\"attachment_70317\" aria-describedby=\"caption-attachment-70317\" style=\"width: 530px\" class=\"wp-caption alignleft\"><a href=\"http:\/\/www.eltrabajo.cl\/portal\/con-un-atractivo-recorrido-nocturno-santa-maria-festejo-el-dia-del-patrimonio\/mapuches3\/\" rel=\"attachment wp-att-70317\"><img data-recalc-dims=\"1\" loading=\"lazy\" decoding=\"async\" class=\"size-full wp-image-70317\" src=\"https:\/\/i0.wp.com\/www.eltrabajo.cl\/portal\/wp-content\/uploads\/2016\/05\/mapuches3.jpg?resize=530%2C349\" alt=\"Relatos propios de la Historia de Chile, apariciones, tragedias y casas embrujadas, dieron vida a esta actividad.\" width=\"530\" height=\"349\" srcset=\"https:\/\/i0.wp.com\/eltrabajo.cl\/portal\/wp-content\/uploads\/2016\/05\/mapuches3.jpg?w=530&amp;ssl=1 530w, https:\/\/i0.wp.com\/eltrabajo.cl\/portal\/wp-content\/uploads\/2016\/05\/mapuches3.jpg?resize=200%2C132&amp;ssl=1 200w, https:\/\/i0.wp.com\/eltrabajo.cl\/portal\/wp-content\/uploads\/2016\/05\/mapuches3.jpg?resize=300%2C198&amp;ssl=1 300w, https:\/\/i0.wp.com\/eltrabajo.cl\/portal\/wp-content\/uploads\/2016\/05\/mapuches3.jpg?resize=228%2C150&amp;ssl=1 228w, https:\/\/i0.wp.com\/eltrabajo.cl\/portal\/wp-content\/uploads\/2016\/05\/mapuches3.jpg?resize=400%2C263&amp;ssl=1 400w\" sizes=\"auto, (max-width: 530px) 100vw, 530px\" \/><\/a><figcaption id=\"caption-attachment-70317\" class=\"wp-caption-text\">Relatos propios de la Historia de Chile, apariciones, tragedias y casas embrujadas, dieron vida a esta actividad.<\/figcaption><\/figure>\n<figure id=\"attachment_70315\" aria-describedby=\"caption-attachment-70315\" style=\"width: 530px\" class=\"wp-caption alignleft\"><a href=\"http:\/\/www.eltrabajo.cl\/portal\/con-un-atractivo-recorrido-nocturno-santa-maria-festejo-el-dia-del-patrimonio\/mapuches1-2\/\" rel=\"attachment wp-att-70315\"><img data-recalc-dims=\"1\" loading=\"lazy\" decoding=\"async\" class=\"size-full wp-image-70315\" src=\"https:\/\/i0.wp.com\/www.eltrabajo.cl\/portal\/wp-content\/uploads\/2016\/05\/mapuches1.jpg?resize=530%2C350\" alt=\"Se efectu\u00f3 un atractivo recorrido nocturno en la oscuridad de la noche, por diversos sectores de la comuna.\" width=\"530\" height=\"350\" srcset=\"https:\/\/i0.wp.com\/eltrabajo.cl\/portal\/wp-content\/uploads\/2016\/05\/mapuches1.jpg?w=530&amp;ssl=1 530w, https:\/\/i0.wp.com\/eltrabajo.cl\/portal\/wp-content\/uploads\/2016\/05\/mapuches1.jpg?resize=200%2C132&amp;ssl=1 200w, https:\/\/i0.wp.com\/eltrabajo.cl\/portal\/wp-content\/uploads\/2016\/05\/mapuches1.jpg?resize=300%2C198&amp;ssl=1 300w, https:\/\/i0.wp.com\/eltrabajo.cl\/portal\/wp-content\/uploads\/2016\/05\/mapuches1.jpg?resize=227%2C150&amp;ssl=1 227w, https:\/\/i0.wp.com\/eltrabajo.cl\/portal\/wp-content\/uploads\/2016\/05\/mapuches1.jpg?resize=400%2C264&amp;ssl=1 400w\" sizes=\"auto, (max-width: 530px) 100vw, 530px\" \/><\/a><figcaption id=\"caption-attachment-70315\" class=\"wp-caption-text\">Se efectu\u00f3 un atractivo recorrido nocturno en la oscuridad de la noche, por diversos sectores de la comuna.<\/figcaption><\/figure>\n<figure id=\"attachment_70318\" aria-describedby=\"caption-attachment-70318\" style=\"width: 530px\" class=\"wp-caption alignleft\"><a href=\"http:\/\/www.eltrabajo.cl\/portal\/con-un-atractivo-recorrido-nocturno-santa-maria-festejo-el-dia-del-patrimonio\/biblio2\/\" rel=\"attachment wp-att-70318\"><img data-recalc-dims=\"1\" loading=\"lazy\" decoding=\"async\" class=\"size-full wp-image-70318\" src=\"https:\/\/i0.wp.com\/www.eltrabajo.cl\/portal\/wp-content\/uploads\/2016\/05\/biblio2.jpg?resize=530%2C350\" alt=\"Comunidad Mapuche Pehuenche de Santa Mar\u00eda.\" width=\"530\" height=\"350\" srcset=\"https:\/\/i0.wp.com\/eltrabajo.cl\/portal\/wp-content\/uploads\/2016\/05\/biblio2.jpg?w=530&amp;ssl=1 530w, https:\/\/i0.wp.com\/eltrabajo.cl\/portal\/wp-content\/uploads\/2016\/05\/biblio2.jpg?resize=200%2C132&amp;ssl=1 200w, https:\/\/i0.wp.com\/eltrabajo.cl\/portal\/wp-content\/uploads\/2016\/05\/biblio2.jpg?resize=300%2C198&amp;ssl=1 300w, https:\/\/i0.wp.com\/eltrabajo.cl\/portal\/wp-content\/uploads\/2016\/05\/biblio2.jpg?resize=227%2C150&amp;ssl=1 227w, https:\/\/i0.wp.com\/eltrabajo.cl\/portal\/wp-content\/uploads\/2016\/05\/biblio2.jpg?resize=400%2C264&amp;ssl=1 400w\" sizes=\"auto, (max-width: 530px) 100vw, 530px\" \/><\/a><figcaption id=\"caption-attachment-70318\" class=\"wp-caption-text\">Comunidad Mapuche Pehuenche de Santa Mar\u00eda.<\/figcaption><\/figure>\n","protected":false},"excerpt":{"rendered":"<p>En celebraci\u00f3n del D\u00eda del Patrimonio, la Municipalidad de Santa Mar\u00eda gestion\u00f3 a trav\u00e9s del Departamento de Cultura y de la Biblioteca Municipal importantes actividades para que los vecinos y vecinas pudiesen&#8230;<\/p>\n","protected":false},"author":1,"featured_media":70317,"comment_status":"open","ping_status":"open","sticky":false,"template":"","format":"standard","meta":{"advanced_seo_description":"","jetpack_seo_html_title":"","jetpack_seo_noindex":false,"_jetpack_memberships_contains_paid_content":false,"footnotes":""},"categories":[15],"tags":[],"class_list":["post-70314","post","type-post","status-publish","format-standard","has-post-thumbnail","hentry","category-comunidad"],"jetpack_featured_media_url":"https:\/\/i0.wp.com\/eltrabajo.cl\/portal\/wp-content\/uploads\/2016\/05\/mapuches3.jpg?fit=530%2C349&ssl=1","jetpack_sharing_enabled":true,"jetpack_likes_enabled":true,"jetpack-related-posts":[],"_links":{"self":[{"href":"https:\/\/eltrabajo.cl\/portal\/wp-json\/wp\/v2\/posts\/70314","targetHints":{"allow":["GET"]}}],"collection":[{"href":"https:\/\/eltrabajo.cl\/portal\/wp-json\/wp\/v2\/posts"}],"about":[{"href":"https:\/\/eltrabajo.cl\/portal\/wp-json\/wp\/v2\/types\/post"}],"author":[{"embeddable":true,"href":"https:\/\/eltrabajo.cl\/portal\/wp-json\/wp\/v2\/users\/1"}],"replies":[{"embeddable":true,"href":"https:\/\/eltrabajo.cl\/portal\/wp-json\/wp\/v2\/comments?post=70314"}],"version-history":[{"count":0,"href":"https:\/\/eltrabajo.cl\/portal\/wp-json\/wp\/v2\/posts\/70314\/revisions"}],"wp:featuredmedia":[{"embeddable":true,"href":"https:\/\/eltrabajo.cl\/portal\/wp-json\/wp\/v2\/media\/70317"}],"wp:attachment":[{"href":"https:\/\/eltrabajo.cl\/portal\/wp-json\/wp\/v2\/media?parent=70314"}],"wp:term":[{"taxonomy":"category","embeddable":true,"href":"https:\/\/eltrabajo.cl\/portal\/wp-json\/wp\/v2\/categories?post=70314"},{"taxonomy":"post_tag","embeddable":true,"href":"https:\/\/eltrabajo.cl\/portal\/wp-json\/wp\/v2\/tags?post=70314"}],"curies":[{"name":"wp","href":"https:\/\/api.w.org\/{rel}","templated":true}]}}