{"id":70331,"date":"2016-05-31T09:56:31","date_gmt":"2016-05-31T13:56:31","guid":{"rendered":"http:\/\/www.eltrabajo.cl\/portal\/?p=70331"},"modified":"2016-05-31T09:56:31","modified_gmt":"2016-05-31T13:56:31","slug":"ultimas-lluvias-dejan-90-de-superavit-respecto-al-2015-en-la-provincia","status":"publish","type":"post","link":"https:\/\/eltrabajo.cl\/portal\/ultimas-lluvias-dejan-90-de-superavit-respecto-al-2015-en-la-provincia\/","title":{"rendered":"\u00daltimas lluvias dejan 90% de super\u00e1vit respecto al 2015 en la provincia"},"content":{"rendered":"<ul>\n<li><strong>Cayeron m\u00e1s de 14 mm en algunas comunas:<\/strong><\/li>\n<\/ul>\n<p>El Gobernador Eduardo Le\u00f3n se\u00f1al\u00f3 que el domingo cayeron m\u00e1s de 14 mm en algunas comunas y asegur\u00f3 que no hubo emergencias que sobrepasar\u00e1n el nivel de respuesta da cada municipio.<br \/>\nCercano a un 90% de super\u00e1vit, con respecto al a\u00f1o anterior, qued\u00f3 la provincia de San Felipe, tras el sistema frontal del pasado fin de semana que se concentr\u00f3, principalmente, durante la tarde del domingo donde cayeron m\u00e1s de 14 mm de agua versus los 4.1 del s\u00e1bado (seg\u00fan la informaci\u00f3n aportada por la Escuela Agr\u00edcola).<br \/>\nEn este sentido, el gobernador Eduardo Le\u00f3n, realiz\u00f3 un balance durante este lunes, aclarando que no existieron emergencias mayores y que ninguna super\u00f3 el nivel de respuesta local de cada municipalidad. \u201cHubo ca\u00eddas de \u00e1rboles y peque\u00f1as inundaciones que fueron abordadas a nivel local por los equipos municipales, por lo que podemos decir que no hubo temas mayores a nivel provincial ni albergados\u201d, inform\u00f3.<br \/>\nPor otro lado, la m\u00e1xima autoridad provincial inform\u00f3 que, seg\u00fan los pron\u00f3sticos de la Direcci\u00f3n Meteorol\u00f3gica de Chile, se prev\u00e9 la entrada de un nuevo sistema frontal de intensidad moderada, entre las regiones de Valpara\u00edso y del Maule, que iniciar\u00eda este jueves y se extender\u00eda hasta el viernes, por lo que llam\u00f3 a la comunidad a tomar los recaudos necesarios. \u201cHay un nuevo pron\u00f3stico de lluvias para jueves y viernes, por lo que llamamos a las personas a prepararse y resguardarse con anticipaci\u00f3n, para evitar hechos an\u00f3malos relacionados con las lluvias, ya que pueden saturar los canales, cauces y quebradas\u201d.<br \/>\nDurante este a\u00f1o, la Provincia registra 91,2 mm, lo que se contrasta con los 14.5 mm en la misma fecha del 2015, por esta raz\u00f3n el gobernador enfatiz\u00f3 que \u201cseg\u00fan los datos de la Escuela Agr\u00edcola, tenemos un importante super\u00e1vit, lo que permite que las napas se recuperen, es decir, nos permite enfrentar de mejor manera la sequ\u00eda que nos afecta, lo que se ve reforzado con la ca\u00edda de nieve. Si seguimos con esta din\u00e1mica, podr\u00edamos tener un verano tranquilo, con agua suficiente para la producci\u00f3n agr\u00edcola\u201d finaliz\u00f3.<\/p>\n<figure id=\"attachment_70332\" aria-describedby=\"caption-attachment-70332\" style=\"width: 530px\" class=\"wp-caption alignleft\"><a href=\"http:\/\/www.eltrabajo.cl\/portal\/ultimas-lluvias-dejan-90-de-superavit-respecto-al-2015-en-la-provincia\/milimetros\/\" rel=\"attachment wp-att-70332\"><img data-recalc-dims=\"1\" loading=\"lazy\" decoding=\"async\" class=\"size-full wp-image-70332\" src=\"https:\/\/i0.wp.com\/www.eltrabajo.cl\/portal\/wp-content\/uploads\/2016\/05\/milimetros.jpg?resize=530%2C348\" alt=\"Durante la tarde del domingo donde cayeron m\u00e1s de 14 mm de agua versus los 4.1 del s\u00e1bado, y no hubo emergencias mayores o da\u00f1os significativos en la ciudad.\" width=\"530\" height=\"348\" srcset=\"https:\/\/i0.wp.com\/eltrabajo.cl\/portal\/wp-content\/uploads\/2016\/05\/milimetros.jpg?w=530&amp;ssl=1 530w, https:\/\/i0.wp.com\/eltrabajo.cl\/portal\/wp-content\/uploads\/2016\/05\/milimetros.jpg?resize=200%2C131&amp;ssl=1 200w, https:\/\/i0.wp.com\/eltrabajo.cl\/portal\/wp-content\/uploads\/2016\/05\/milimetros.jpg?resize=300%2C197&amp;ssl=1 300w, https:\/\/i0.wp.com\/eltrabajo.cl\/portal\/wp-content\/uploads\/2016\/05\/milimetros.jpg?resize=228%2C150&amp;ssl=1 228w, https:\/\/i0.wp.com\/eltrabajo.cl\/portal\/wp-content\/uploads\/2016\/05\/milimetros.jpg?resize=400%2C263&amp;ssl=1 400w\" sizes=\"auto, (max-width: 530px) 100vw, 530px\" \/><\/a><figcaption id=\"caption-attachment-70332\" class=\"wp-caption-text\">Durante la tarde del domingo donde cayeron m\u00e1s de 14 mm de agua versus los 4.1 del s\u00e1bado, y no hubo emergencias mayores o da\u00f1os significativos en la ciudad.<\/figcaption><\/figure>\n","protected":false},"excerpt":{"rendered":"<p>Cayeron m\u00e1s de 14 mm en algunas comunas: El Gobernador Eduardo Le\u00f3n se\u00f1al\u00f3 que el domingo cayeron m\u00e1s de 14 mm en algunas comunas y asegur\u00f3 que no hubo emergencias que sobrepasar\u00e1n&#8230;<\/p>\n","protected":false},"author":1,"featured_media":70332,"comment_status":"open","ping_status":"open","sticky":false,"template":"","format":"standard","meta":{"advanced_seo_description":"","jetpack_seo_html_title":"","jetpack_seo_noindex":false,"_jetpack_memberships_contains_paid_content":false,"footnotes":""},"categories":[1],"tags":[],"class_list":["post-70331","post","type-post","status-publish","format-standard","has-post-thumbnail","hentry","category-cronica"],"jetpack_featured_media_url":"https:\/\/i0.wp.com\/eltrabajo.cl\/portal\/wp-content\/uploads\/2016\/05\/milimetros.jpg?fit=530%2C348&ssl=1","jetpack_sharing_enabled":true,"jetpack_likes_enabled":true,"jetpack-related-posts":[],"_links":{"self":[{"href":"https:\/\/eltrabajo.cl\/portal\/wp-json\/wp\/v2\/posts\/70331","targetHints":{"allow":["GET"]}}],"collection":[{"href":"https:\/\/eltrabajo.cl\/portal\/wp-json\/wp\/v2\/posts"}],"about":[{"href":"https:\/\/eltrabajo.cl\/portal\/wp-json\/wp\/v2\/types\/post"}],"author":[{"embeddable":true,"href":"https:\/\/eltrabajo.cl\/portal\/wp-json\/wp\/v2\/users\/1"}],"replies":[{"embeddable":true,"href":"https:\/\/eltrabajo.cl\/portal\/wp-json\/wp\/v2\/comments?post=70331"}],"version-history":[{"count":0,"href":"https:\/\/eltrabajo.cl\/portal\/wp-json\/wp\/v2\/posts\/70331\/revisions"}],"wp:featuredmedia":[{"embeddable":true,"href":"https:\/\/eltrabajo.cl\/portal\/wp-json\/wp\/v2\/media\/70332"}],"wp:attachment":[{"href":"https:\/\/eltrabajo.cl\/portal\/wp-json\/wp\/v2\/media?parent=70331"}],"wp:term":[{"taxonomy":"category","embeddable":true,"href":"https:\/\/eltrabajo.cl\/portal\/wp-json\/wp\/v2\/categories?post=70331"},{"taxonomy":"post_tag","embeddable":true,"href":"https:\/\/eltrabajo.cl\/portal\/wp-json\/wp\/v2\/tags?post=70331"}],"curies":[{"name":"wp","href":"https:\/\/api.w.org\/{rel}","templated":true}]}}