{"id":70339,"date":"2016-05-31T10:04:48","date_gmt":"2016-05-31T14:04:48","guid":{"rendered":"http:\/\/www.eltrabajo.cl\/portal\/?p=70339"},"modified":"2016-05-31T10:05:31","modified_gmt":"2016-05-31T14:05:31","slug":"alumno-de-la-industrial-viaja-al-mundial-robocup-jr-2016-de-alemania","status":"publish","type":"post","link":"https:\/\/eltrabajo.cl\/portal\/alumno-de-la-industrial-viaja-al-mundial-robocup-jr-2016-de-alemania\/","title":{"rendered":"Alumno de la Industrial viaja al Mundial RoboCup Jr. 2016 de Alemania"},"content":{"rendered":"<p><strong>Kevin Pascual tiene 17 a\u00f1os y lleva a su robot \u2018Jopper\u2019:<\/strong><\/p>\n<p>Nuevamente el nombre de la escuela Industrial Guillermo Richards Cuevas de San Felipe y tambi\u00e9n el nombre de Chile, figuran entre los pa\u00edses que este a\u00f1o tendr\u00e1n presencia en el Campeonato Mundial RoboCup Jr. 2016 a llevarse a cabo en la ciudad de Leipzig, Alemania.<br \/>\nSe trata, de una oportunidad muy especial para un estudiante de esta casa de estudios, el joven de 17 a\u00f1os Kevin Pascual Robles, alumno de 4\u00baA en la especialidad Mec\u00e1nica Industrial, quien es vecino de Los Guzmanes de Putaendo, y que se convirti\u00f3 en el \u00fanico aconcag\u00fcino que este a\u00f1o disputar\u00e1 este Mundial por Chile.<br \/>\nEsta es una iniciativa, que se llama Programa de Rob\u00f3tica Mustakis y espec\u00edficamente en la parte Selecci\u00f3n Mustabot, que impulsa Fundaci\u00f3n Gabriel &amp; Mary Mustakis de Chile.<\/p>\n<p><strong>CARACTER\u00cdSTICAS<\/strong><br \/>\nLas sedes de este programa est\u00e1n en Santiago, Valpara\u00edso, Concepci\u00f3n, Temuco y Puerto Montt, lugares en donde este joven industrialino durante casi un a\u00f1o debi\u00f3 enfrentar a muchos adversarios en este proceso para llegar al Mundial.<br \/>\nLuego de tantos campeonatos regionales y hasta el Nacional, para que de 30 equipos saliera una selecci\u00f3n de once j\u00f3venes cient\u00edficos, finalmente fueron tres quienes fueron elegidos para viajar a tierras germ\u00e1nicas. Ellos son el mismo Kevin Pascual de la Industrial de San Felipe; Felipe Olivares del Colegio Los Reyes de Quilpu\u00e9 y Javier Ahumada del Colegio SEK Pac\u00edfico de Valpara\u00edso.<\/p>\n<p><strong>KEVIN NOS CUENTA<\/strong><br \/>\nDiario El Trabajo habl\u00f3 ayer lunes con Kevin, quien explic\u00f3 a nuestro medio c\u00f3mo se siente de cara a esta traves\u00eda estudiantil internacional.<br \/>\n<strong>&#8211; \u00bfC\u00f3mo te has preparado para este Mundial de rob\u00f3tica?<\/strong><br \/>\n&#8211; Desde hace mucho tiempo que estoy llevando talleres de rob\u00f3tica en la Universidad Santa Mar\u00eda de Valpara\u00edso, adem\u00e1s de lo que he aprendido aqu\u00ed en la Industrial, he recibido mucho apoyo de mi profesores durante todo este proceso.<br \/>\n<strong>&#8211; \u00bfC\u00f3mo ser\u00e1n las pruebas por enfrentar en ese importante evento?<\/strong><br \/>\n&#8211; Este campeonato se desarrollar\u00e1 en dos plataformas, o sea, en dos importantes etapas. En la primera nuestro robot, que se llama \u2018Jopper\u2019, tendr\u00e1 que pasar por una muy peque\u00f1a puerta, luego debe superar muchos obst\u00e1culos en el reducto, ir\u00e1 gui\u00e1ndose con una l\u00ednea dibujada en el piso. Ya en la segunda etapa, nuestro robot deber\u00e1 hacer maniobras de rescate, en este caso lo har\u00e1 con peque\u00f1as pelotas de pl\u00e1stico, pero esta vez no tendr\u00e1 c\u00f3mo guiarse, deber\u00e1 tambi\u00e9n que pasar laberintos \u00e9l solo, tendremos que programarlo y tendremos un d\u00eda entero para lograrlo.<br \/>\n<strong>&#8211; \u00bfCon qu\u00e9 cuenta este robot para superar los obst\u00e1culos?<\/strong><br \/>\n&#8211; \u2018Jopper\u2019 cuenta con dos censores de calor; tres censores de luz; uno de ultrasonido; dos censores de \u2018final de carrera\u2019; dos motores de 12 voltios y contar\u00e1 con apenas ocho minutos para ejecutar la prueba, pero deber\u00eda hacerla en s\u00f3lo cuatro minutos.<\/p>\n<p><strong>PROFE ORGULLOSO<\/strong><br \/>\nPor su parte el profesor y jefe de la especialidad de Mec\u00e1nica Industrial de la escuela Industrial de San Felipe, Ram\u00f3n Amar Lolas, coment\u00f3 a nuestro medio que \u00abes para toda nuestra escuela un honor el volver a posesionar a nivel mundial a uno de nuestros estudiantes, ha sido un trabajo en equipo, tambi\u00e9n debo destacar el esfuerzo que Kevin viene haciendo para superar a tantos j\u00f3venes geniales como \u00e9l, le deseamos much\u00edsima suerte en este campeonato\u00bb, dijo el docente.<br \/>\n<strong>Roberto Gonz\u00e1lez Short<\/strong><br \/>\n<strong>rgonzalez@eltrabajo.cl<\/strong><\/p>\n<div class=\"tiled-gallery type-rectangular tiled-gallery-unresized\" data-original-width=\"640\" data-carousel-extra='null' itemscope itemtype=\"http:\/\/schema.org\/ImageGallery\" > <div class=\"gallery-row\" style=\"width: 640px; height: 283px;\" data-original-width=\"640\" data-original-height=\"283\" > <div class=\"gallery-group images-1\" style=\"width: 427px; height: 283px;\" data-original-width=\"427\" data-original-height=\"283\" > <div class=\"tiled-gallery-item tiled-gallery-item-large\" itemprop=\"associatedMedia\" itemscope itemtype=\"http:\/\/schema.org\/ImageObject\"> <a href=\"https:\/\/eltrabajo.cl\/portal\/alumno-de-la-industrial-viaja-al-mundial-robocup-jr-2016-de-alemania\/seleccion1-3\/\" border=\"0\" itemprop=\"url\"> <meta itemprop=\"width\" content=\"423\"> <meta itemprop=\"height\" content=\"279\"> <img decoding=\"async\" class=\"\" data-attachment-id=\"70344\" data-orig-file=\"https:\/\/eltrabajo.cl\/portal\/wp-content\/uploads\/2016\/05\/Seleccion1.jpg\" data-orig-size=\"530,349\" data-comments-opened=\"1\" data-image-meta=\"{&quot;aperture&quot;:&quot;0&quot;,&quot;credit&quot;:&quot;&quot;,&quot;camera&quot;:&quot;&quot;,&quot;caption&quot;:&quot;&quot;,&quot;created_timestamp&quot;:&quot;0&quot;,&quot;copyright&quot;:&quot;&quot;,&quot;focal_length&quot;:&quot;0&quot;,&quot;iso&quot;:&quot;0&quot;,&quot;shutter_speed&quot;:&quot;0&quot;,&quot;title&quot;:&quot;&quot;,&quot;orientation&quot;:&quot;0&quot;}\" data-image-title=\"LA CREMA.- Ellos son los once estudiantes chilenos que crearon el robot que defender\u00e1 el nombre de Chile en el pr\u00f3ximo Mundial de Rob\u00f3tica RoboCupJr. 2016.\" data-image-description=\"&lt;p&gt;LA CREMA.- Ellos son los once estudiantes chilenos que crearon el robot que defender\u00e1 el nombre de Chile en el pr\u00f3ximo Mundial de Rob\u00f3tica RoboCupJr. 2016.&lt;\/p&gt; \" data-medium-file=\"https:\/\/i0.wp.com\/eltrabajo.cl\/portal\/wp-content\/uploads\/2016\/05\/Seleccion1.jpg?fit=300%2C198&#038;ssl=1\" data-large-file=\"https:\/\/i0.wp.com\/eltrabajo.cl\/portal\/wp-content\/uploads\/2016\/05\/Seleccion1.jpg?fit=530%2C349&#038;ssl=1\" src=\"https:\/\/i0.wp.com\/eltrabajo.cl\/portal\/wp-content\/uploads\/2016\/05\/Seleccion1.jpg?w=423&#038;h=279&#038;ssl=1\" srcset=\"https:\/\/i0.wp.com\/eltrabajo.cl\/portal\/wp-content\/uploads\/2016\/05\/Seleccion1.jpg?w=530&amp;ssl=1 530w, https:\/\/i0.wp.com\/eltrabajo.cl\/portal\/wp-content\/uploads\/2016\/05\/Seleccion1.jpg?resize=200%2C132&amp;ssl=1 200w, https:\/\/i0.wp.com\/eltrabajo.cl\/portal\/wp-content\/uploads\/2016\/05\/Seleccion1.jpg?resize=300%2C198&amp;ssl=1 300w, https:\/\/i0.wp.com\/eltrabajo.cl\/portal\/wp-content\/uploads\/2016\/05\/Seleccion1.jpg?resize=228%2C150&amp;ssl=1 228w, https:\/\/i0.wp.com\/eltrabajo.cl\/portal\/wp-content\/uploads\/2016\/05\/Seleccion1.jpg?resize=400%2C263&amp;ssl=1 400w\" width=\"423\" height=\"279\" loading=\"lazy\" data-original-width=\"423\" data-original-height=\"279\" itemprop=\"http:\/\/schema.org\/image\" title=\"LA CREMA.- Ellos son los once estudiantes chilenos que crearon el robot que defender\u00e1 el nombre de Chile en el pr\u00f3ximo Mundial de Rob\u00f3tica RoboCupJr. 2016.\" alt=\"LA CREMA.- Ellos son los once estudiantes chilenos que crearon el robot que defender\u00e1 el nombre de Chile en el pr\u00f3ximo Mundial de Rob\u00f3tica RoboCupJr. 2016.\" style=\"width: 423px; height: 279px;\" \/> <\/a> <div class=\"tiled-gallery-caption\" itemprop=\"caption description\"> LA CREMA.- Ellos son los once estudiantes chilenos que crearon el robot que defender\u00e1 el nombre de Chile en el pr\u00f3ximo Mundial de Rob\u00f3tica RoboCupJr. 2016. <\/div> <\/div> <\/div> <!-- close group --> <div class=\"gallery-group images-2\" style=\"width: 213px; height: 283px;\" data-original-width=\"213\" data-original-height=\"283\" > <div class=\"tiled-gallery-item tiled-gallery-item-small\" itemprop=\"associatedMedia\" itemscope itemtype=\"http:\/\/schema.org\/ImageObject\"> <a href=\"https:\/\/eltrabajo.cl\/portal\/alumno-de-la-industrial-viaja-al-mundial-robocup-jr-2016-de-alemania\/ramon-amar\/\" border=\"0\" itemprop=\"url\"> <meta itemprop=\"width\" content=\"209\"> <meta itemprop=\"height\" content=\"138\"> <img decoding=\"async\" class=\"\" data-attachment-id=\"70343\" data-orig-file=\"https:\/\/eltrabajo.cl\/portal\/wp-content\/uploads\/2016\/05\/Ramon-Amar.jpg\" data-orig-size=\"530,348\" data-comments-opened=\"1\" data-image-meta=\"{&quot;aperture&quot;:&quot;0&quot;,&quot;credit&quot;:&quot;&quot;,&quot;camera&quot;:&quot;&quot;,&quot;caption&quot;:&quot;&quot;,&quot;created_timestamp&quot;:&quot;0&quot;,&quot;copyright&quot;:&quot;&quot;,&quot;focal_length&quot;:&quot;0&quot;,&quot;iso&quot;:&quot;0&quot;,&quot;shutter_speed&quot;:&quot;0&quot;,&quot;title&quot;:&quot;&quot;,&quot;orientation&quot;:&quot;0&quot;}\" data-image-title=\"Jefe de la especialidad de Mec\u00e1nica Industrial, Ram\u00f3n Amar Lolas.\" data-image-description=\"&lt;p&gt;Jefe de la especialidad de Mec\u00e1nica Industrial, Ram\u00f3n Amar Lolas.&lt;\/p&gt; \" data-medium-file=\"https:\/\/i0.wp.com\/eltrabajo.cl\/portal\/wp-content\/uploads\/2016\/05\/Ramon-Amar.jpg?fit=300%2C197&#038;ssl=1\" data-large-file=\"https:\/\/i0.wp.com\/eltrabajo.cl\/portal\/wp-content\/uploads\/2016\/05\/Ramon-Amar.jpg?fit=530%2C348&#038;ssl=1\" src=\"https:\/\/i0.wp.com\/eltrabajo.cl\/portal\/wp-content\/uploads\/2016\/05\/Ramon-Amar.jpg?w=209&#038;h=138&#038;ssl=1\" srcset=\"https:\/\/i0.wp.com\/eltrabajo.cl\/portal\/wp-content\/uploads\/2016\/05\/Ramon-Amar.jpg?w=530&amp;ssl=1 530w, https:\/\/i0.wp.com\/eltrabajo.cl\/portal\/wp-content\/uploads\/2016\/05\/Ramon-Amar.jpg?resize=200%2C131&amp;ssl=1 200w, https:\/\/i0.wp.com\/eltrabajo.cl\/portal\/wp-content\/uploads\/2016\/05\/Ramon-Amar.jpg?resize=300%2C197&amp;ssl=1 300w, https:\/\/i0.wp.com\/eltrabajo.cl\/portal\/wp-content\/uploads\/2016\/05\/Ramon-Amar.jpg?resize=228%2C150&amp;ssl=1 228w, https:\/\/i0.wp.com\/eltrabajo.cl\/portal\/wp-content\/uploads\/2016\/05\/Ramon-Amar.jpg?resize=400%2C263&amp;ssl=1 400w\" width=\"209\" height=\"138\" loading=\"lazy\" data-original-width=\"209\" data-original-height=\"138\" itemprop=\"http:\/\/schema.org\/image\" title=\"Jefe de la especialidad de Mec\u00e1nica Industrial, Ram\u00f3n Amar Lolas.\" alt=\"Jefe de la especialidad de Mec\u00e1nica Industrial, Ram\u00f3n Amar Lolas.\" style=\"width: 209px; height: 138px;\" \/> <\/a> <div class=\"tiled-gallery-caption\" itemprop=\"caption description\"> Jefe de la especialidad de Mec\u00e1nica Industrial, Ram\u00f3n Amar Lolas. <\/div> <\/div> <div class=\"tiled-gallery-item tiled-gallery-item-small\" itemprop=\"associatedMedia\" itemscope itemtype=\"http:\/\/schema.org\/ImageObject\"> <a href=\"https:\/\/eltrabajo.cl\/portal\/alumno-de-la-industrial-viaja-al-mundial-robocup-jr-2016-de-alemania\/kevin-pascual\/\" border=\"0\" itemprop=\"url\"> <meta itemprop=\"width\" content=\"209\"> <meta itemprop=\"height\" content=\"137\"> <img decoding=\"async\" class=\"\" data-attachment-id=\"70342\" data-orig-file=\"https:\/\/eltrabajo.cl\/portal\/wp-content\/uploads\/2016\/05\/Kevin-Pascual.jpg\" data-orig-size=\"530,348\" data-comments-opened=\"1\" data-image-meta=\"{&quot;aperture&quot;:&quot;0&quot;,&quot;credit&quot;:&quot;&quot;,&quot;camera&quot;:&quot;&quot;,&quot;caption&quot;:&quot;&quot;,&quot;created_timestamp&quot;:&quot;0&quot;,&quot;copyright&quot;:&quot;&quot;,&quot;focal_length&quot;:&quot;0&quot;,&quot;iso&quot;:&quot;0&quot;,&quot;shutter_speed&quot;:&quot;0&quot;,&quot;title&quot;:&quot;&quot;,&quot;orientation&quot;:&quot;0&quot;}\" data-image-title=\"Kevin Pascual, industrialino que representar\u00e1 a Chile en el Mundial RoboCupJr.\" data-image-description=\"&lt;p&gt;Kevin Pascual, industrialino que representar\u00e1 a Chile en el Mundial RoboCupJr.&lt;\/p&gt; \" data-medium-file=\"https:\/\/i0.wp.com\/eltrabajo.cl\/portal\/wp-content\/uploads\/2016\/05\/Kevin-Pascual.jpg?fit=300%2C197&#038;ssl=1\" data-large-file=\"https:\/\/i0.wp.com\/eltrabajo.cl\/portal\/wp-content\/uploads\/2016\/05\/Kevin-Pascual.jpg?fit=530%2C348&#038;ssl=1\" src=\"https:\/\/i0.wp.com\/eltrabajo.cl\/portal\/wp-content\/uploads\/2016\/05\/Kevin-Pascual.jpg?w=209&#038;h=137&#038;ssl=1\" srcset=\"https:\/\/i0.wp.com\/eltrabajo.cl\/portal\/wp-content\/uploads\/2016\/05\/Kevin-Pascual.jpg?w=530&amp;ssl=1 530w, https:\/\/i0.wp.com\/eltrabajo.cl\/portal\/wp-content\/uploads\/2016\/05\/Kevin-Pascual.jpg?resize=200%2C131&amp;ssl=1 200w, https:\/\/i0.wp.com\/eltrabajo.cl\/portal\/wp-content\/uploads\/2016\/05\/Kevin-Pascual.jpg?resize=300%2C197&amp;ssl=1 300w, https:\/\/i0.wp.com\/eltrabajo.cl\/portal\/wp-content\/uploads\/2016\/05\/Kevin-Pascual.jpg?resize=228%2C150&amp;ssl=1 228w, https:\/\/i0.wp.com\/eltrabajo.cl\/portal\/wp-content\/uploads\/2016\/05\/Kevin-Pascual.jpg?resize=400%2C263&amp;ssl=1 400w\" width=\"209\" height=\"137\" loading=\"lazy\" data-original-width=\"209\" data-original-height=\"137\" itemprop=\"http:\/\/schema.org\/image\" title=\"Kevin Pascual, industrialino que representar\u00e1 a Chile en el Mundial RoboCupJr.\" alt=\"Kevin Pascual, industrialino que representar\u00e1 a Chile en el Mundial RoboCupJr.\" style=\"width: 209px; height: 137px;\" \/> <\/a> <div class=\"tiled-gallery-caption\" itemprop=\"caption description\"> Kevin Pascual, industrialino que representar\u00e1 a Chile en el Mundial RoboCupJr. <\/div> <\/div> <\/div> <!-- close group --> <\/div> <!-- close row --> <div class=\"gallery-row\" style=\"width: 640px; height: 213px;\" data-original-width=\"640\" data-original-height=\"213\" > <div class=\"gallery-group images-1\" style=\"width: 320px; height: 213px;\" data-original-width=\"320\" data-original-height=\"213\" > <div class=\"tiled-gallery-item tiled-gallery-item-large\" itemprop=\"associatedMedia\" itemscope itemtype=\"http:\/\/schema.org\/ImageObject\"> <a href=\"https:\/\/eltrabajo.cl\/portal\/alumno-de-la-industrial-viaja-al-mundial-robocup-jr-2016-de-alemania\/jopper33\/\" border=\"0\" itemprop=\"url\"> <meta itemprop=\"width\" content=\"316\"> <meta itemprop=\"height\" content=\"209\"> <img decoding=\"async\" class=\"\" data-attachment-id=\"70341\" data-orig-file=\"https:\/\/eltrabajo.cl\/portal\/wp-content\/uploads\/2016\/05\/Jopper33.jpg\" data-orig-size=\"530,350\" data-comments-opened=\"1\" data-image-meta=\"{&quot;aperture&quot;:&quot;0&quot;,&quot;credit&quot;:&quot;&quot;,&quot;camera&quot;:&quot;&quot;,&quot;caption&quot;:&quot;&quot;,&quot;created_timestamp&quot;:&quot;0&quot;,&quot;copyright&quot;:&quot;&quot;,&quot;focal_length&quot;:&quot;0&quot;,&quot;iso&quot;:&quot;0&quot;,&quot;shutter_speed&quot;:&quot;0&quot;,&quot;title&quot;:&quot;&quot;,&quot;orientation&quot;:&quot;0&quot;}\" data-image-title=\"ROBOT CHILENO.- Este es apenas la base de \u2018Jopper\u2019, el robot chileno que dar\u00e1 batalla en este Mundial de Rob\u00f3tica en Alemania.\" data-image-description=\"&lt;p&gt;ROBOT CHILENO.- Este es apenas la base de \u2018Jopper\u2019, el robot chileno que dar\u00e1 batalla en este Mundial de Rob\u00f3tica en Alemania.&lt;\/p&gt; \" data-medium-file=\"https:\/\/i0.wp.com\/eltrabajo.cl\/portal\/wp-content\/uploads\/2016\/05\/Jopper33.jpg?fit=300%2C198&#038;ssl=1\" data-large-file=\"https:\/\/i0.wp.com\/eltrabajo.cl\/portal\/wp-content\/uploads\/2016\/05\/Jopper33.jpg?fit=530%2C350&#038;ssl=1\" src=\"https:\/\/i0.wp.com\/eltrabajo.cl\/portal\/wp-content\/uploads\/2016\/05\/Jopper33.jpg?w=316&#038;h=209&#038;ssl=1\" srcset=\"https:\/\/i0.wp.com\/eltrabajo.cl\/portal\/wp-content\/uploads\/2016\/05\/Jopper33.jpg?w=530&amp;ssl=1 530w, https:\/\/i0.wp.com\/eltrabajo.cl\/portal\/wp-content\/uploads\/2016\/05\/Jopper33.jpg?resize=200%2C132&amp;ssl=1 200w, https:\/\/i0.wp.com\/eltrabajo.cl\/portal\/wp-content\/uploads\/2016\/05\/Jopper33.jpg?resize=300%2C198&amp;ssl=1 300w, https:\/\/i0.wp.com\/eltrabajo.cl\/portal\/wp-content\/uploads\/2016\/05\/Jopper33.jpg?resize=227%2C150&amp;ssl=1 227w, https:\/\/i0.wp.com\/eltrabajo.cl\/portal\/wp-content\/uploads\/2016\/05\/Jopper33.jpg?resize=400%2C264&amp;ssl=1 400w\" width=\"316\" height=\"209\" loading=\"lazy\" data-original-width=\"316\" data-original-height=\"209\" itemprop=\"http:\/\/schema.org\/image\" title=\"ROBOT CHILENO.- Este es apenas la base de \u2018Jopper\u2019, el robot chileno que dar\u00e1 batalla en este Mundial de Rob\u00f3tica en Alemania.\" alt=\"ROBOT CHILENO.- Este es apenas la base de \u2018Jopper\u2019, el robot chileno que dar\u00e1 batalla en este Mundial de Rob\u00f3tica en Alemania.\" style=\"width: 316px; height: 209px;\" \/> <\/a> <div class=\"tiled-gallery-caption\" itemprop=\"caption description\"> ROBOT CHILENO.- Este es apenas la base de \u2018Jopper\u2019, el robot chileno que dar\u00e1 batalla en este Mundial de Rob\u00f3tica en Alemania. <\/div> <\/div> <\/div> <!-- close group --> <div class=\"gallery-group images-1\" style=\"width: 320px; height: 213px;\" data-original-width=\"320\" data-original-height=\"213\" > <div class=\"tiled-gallery-item tiled-gallery-item-large\" itemprop=\"associatedMedia\" itemscope itemtype=\"http:\/\/schema.org\/ImageObject\"> <a href=\"https:\/\/eltrabajo.cl\/portal\/alumno-de-la-industrial-viaja-al-mundial-robocup-jr-2016-de-alemania\/genio1\/\" border=\"0\" itemprop=\"url\"> <meta itemprop=\"width\" content=\"316\"> <meta itemprop=\"height\" content=\"209\"> <img decoding=\"async\" class=\"\" data-attachment-id=\"70340\" data-orig-file=\"https:\/\/eltrabajo.cl\/portal\/wp-content\/uploads\/2016\/05\/Genio1.jpg\" data-orig-size=\"530,350\" data-comments-opened=\"1\" data-image-meta=\"{&quot;aperture&quot;:&quot;0&quot;,&quot;credit&quot;:&quot;&quot;,&quot;camera&quot;:&quot;&quot;,&quot;caption&quot;:&quot;&quot;,&quot;created_timestamp&quot;:&quot;0&quot;,&quot;copyright&quot;:&quot;&quot;,&quot;focal_length&quot;:&quot;0&quot;,&quot;iso&quot;:&quot;0&quot;,&quot;shutter_speed&quot;:&quot;0&quot;,&quot;title&quot;:&quot;&quot;,&quot;orientation&quot;:&quot;0&quot;}\" data-image-title=\"GENIO DE LA INDUSTRIAL.- Aqu\u00ed tenemos a Kevin, en plena tarea de ensamblaje del robot mundialista.\" data-image-description=\"&lt;p&gt;GENIO DE LA INDUSTRIAL.- Aqu\u00ed tenemos a Kevin, en plena tarea de ensamblaje del robot mundialista.&lt;\/p&gt; \" data-medium-file=\"https:\/\/i0.wp.com\/eltrabajo.cl\/portal\/wp-content\/uploads\/2016\/05\/Genio1.jpg?fit=300%2C198&#038;ssl=1\" data-large-file=\"https:\/\/i0.wp.com\/eltrabajo.cl\/portal\/wp-content\/uploads\/2016\/05\/Genio1.jpg?fit=530%2C350&#038;ssl=1\" src=\"https:\/\/i0.wp.com\/eltrabajo.cl\/portal\/wp-content\/uploads\/2016\/05\/Genio1.jpg?w=316&#038;h=209&#038;ssl=1\" srcset=\"https:\/\/i0.wp.com\/eltrabajo.cl\/portal\/wp-content\/uploads\/2016\/05\/Genio1.jpg?w=530&amp;ssl=1 530w, https:\/\/i0.wp.com\/eltrabajo.cl\/portal\/wp-content\/uploads\/2016\/05\/Genio1.jpg?resize=200%2C132&amp;ssl=1 200w, https:\/\/i0.wp.com\/eltrabajo.cl\/portal\/wp-content\/uploads\/2016\/05\/Genio1.jpg?resize=300%2C198&amp;ssl=1 300w, https:\/\/i0.wp.com\/eltrabajo.cl\/portal\/wp-content\/uploads\/2016\/05\/Genio1.jpg?resize=227%2C150&amp;ssl=1 227w, https:\/\/i0.wp.com\/eltrabajo.cl\/portal\/wp-content\/uploads\/2016\/05\/Genio1.jpg?resize=400%2C264&amp;ssl=1 400w\" width=\"316\" height=\"209\" loading=\"lazy\" data-original-width=\"316\" data-original-height=\"209\" itemprop=\"http:\/\/schema.org\/image\" title=\"GENIO DE LA INDUSTRIAL.- Aqu\u00ed tenemos a Kevin, en plena tarea de ensamblaje del robot mundialista.\" alt=\"GENIO DE LA INDUSTRIAL.- Aqu\u00ed tenemos a Kevin, en plena tarea de ensamblaje del robot mundialista.\" style=\"width: 316px; height: 209px;\" \/> <\/a> <div class=\"tiled-gallery-caption\" itemprop=\"caption description\"> GENIO DE LA INDUSTRIAL.- Aqu\u00ed tenemos a Kevin, en plena tarea de ensamblaje del robot mundialista. <\/div> <\/div> <\/div> <!-- close group --> <\/div> <!-- close row --> <\/div>\n","protected":false},"excerpt":{"rendered":"<p>Kevin Pascual tiene 17 a\u00f1os y lleva a su robot \u2018Jopper\u2019: Nuevamente el nombre de la escuela Industrial Guillermo Richards Cuevas de San Felipe y tambi\u00e9n el nombre de Chile, figuran entre&#8230;<\/p>\n","protected":false},"author":1,"featured_media":70341,"comment_status":"open","ping_status":"open","sticky":false,"template":"","format":"standard","meta":{"advanced_seo_description":"","jetpack_seo_html_title":"","jetpack_seo_noindex":false,"_jetpack_memberships_contains_paid_content":false,"footnotes":""},"categories":[15],"tags":[],"class_list":["post-70339","post","type-post","status-publish","format-standard","has-post-thumbnail","hentry","category-comunidad"],"jetpack_featured_media_url":"https:\/\/i0.wp.com\/eltrabajo.cl\/portal\/wp-content\/uploads\/2016\/05\/Jopper33.jpg?fit=530%2C350&ssl=1","jetpack_sharing_enabled":true,"jetpack_likes_enabled":true,"jetpack-related-posts":[],"_links":{"self":[{"href":"https:\/\/eltrabajo.cl\/portal\/wp-json\/wp\/v2\/posts\/70339","targetHints":{"allow":["GET"]}}],"collection":[{"href":"https:\/\/eltrabajo.cl\/portal\/wp-json\/wp\/v2\/posts"}],"about":[{"href":"https:\/\/eltrabajo.cl\/portal\/wp-json\/wp\/v2\/types\/post"}],"author":[{"embeddable":true,"href":"https:\/\/eltrabajo.cl\/portal\/wp-json\/wp\/v2\/users\/1"}],"replies":[{"embeddable":true,"href":"https:\/\/eltrabajo.cl\/portal\/wp-json\/wp\/v2\/comments?post=70339"}],"version-history":[{"count":0,"href":"https:\/\/eltrabajo.cl\/portal\/wp-json\/wp\/v2\/posts\/70339\/revisions"}],"wp:featuredmedia":[{"embeddable":true,"href":"https:\/\/eltrabajo.cl\/portal\/wp-json\/wp\/v2\/media\/70341"}],"wp:attachment":[{"href":"https:\/\/eltrabajo.cl\/portal\/wp-json\/wp\/v2\/media?parent=70339"}],"wp:term":[{"taxonomy":"category","embeddable":true,"href":"https:\/\/eltrabajo.cl\/portal\/wp-json\/wp\/v2\/categories?post=70339"},{"taxonomy":"post_tag","embeddable":true,"href":"https:\/\/eltrabajo.cl\/portal\/wp-json\/wp\/v2\/tags?post=70339"}],"curies":[{"name":"wp","href":"https:\/\/api.w.org\/{rel}","templated":true}]}}