{"id":70346,"date":"2016-06-01T10:03:16","date_gmt":"2016-06-01T14:03:16","guid":{"rendered":"http:\/\/www.eltrabajo.cl\/portal\/?p=70346"},"modified":"2016-06-01T10:03:16","modified_gmt":"2016-06-01T14:03:16","slug":"municipio-de-los-andes-se-prepara-para-enfrentar-las-proximas-lluvias","status":"publish","type":"post","link":"https:\/\/eltrabajo.cl\/portal\/municipio-de-los-andes-se-prepara-para-enfrentar-las-proximas-lluvias\/","title":{"rendered":"Municipio de Los Andes se prepara para enfrentar las pr\u00f3ximas lluvias"},"content":{"rendered":"<ul>\n<li><strong> Advierten en\u00e9rgicas corrientes de viento y precipitaciones:\u00a0La lluvia ca\u00edda durante el domingo pasado hizo que el sistema de evacuaci\u00f3n de aguas colapsara en determinados puntos de la comuna de Los Andes, afectando el normal funcionamiento de la ciudad debido a las inundaciones. Ante un nuevo pron\u00f3stico que indica precipitaciones durante esta semana, la Municipalidad de Los Andes se ha coordinado para atender las emergencias requeridas por los vecinos.<\/strong><\/li>\n<\/ul>\n<p>LOS ANDES.- Municipio andino se\u00f1al\u00f3, que los \u00faltimos acontecimientos vividos el reciente fin de semana, Los Andes sufri\u00f3 una emergencia clim\u00e1tica, que no estaba pronosticada se diera de esta forma; \u2018en horas de la tarde cay\u00f3 una importante cantidad de mil\u00edmetros de agua, fuertes precipitaciones acotadas en breve tiempo\u2019, por lo que las cuadrillas de emergencia se desplegaron en los puntos m\u00e1s cr\u00edticos dando soluci\u00f3n a los afectados.<br \/>\nAnte un nuevo pron\u00f3stico de lluvia y fuertes vientos que llegar\u00e1 a la zona c\u00e9ntrica del pa\u00eds, la Unidad de Emergencia Municipal ya se ha coordinado para dar respuesta al sistema frontal anunciado; \u201cestamos haciendo un \u00a0trabajo preventivo de limpieza de los sumideros de aguas lluvia, limpieza de todo lo que pueda colapsar los sistemas de evacuaci\u00f3n\u201d, agreg\u00f3.<br \/>\nCinco cuadrillas, ya est\u00e1n desplegadas trabajando en terreno, el administrador municipal invit\u00f3 a la comunidad a tomar las precauciones necesarias y prepararse con anticipaci\u00f3n a las precipitaciones \u201chacemos un llamado a todos los vecinos que podamos apoyar en la prevenci\u00f3n de este tipo de emergencias. Prevenir con la limpieza de su entorno, frente a su casa, limpiar las techumbres y canaletas\u201d, evitando que hojas y basura puedan colapsar el normal escurrimiento del agua.<br \/>\nLa Municipalidad dispuso del n\u00famero de contacto 34 2 507 755, habilitado para atender las demandas de los vecinos que surjan a prop\u00f3sito de este nuevo sistema frontal.<\/p>\n<figure id=\"attachment_70349\" aria-describedby=\"caption-attachment-70349\" style=\"width: 530px\" class=\"wp-caption alignleft\"><a href=\"http:\/\/www.eltrabajo.cl\/portal\/municipio-de-los-andes-se-prepara-para-enfrentar-las-proximas-lluvias\/lluvia-3\/\" rel=\"attachment wp-att-70349\"><img data-recalc-dims=\"1\" loading=\"lazy\" decoding=\"async\" class=\"size-full wp-image-70349\" src=\"https:\/\/i0.wp.com\/www.eltrabajo.cl\/portal\/wp-content\/uploads\/2016\/06\/LLUVIA-3.jpg?resize=530%2C349\" alt=\"Los trabajos ya comenzaron en la ciudad, para apalear los efectos del temporal que se avecina.\" width=\"530\" height=\"349\" srcset=\"https:\/\/i0.wp.com\/eltrabajo.cl\/portal\/wp-content\/uploads\/2016\/06\/LLUVIA-3.jpg?w=530&amp;ssl=1 530w, https:\/\/i0.wp.com\/eltrabajo.cl\/portal\/wp-content\/uploads\/2016\/06\/LLUVIA-3.jpg?resize=200%2C132&amp;ssl=1 200w, https:\/\/i0.wp.com\/eltrabajo.cl\/portal\/wp-content\/uploads\/2016\/06\/LLUVIA-3.jpg?resize=300%2C198&amp;ssl=1 300w, https:\/\/i0.wp.com\/eltrabajo.cl\/portal\/wp-content\/uploads\/2016\/06\/LLUVIA-3.jpg?resize=228%2C150&amp;ssl=1 228w, https:\/\/i0.wp.com\/eltrabajo.cl\/portal\/wp-content\/uploads\/2016\/06\/LLUVIA-3.jpg?resize=400%2C263&amp;ssl=1 400w\" sizes=\"auto, (max-width: 530px) 100vw, 530px\" \/><\/a><figcaption id=\"caption-attachment-70349\" class=\"wp-caption-text\">Los trabajos ya comenzaron en la ciudad, para apalear los efectos del temporal que se avecina.<\/figcaption><\/figure>\n<figure id=\"attachment_70348\" aria-describedby=\"caption-attachment-70348\" style=\"width: 530px\" class=\"wp-caption alignleft\"><a href=\"http:\/\/www.eltrabajo.cl\/portal\/municipio-de-los-andes-se-prepara-para-enfrentar-las-proximas-lluvias\/lluvia-2\/\" rel=\"attachment wp-att-70348\"><img data-recalc-dims=\"1\" loading=\"lazy\" decoding=\"async\" class=\"size-full wp-image-70348\" src=\"https:\/\/i0.wp.com\/www.eltrabajo.cl\/portal\/wp-content\/uploads\/2016\/06\/LLUVIA-2.jpg?resize=530%2C350\" alt=\"El  Municipio andino se ha coordinado para atender las emergencias requeridas por los vecinos.\" width=\"530\" height=\"350\" srcset=\"https:\/\/i0.wp.com\/eltrabajo.cl\/portal\/wp-content\/uploads\/2016\/06\/LLUVIA-2.jpg?w=530&amp;ssl=1 530w, https:\/\/i0.wp.com\/eltrabajo.cl\/portal\/wp-content\/uploads\/2016\/06\/LLUVIA-2.jpg?resize=200%2C132&amp;ssl=1 200w, https:\/\/i0.wp.com\/eltrabajo.cl\/portal\/wp-content\/uploads\/2016\/06\/LLUVIA-2.jpg?resize=300%2C198&amp;ssl=1 300w, https:\/\/i0.wp.com\/eltrabajo.cl\/portal\/wp-content\/uploads\/2016\/06\/LLUVIA-2.jpg?resize=227%2C150&amp;ssl=1 227w, https:\/\/i0.wp.com\/eltrabajo.cl\/portal\/wp-content\/uploads\/2016\/06\/LLUVIA-2.jpg?resize=400%2C264&amp;ssl=1 400w\" sizes=\"auto, (max-width: 530px) 100vw, 530px\" \/><\/a><figcaption id=\"caption-attachment-70348\" class=\"wp-caption-text\">El Municipio andino se ha coordinado para atender las emergencias requeridas por los vecinos.<\/figcaption><\/figure>\n<figure id=\"attachment_70347\" aria-describedby=\"caption-attachment-70347\" style=\"width: 530px\" class=\"wp-caption alignleft\"><a href=\"http:\/\/www.eltrabajo.cl\/portal\/municipio-de-los-andes-se-prepara-para-enfrentar-las-proximas-lluvias\/lluvia-1\/\" rel=\"attachment wp-att-70347\"><img data-recalc-dims=\"1\" loading=\"lazy\" decoding=\"async\" class=\"size-full wp-image-70347\" src=\"https:\/\/i0.wp.com\/www.eltrabajo.cl\/portal\/wp-content\/uploads\/2016\/06\/LLUVIA-1.jpg?resize=530%2C350\" alt=\"Cinco cuadrillas ya est\u00e1n desplegadas trabajando en terreno.-\" width=\"530\" height=\"350\" srcset=\"https:\/\/i0.wp.com\/eltrabajo.cl\/portal\/wp-content\/uploads\/2016\/06\/LLUVIA-1.jpg?w=530&amp;ssl=1 530w, https:\/\/i0.wp.com\/eltrabajo.cl\/portal\/wp-content\/uploads\/2016\/06\/LLUVIA-1.jpg?resize=200%2C132&amp;ssl=1 200w, https:\/\/i0.wp.com\/eltrabajo.cl\/portal\/wp-content\/uploads\/2016\/06\/LLUVIA-1.jpg?resize=300%2C198&amp;ssl=1 300w, https:\/\/i0.wp.com\/eltrabajo.cl\/portal\/wp-content\/uploads\/2016\/06\/LLUVIA-1.jpg?resize=227%2C150&amp;ssl=1 227w, https:\/\/i0.wp.com\/eltrabajo.cl\/portal\/wp-content\/uploads\/2016\/06\/LLUVIA-1.jpg?resize=400%2C264&amp;ssl=1 400w\" sizes=\"auto, (max-width: 530px) 100vw, 530px\" \/><\/a><figcaption id=\"caption-attachment-70347\" class=\"wp-caption-text\">Cinco cuadrillas ya est\u00e1n desplegadas trabajando en terreno.-<\/figcaption><\/figure>\n","protected":false},"excerpt":{"rendered":"<p>Advierten en\u00e9rgicas corrientes de viento y precipitaciones:\u00a0La lluvia ca\u00edda durante el domingo pasado hizo que el sistema de evacuaci\u00f3n de aguas colapsara en determinados puntos de la comuna de Los Andes, afectando&#8230;<\/p>\n","protected":false},"author":1,"featured_media":70348,"comment_status":"open","ping_status":"open","sticky":false,"template":"","format":"standard","meta":{"advanced_seo_description":"","jetpack_seo_html_title":"","jetpack_seo_noindex":false,"_jetpack_memberships_contains_paid_content":false,"footnotes":""},"categories":[1],"tags":[],"class_list":["post-70346","post","type-post","status-publish","format-standard","has-post-thumbnail","hentry","category-cronica"],"jetpack_featured_media_url":"https:\/\/i0.wp.com\/eltrabajo.cl\/portal\/wp-content\/uploads\/2016\/06\/LLUVIA-2.jpg?fit=530%2C350&ssl=1","jetpack_sharing_enabled":true,"jetpack_likes_enabled":true,"jetpack-related-posts":[],"_links":{"self":[{"href":"https:\/\/eltrabajo.cl\/portal\/wp-json\/wp\/v2\/posts\/70346","targetHints":{"allow":["GET"]}}],"collection":[{"href":"https:\/\/eltrabajo.cl\/portal\/wp-json\/wp\/v2\/posts"}],"about":[{"href":"https:\/\/eltrabajo.cl\/portal\/wp-json\/wp\/v2\/types\/post"}],"author":[{"embeddable":true,"href":"https:\/\/eltrabajo.cl\/portal\/wp-json\/wp\/v2\/users\/1"}],"replies":[{"embeddable":true,"href":"https:\/\/eltrabajo.cl\/portal\/wp-json\/wp\/v2\/comments?post=70346"}],"version-history":[{"count":0,"href":"https:\/\/eltrabajo.cl\/portal\/wp-json\/wp\/v2\/posts\/70346\/revisions"}],"wp:featuredmedia":[{"embeddable":true,"href":"https:\/\/eltrabajo.cl\/portal\/wp-json\/wp\/v2\/media\/70348"}],"wp:attachment":[{"href":"https:\/\/eltrabajo.cl\/portal\/wp-json\/wp\/v2\/media?parent=70346"}],"wp:term":[{"taxonomy":"category","embeddable":true,"href":"https:\/\/eltrabajo.cl\/portal\/wp-json\/wp\/v2\/categories?post=70346"},{"taxonomy":"post_tag","embeddable":true,"href":"https:\/\/eltrabajo.cl\/portal\/wp-json\/wp\/v2\/tags?post=70346"}],"curies":[{"name":"wp","href":"https:\/\/api.w.org\/{rel}","templated":true}]}}