{"id":70352,"date":"2016-06-01T10:04:36","date_gmt":"2016-06-01T14:04:36","guid":{"rendered":"http:\/\/www.eltrabajo.cl\/portal\/?p=70352"},"modified":"2016-06-01T10:04:37","modified_gmt":"2016-06-01T14:04:37","slug":"asistentes-de-la-educacion-destacan-aumento-de-sueldos-a-funcionarios","status":"publish","type":"post","link":"https:\/\/eltrabajo.cl\/portal\/asistentes-de-la-educacion-destacan-aumento-de-sueldos-a-funcionarios\/","title":{"rendered":"Asistentes de la Educaci\u00f3n destacan aumento de sueldos a funcionarios"},"content":{"rendered":"<ul>\n<li><strong>Dirigentes de la Confederaci\u00f3n Nacional en Concejo Municipal de San Felipe :<\/strong><\/li>\n<\/ul>\n<p>Como muy positivo calificaron los integrantes de la Confemuch, confederaci\u00f3n que agrupa a los asistentes de la educaci\u00f3n a nivel nacional, el proceso de negociaci\u00f3n que llevaron adelante los dirigentes locales con el Alcalde Patricio Freire, que consider\u00f3 un aumento de sueldo del 6% este a\u00f1o.<br \/>\nAs\u00ed lo dio a conocer Manuel Valenzuela, vicepresidente de la Confemuch, quien realiz\u00f3 una presentaci\u00f3n en la sesi\u00f3n de Concejo Municipal de este martes, destacando el proceso realizado en San Felipe, valorando adem\u00e1s la voluntad del Alcalde Patricio Freire, quien, de esta forma, reconoce la labor de los asistentes de la educaci\u00f3n.<br \/>\n\u00abTenemos un estrecho lazo con las compa\u00f1eras dirigentes de San Felipe, y nos enteramos que hab\u00eda resultado muy positiva una negociaci\u00f3n con un aumento de sueldo del 6% este a\u00f1o y que el a\u00f1o anterior hab\u00eda sido un aumento del 8% y que el otro beneficio es el aumento de las personas que tienen cargo de responsabilidad, que es un tema que es muy sentido en nuestro sector, porque tenemos asistentes por ejemplo que tienen que ver con el tema de la Junaeb, de las plataformas on line con el ministerio, que tienen un sueldo que no reconoce la responsabilidad que hay\u00bb, se\u00f1al\u00f3 el dirigente.<br \/>\nManuel Valenzuela sostuvo que como dirigentes destacan la mejora sustancial en las remuneraciones. \u00abEste es un logro con un trabajo arduo, pero que ha dado este primer fruto y lo confirmaba don Patricio que ya viene la mejora para los otros estamentos, porque nosotros tenemos cuatro estamentos: profesional, t\u00e9cnicos, paradocentes y auxiliares de servicio, por lo tanto saludamos que haya esa mejora sustantiva en las remuneraciones y pedimos que esto se entienda que esto tiene que ser gradual\u00bb.<\/p>\n<figure id=\"attachment_70353\" aria-describedby=\"caption-attachment-70353\" style=\"width: 530px\" class=\"wp-caption alignleft\"><a href=\"http:\/\/www.eltrabajo.cl\/portal\/asistentes-de-la-educacion-destacan-aumento-de-sueldos-a-funcionarios\/presentacion-al-concejo-2\/\" rel=\"attachment wp-att-70353\"><img data-recalc-dims=\"1\" loading=\"lazy\" decoding=\"async\" class=\"size-full wp-image-70353\" src=\"https:\/\/i0.wp.com\/www.eltrabajo.cl\/portal\/wp-content\/uploads\/2016\/06\/presentacion-al-concejo.jpg?resize=530%2C349\" alt=\"Dirigentes de la Confemuch realizaron una presentaci\u00f3n en la sesi\u00f3n de Concejo Municipal de este martes, destacando el proceso realizado en San Felipe.\" width=\"530\" height=\"349\" srcset=\"https:\/\/i0.wp.com\/eltrabajo.cl\/portal\/wp-content\/uploads\/2016\/06\/presentacion-al-concejo.jpg?w=530&amp;ssl=1 530w, https:\/\/i0.wp.com\/eltrabajo.cl\/portal\/wp-content\/uploads\/2016\/06\/presentacion-al-concejo.jpg?resize=200%2C132&amp;ssl=1 200w, https:\/\/i0.wp.com\/eltrabajo.cl\/portal\/wp-content\/uploads\/2016\/06\/presentacion-al-concejo.jpg?resize=300%2C198&amp;ssl=1 300w, https:\/\/i0.wp.com\/eltrabajo.cl\/portal\/wp-content\/uploads\/2016\/06\/presentacion-al-concejo.jpg?resize=228%2C150&amp;ssl=1 228w, https:\/\/i0.wp.com\/eltrabajo.cl\/portal\/wp-content\/uploads\/2016\/06\/presentacion-al-concejo.jpg?resize=400%2C263&amp;ssl=1 400w\" sizes=\"auto, (max-width: 530px) 100vw, 530px\" \/><\/a><figcaption id=\"caption-attachment-70353\" class=\"wp-caption-text\">Dirigentes de la Confemuch realizaron una presentaci\u00f3n en la sesi\u00f3n de Concejo Municipal de este martes, destacando el proceso realizado en San Felipe.<\/figcaption><\/figure>\n","protected":false},"excerpt":{"rendered":"<p>Dirigentes de la Confederaci\u00f3n Nacional en Concejo Municipal de San Felipe : Como muy positivo calificaron los integrantes de la Confemuch, confederaci\u00f3n que agrupa a los asistentes de la educaci\u00f3n a nivel&#8230;<\/p>\n","protected":false},"author":1,"featured_media":70353,"comment_status":"open","ping_status":"open","sticky":false,"template":"","format":"standard","meta":{"advanced_seo_description":"","jetpack_seo_html_title":"","jetpack_seo_noindex":false,"_jetpack_memberships_contains_paid_content":false,"footnotes":""},"categories":[1],"tags":[],"class_list":["post-70352","post","type-post","status-publish","format-standard","has-post-thumbnail","hentry","category-cronica"],"jetpack_featured_media_url":"https:\/\/i0.wp.com\/eltrabajo.cl\/portal\/wp-content\/uploads\/2016\/06\/presentacion-al-concejo.jpg?fit=530%2C349&ssl=1","jetpack_sharing_enabled":true,"jetpack_likes_enabled":true,"jetpack-related-posts":[],"_links":{"self":[{"href":"https:\/\/eltrabajo.cl\/portal\/wp-json\/wp\/v2\/posts\/70352","targetHints":{"allow":["GET"]}}],"collection":[{"href":"https:\/\/eltrabajo.cl\/portal\/wp-json\/wp\/v2\/posts"}],"about":[{"href":"https:\/\/eltrabajo.cl\/portal\/wp-json\/wp\/v2\/types\/post"}],"author":[{"embeddable":true,"href":"https:\/\/eltrabajo.cl\/portal\/wp-json\/wp\/v2\/users\/1"}],"replies":[{"embeddable":true,"href":"https:\/\/eltrabajo.cl\/portal\/wp-json\/wp\/v2\/comments?post=70352"}],"version-history":[{"count":0,"href":"https:\/\/eltrabajo.cl\/portal\/wp-json\/wp\/v2\/posts\/70352\/revisions"}],"wp:featuredmedia":[{"embeddable":true,"href":"https:\/\/eltrabajo.cl\/portal\/wp-json\/wp\/v2\/media\/70353"}],"wp:attachment":[{"href":"https:\/\/eltrabajo.cl\/portal\/wp-json\/wp\/v2\/media?parent=70352"}],"wp:term":[{"taxonomy":"category","embeddable":true,"href":"https:\/\/eltrabajo.cl\/portal\/wp-json\/wp\/v2\/categories?post=70352"},{"taxonomy":"post_tag","embeddable":true,"href":"https:\/\/eltrabajo.cl\/portal\/wp-json\/wp\/v2\/tags?post=70352"}],"curies":[{"name":"wp","href":"https:\/\/api.w.org\/{rel}","templated":true}]}}