{"id":70356,"date":"2016-06-01T10:06:00","date_gmt":"2016-06-01T14:06:00","guid":{"rendered":"http:\/\/www.eltrabajo.cl\/portal\/?p=70356"},"modified":"2016-06-01T10:06:00","modified_gmt":"2016-06-01T14:06:00","slug":"primera-compania-de-bomberos-abrio-sus-puertas-a-los-sanfelipenos","status":"publish","type":"post","link":"https:\/\/eltrabajo.cl\/portal\/primera-compania-de-bomberos-abrio-sus-puertas-a-los-sanfelipenos\/","title":{"rendered":"Primera Compa\u00f1\u00eda de Bomberos abri\u00f3 sus puertas a los sanfelipe\u00f1os"},"content":{"rendered":"<ul>\n<li><strong>Para mostrar su tesoro patrimonial:<\/strong><\/li>\n<\/ul>\n<p>El D\u00eda del Patrimonio, sac\u00f3 lo mejor de nuestras instituciones sanfelipe\u00f1as durante el pasado fin de semana, ese es el caso de la 1\u00aa Compa\u00f1\u00eda de Bomberos de San Felipe, en donde usaron su cuartel central ubicado a un costado de nuestra Plaza de Armas, para abrir sus puertas al p\u00fablico, el que lleg\u00f3 de muchas partes del Valle Aconcagua para conocer as\u00ed, c\u00f3mo operan los \u2018Caballeros del Fuego\u2019 en las emergencias a las que acuden diariamente.<br \/>\nEn esta jornada de puertas abiertas, los bomberos guiaron a sus invitados por el museo de Bomberos, as\u00ed como impartieron tambi\u00e9n charlas educativas sobre el accionar y el equipo que ellos usan, adem\u00e1s de la historia de la instituci\u00f3n bomberil.<\/p>\n<figure id=\"attachment_70357\" aria-describedby=\"caption-attachment-70357\" style=\"width: 530px\" class=\"wp-caption alignleft\"><a href=\"http:\/\/www.eltrabajo.cl\/portal\/primera-compania-de-bomberos-abrio-sus-puertas-a-los-sanfelipenos\/recuerdo1-3\/\" rel=\"attachment wp-att-70357\"><img data-recalc-dims=\"1\" loading=\"lazy\" decoding=\"async\" class=\"size-full wp-image-70357\" src=\"https:\/\/i0.wp.com\/www.eltrabajo.cl\/portal\/wp-content\/uploads\/2016\/06\/Recuerdo1.jpg?resize=530%2C350\" alt=\"RECUERDO ESPECIAL.- Esta es la 1\u00aa CIA en 1933, cuando celebraron los 50 a\u00f1os de existencia.\" width=\"530\" height=\"350\" srcset=\"https:\/\/i0.wp.com\/eltrabajo.cl\/portal\/wp-content\/uploads\/2016\/06\/Recuerdo1.jpg?w=530&amp;ssl=1 530w, https:\/\/i0.wp.com\/eltrabajo.cl\/portal\/wp-content\/uploads\/2016\/06\/Recuerdo1.jpg?resize=200%2C132&amp;ssl=1 200w, https:\/\/i0.wp.com\/eltrabajo.cl\/portal\/wp-content\/uploads\/2016\/06\/Recuerdo1.jpg?resize=300%2C198&amp;ssl=1 300w, https:\/\/i0.wp.com\/eltrabajo.cl\/portal\/wp-content\/uploads\/2016\/06\/Recuerdo1.jpg?resize=227%2C150&amp;ssl=1 227w, https:\/\/i0.wp.com\/eltrabajo.cl\/portal\/wp-content\/uploads\/2016\/06\/Recuerdo1.jpg?resize=400%2C264&amp;ssl=1 400w\" sizes=\"auto, (max-width: 530px) 100vw, 530px\" \/><\/a><figcaption id=\"caption-attachment-70357\" class=\"wp-caption-text\">RECUERDO ESPECIAL.- Esta es la 1\u00aa CIA en 1933, cuando celebraron los 50 a\u00f1os de existencia.<\/figcaption><\/figure>\n","protected":false},"excerpt":{"rendered":"<p>Para mostrar su tesoro patrimonial: El D\u00eda del Patrimonio, sac\u00f3 lo mejor de nuestras instituciones sanfelipe\u00f1as durante el pasado fin de semana, ese es el caso de la 1\u00aa Compa\u00f1\u00eda de Bomberos&#8230;<\/p>\n","protected":false},"author":1,"featured_media":70357,"comment_status":"open","ping_status":"open","sticky":false,"template":"","format":"standard","meta":{"advanced_seo_description":"","jetpack_seo_html_title":"","jetpack_seo_noindex":false,"_jetpack_memberships_contains_paid_content":false,"footnotes":""},"categories":[15],"tags":[],"class_list":["post-70356","post","type-post","status-publish","format-standard","has-post-thumbnail","hentry","category-comunidad"],"jetpack_featured_media_url":"https:\/\/i0.wp.com\/eltrabajo.cl\/portal\/wp-content\/uploads\/2016\/06\/Recuerdo1.jpg?fit=530%2C350&ssl=1","jetpack_sharing_enabled":true,"jetpack_likes_enabled":true,"jetpack-related-posts":[],"_links":{"self":[{"href":"https:\/\/eltrabajo.cl\/portal\/wp-json\/wp\/v2\/posts\/70356","targetHints":{"allow":["GET"]}}],"collection":[{"href":"https:\/\/eltrabajo.cl\/portal\/wp-json\/wp\/v2\/posts"}],"about":[{"href":"https:\/\/eltrabajo.cl\/portal\/wp-json\/wp\/v2\/types\/post"}],"author":[{"embeddable":true,"href":"https:\/\/eltrabajo.cl\/portal\/wp-json\/wp\/v2\/users\/1"}],"replies":[{"embeddable":true,"href":"https:\/\/eltrabajo.cl\/portal\/wp-json\/wp\/v2\/comments?post=70356"}],"version-history":[{"count":0,"href":"https:\/\/eltrabajo.cl\/portal\/wp-json\/wp\/v2\/posts\/70356\/revisions"}],"wp:featuredmedia":[{"embeddable":true,"href":"https:\/\/eltrabajo.cl\/portal\/wp-json\/wp\/v2\/media\/70357"}],"wp:attachment":[{"href":"https:\/\/eltrabajo.cl\/portal\/wp-json\/wp\/v2\/media?parent=70356"}],"wp:term":[{"taxonomy":"category","embeddable":true,"href":"https:\/\/eltrabajo.cl\/portal\/wp-json\/wp\/v2\/categories?post=70356"},{"taxonomy":"post_tag","embeddable":true,"href":"https:\/\/eltrabajo.cl\/portal\/wp-json\/wp\/v2\/tags?post=70356"}],"curies":[{"name":"wp","href":"https:\/\/api.w.org\/{rel}","templated":true}]}}