{"id":70360,"date":"2016-06-01T10:07:42","date_gmt":"2016-06-01T14:07:42","guid":{"rendered":"http:\/\/www.eltrabajo.cl\/portal\/?p=70360"},"modified":"2016-06-01T10:07:42","modified_gmt":"2016-06-01T14:07:42","slug":"retrasan-el-ingreso-a-turnos-de-andina-sitiando-ruta-internacional-4-horas-por-paro-de-la-cut","status":"publish","type":"post","link":"https:\/\/eltrabajo.cl\/portal\/retrasan-el-ingreso-a-turnos-de-andina-sitiando-ruta-internacional-4-horas-por-paro-de-la-cut\/","title":{"rendered":"Retrasan el ingreso a turnos de Andina sitiando ruta internacional 4 horas por paro de la CUT"},"content":{"rendered":"<p><strong>LOS ANDES.-<\/strong>\u00a0A la altura del sector \u2018El Sauce\u2019, trabajadores bloquearon la ruta internacional, durante 4 horas aproximadamente, alzando barricadas con motivo del \u2018paro convocado por la CUT (Central Unitaria de Trabajadores) de participaci\u00f3n nacional.<br \/>\nLa finalidad, seg\u00fan el presidente provincial de la CUT, Guillermo Cand\u00eda fue retrasar el ingreso de los turnos de Andina y a la vez poner en el tapete sus demandas sectoriales relacionadas con el acuerdo marco.<br \/>\n\u201cEfectivamente hoy estamos luchando por una reforma laboral con huelga legal efectiva, titularidad sindical, un nuevo c\u00f3digo del trabajo y en definitiva una reforma que contemple la mirada de los trabajadores y no del empresariado\u201d, sostuvo Cand\u00eda.<br \/>\nEl dirigente record\u00f3, que el c\u00f3digo del trabajo actualmente vigente fue instaurado en dictadura y debe ser discutido con una mirada amplia que vaya en beneficio de los trabajadores.<br \/>\nCand\u00eda, expres\u00f3 que los trabajadores tienen grandes temas pendientes como el acceso a la salud, educaci\u00f3n, reforma al sistema de pensiones que actualmente representan un robo a las personas y tambi\u00e9n tienen demandas desde el punto de vista de los contratistas como es el caso del acuerdo marco, el cual Codelco\u00a0 no est\u00e1 reconociendo.<br \/>\nAcus\u00f3 a las empresas contratistas de poner freno a este acuerdo marco, para que Codelco no lo firme con la CTC (Confederaci\u00f3n de Trabajadores del Cobre).<br \/>\nEl paro en la ruta, cre\u00f3 atochamiento de veh\u00edculos, los cuales, no pudieron moverse durante las 4 horas que se mantuvo la toma en el camino, tanto hacia las instalaciones de Codelco como la frontera.<\/p>\n<figure id=\"attachment_70361\" aria-describedby=\"caption-attachment-70361\" style=\"width: 530px\" class=\"wp-caption alignleft\"><a href=\"http:\/\/www.eltrabajo.cl\/portal\/retrasan-el-ingreso-a-turnos-de-andina-sitiando-ruta-internacional-4-horas-por-paro-de-la-cut\/toma-cut3\/\" rel=\"attachment wp-att-70361\"><img data-recalc-dims=\"1\" loading=\"lazy\" decoding=\"async\" class=\"size-full wp-image-70361\" src=\"https:\/\/i0.wp.com\/www.eltrabajo.cl\/portal\/wp-content\/uploads\/2016\/06\/toma-cut3.jpg?resize=530%2C348\" alt=\"Por cuatro horas trabajadores levantaron barricadas y bloquearon la ruta internacional a la altura del sector El Sauce como parte del paro nacional convocado\u00a0por la CUT.\" width=\"530\" height=\"348\" srcset=\"https:\/\/i0.wp.com\/eltrabajo.cl\/portal\/wp-content\/uploads\/2016\/06\/toma-cut3.jpg?w=530&amp;ssl=1 530w, https:\/\/i0.wp.com\/eltrabajo.cl\/portal\/wp-content\/uploads\/2016\/06\/toma-cut3.jpg?resize=200%2C131&amp;ssl=1 200w, https:\/\/i0.wp.com\/eltrabajo.cl\/portal\/wp-content\/uploads\/2016\/06\/toma-cut3.jpg?resize=300%2C197&amp;ssl=1 300w, https:\/\/i0.wp.com\/eltrabajo.cl\/portal\/wp-content\/uploads\/2016\/06\/toma-cut3.jpg?resize=228%2C150&amp;ssl=1 228w, https:\/\/i0.wp.com\/eltrabajo.cl\/portal\/wp-content\/uploads\/2016\/06\/toma-cut3.jpg?resize=400%2C263&amp;ssl=1 400w\" sizes=\"auto, (max-width: 530px) 100vw, 530px\" \/><\/a><figcaption id=\"caption-attachment-70361\" class=\"wp-caption-text\">Por cuatro horas trabajadores levantaron barricadas y bloquearon la ruta internacional a la altura del sector El Sauce como parte del paro nacional convocado\u00a0por la CUT.<\/figcaption><\/figure>\n","protected":false},"excerpt":{"rendered":"<p>LOS ANDES.-\u00a0A la altura del sector \u2018El Sauce\u2019, trabajadores bloquearon la ruta internacional, durante 4 horas aproximadamente, alzando barricadas con motivo del \u2018paro convocado por la CUT (Central Unitaria de Trabajadores) de&#8230;<\/p>\n","protected":false},"author":1,"featured_media":70361,"comment_status":"open","ping_status":"open","sticky":false,"template":"","format":"standard","meta":{"advanced_seo_description":"","jetpack_seo_html_title":"","jetpack_seo_noindex":false,"_jetpack_memberships_contains_paid_content":false,"footnotes":""},"categories":[1],"tags":[],"class_list":["post-70360","post","type-post","status-publish","format-standard","has-post-thumbnail","hentry","category-cronica"],"jetpack_featured_media_url":"https:\/\/i0.wp.com\/eltrabajo.cl\/portal\/wp-content\/uploads\/2016\/06\/toma-cut3.jpg?fit=530%2C348&ssl=1","jetpack_sharing_enabled":true,"jetpack_likes_enabled":true,"jetpack-related-posts":[],"_links":{"self":[{"href":"https:\/\/eltrabajo.cl\/portal\/wp-json\/wp\/v2\/posts\/70360","targetHints":{"allow":["GET"]}}],"collection":[{"href":"https:\/\/eltrabajo.cl\/portal\/wp-json\/wp\/v2\/posts"}],"about":[{"href":"https:\/\/eltrabajo.cl\/portal\/wp-json\/wp\/v2\/types\/post"}],"author":[{"embeddable":true,"href":"https:\/\/eltrabajo.cl\/portal\/wp-json\/wp\/v2\/users\/1"}],"replies":[{"embeddable":true,"href":"https:\/\/eltrabajo.cl\/portal\/wp-json\/wp\/v2\/comments?post=70360"}],"version-history":[{"count":0,"href":"https:\/\/eltrabajo.cl\/portal\/wp-json\/wp\/v2\/posts\/70360\/revisions"}],"wp:featuredmedia":[{"embeddable":true,"href":"https:\/\/eltrabajo.cl\/portal\/wp-json\/wp\/v2\/media\/70361"}],"wp:attachment":[{"href":"https:\/\/eltrabajo.cl\/portal\/wp-json\/wp\/v2\/media?parent=70360"}],"wp:term":[{"taxonomy":"category","embeddable":true,"href":"https:\/\/eltrabajo.cl\/portal\/wp-json\/wp\/v2\/categories?post=70360"},{"taxonomy":"post_tag","embeddable":true,"href":"https:\/\/eltrabajo.cl\/portal\/wp-json\/wp\/v2\/tags?post=70360"}],"curies":[{"name":"wp","href":"https:\/\/api.w.org\/{rel}","templated":true}]}}