{"id":70372,"date":"2016-06-01T10:12:37","date_gmt":"2016-06-01T14:12:37","guid":{"rendered":"http:\/\/www.eltrabajo.cl\/portal\/?p=70372"},"modified":"2016-06-01T10:12:37","modified_gmt":"2016-06-01T14:12:37","slug":"direccion-interina-del-san-camilo-quedara-en-manos-de-ingeniera-comercial","status":"publish","type":"post","link":"https:\/\/eltrabajo.cl\/portal\/direccion-interina-del-san-camilo-quedara-en-manos-de-ingeniera-comercial\/","title":{"rendered":"Direcci\u00f3n interina del San Camilo\u00a0quedar\u00e1 en manos de Ingeniera Comercial"},"content":{"rendered":"<ul>\n<li><strong>Susan Porras Fern\u00e1ndez, lleva 8 a\u00f1os como encargada de Control de Gesti\u00f3n del establecimiento:<\/strong><\/li>\n<\/ul>\n<p>Tras la abrupta renuncia del Dr. Juan de Dios Reyes como Director del Hospital San Camilo, HSC, \u2013quien asumir\u00e1 la Direcci\u00f3n Nacional del Servicio M\u00e9dico Legal- era necesario definir cuanto antes al profesional que tomar\u00eda tal cargo -de forma provisoria- a partir de hoy 1 de junio y hasta que la Alta Direcci\u00f3n P\u00fablica decrete, mediante concurso, quien ser\u00e1 el nuevo director del establecimiento.<br \/>\nEn ese contexto, la directora del Servicio Salud Aconcagua, SSA, la Dra. Vilma Olave, seleccion\u00f3 a la Ingeniera Comercial Susan Porras Fern\u00e1ndez, como nueva Directora Transitoria del HSC, argumentando su decisi\u00f3n enla vasta experiencia en el funcionamiento del recinto con la que cuenta la profesional.<br \/>\n\u201cTenemos la certeza de que la nueva autoridad es una profesional de excelencia y que ser\u00e1 una gran oportunidad para el desarrollo del establecimiento. Ella fue formada y capacitada en este hospital y por el Servicio de Salud, por lo que conoce muy bien los compromisos y desaf\u00edos institucionales que nos interesa seguir trabajando y desarrollando\u201d, sentenci\u00f3 Olave.<br \/>\nSusan Porras Fern\u00e1ndez es sanfelipe\u00f1a y cuenta con amplia experiencia y conocimiento del funcionamiento del Hospital San Camilo, siendo la encargada durante 8 a\u00f1os de los compromisos de gesti\u00f3n, monitoreo y control de todos los cumplimientos de metas e indicadores de autogesti\u00f3n. Asimismo, ha integrado en forma permanente el equipo directivo del recinto.<br \/>\nLa nueva Directora del Hospital San Camilo, tiene diversos diplomados en redes asistenciales, gesti\u00f3n en salud y calidad y seguridad del paciente, adem\u00e1s de un Magister en Alta Direcci\u00f3n P\u00fablica, teniendo como respaldo su conocimiento sobre el funcionamiento del establecimiento y de todos sus integrantes, lo que permite darle continuidad a las pol\u00edticas de Gobierno y del SSA que hasta ahora se vienen impulsando.<\/p>\n<figure id=\"attachment_70373\" aria-describedby=\"caption-attachment-70373\" style=\"width: 530px\" class=\"wp-caption alignleft\"><a href=\"http:\/\/www.eltrabajo.cl\/portal\/direccion-interina-del-san-camilo-quedara-en-manos-de-ingeniera-comercial\/susan-porras\/\" rel=\"attachment wp-att-70373\"><img data-recalc-dims=\"1\" loading=\"lazy\" decoding=\"async\" class=\"size-full wp-image-70373\" src=\"https:\/\/i0.wp.com\/www.eltrabajo.cl\/portal\/wp-content\/uploads\/2016\/06\/susan-porras.jpg?resize=530%2C349\" alt=\"Susan Porras Fern\u00e1ndez, Directora Transitoria del Hospital San Camilo\" width=\"530\" height=\"349\" srcset=\"https:\/\/i0.wp.com\/eltrabajo.cl\/portal\/wp-content\/uploads\/2016\/06\/susan-porras.jpg?w=530&amp;ssl=1 530w, https:\/\/i0.wp.com\/eltrabajo.cl\/portal\/wp-content\/uploads\/2016\/06\/susan-porras.jpg?resize=200%2C132&amp;ssl=1 200w, https:\/\/i0.wp.com\/eltrabajo.cl\/portal\/wp-content\/uploads\/2016\/06\/susan-porras.jpg?resize=300%2C198&amp;ssl=1 300w, https:\/\/i0.wp.com\/eltrabajo.cl\/portal\/wp-content\/uploads\/2016\/06\/susan-porras.jpg?resize=228%2C150&amp;ssl=1 228w, https:\/\/i0.wp.com\/eltrabajo.cl\/portal\/wp-content\/uploads\/2016\/06\/susan-porras.jpg?resize=400%2C263&amp;ssl=1 400w\" sizes=\"auto, (max-width: 530px) 100vw, 530px\" \/><\/a><figcaption id=\"caption-attachment-70373\" class=\"wp-caption-text\">Susan Porras Fern\u00e1ndez, Directora Transitoria del Hospital San Camilo<\/figcaption><\/figure>\n","protected":false},"excerpt":{"rendered":"<p>Susan Porras Fern\u00e1ndez, lleva 8 a\u00f1os como encargada de Control de Gesti\u00f3n del establecimiento: Tras la abrupta renuncia del Dr. Juan de Dios Reyes como Director del Hospital San Camilo, HSC, \u2013quien&#8230;<\/p>\n","protected":false},"author":1,"featured_media":70373,"comment_status":"open","ping_status":"open","sticky":false,"template":"","format":"standard","meta":{"advanced_seo_description":"","jetpack_seo_html_title":"","jetpack_seo_noindex":false,"_jetpack_memberships_contains_paid_content":false,"footnotes":""},"categories":[1],"tags":[],"class_list":["post-70372","post","type-post","status-publish","format-standard","has-post-thumbnail","hentry","category-cronica"],"jetpack_featured_media_url":"https:\/\/i0.wp.com\/eltrabajo.cl\/portal\/wp-content\/uploads\/2016\/06\/susan-porras.jpg?fit=530%2C349&ssl=1","jetpack_sharing_enabled":true,"jetpack_likes_enabled":true,"jetpack-related-posts":[],"_links":{"self":[{"href":"https:\/\/eltrabajo.cl\/portal\/wp-json\/wp\/v2\/posts\/70372","targetHints":{"allow":["GET"]}}],"collection":[{"href":"https:\/\/eltrabajo.cl\/portal\/wp-json\/wp\/v2\/posts"}],"about":[{"href":"https:\/\/eltrabajo.cl\/portal\/wp-json\/wp\/v2\/types\/post"}],"author":[{"embeddable":true,"href":"https:\/\/eltrabajo.cl\/portal\/wp-json\/wp\/v2\/users\/1"}],"replies":[{"embeddable":true,"href":"https:\/\/eltrabajo.cl\/portal\/wp-json\/wp\/v2\/comments?post=70372"}],"version-history":[{"count":0,"href":"https:\/\/eltrabajo.cl\/portal\/wp-json\/wp\/v2\/posts\/70372\/revisions"}],"wp:featuredmedia":[{"embeddable":true,"href":"https:\/\/eltrabajo.cl\/portal\/wp-json\/wp\/v2\/media\/70373"}],"wp:attachment":[{"href":"https:\/\/eltrabajo.cl\/portal\/wp-json\/wp\/v2\/media?parent=70372"}],"wp:term":[{"taxonomy":"category","embeddable":true,"href":"https:\/\/eltrabajo.cl\/portal\/wp-json\/wp\/v2\/categories?post=70372"},{"taxonomy":"post_tag","embeddable":true,"href":"https:\/\/eltrabajo.cl\/portal\/wp-json\/wp\/v2\/tags?post=70372"}],"curies":[{"name":"wp","href":"https:\/\/api.w.org\/{rel}","templated":true}]}}