{"id":70376,"date":"2016-06-01T10:15:46","date_gmt":"2016-06-01T14:15:46","guid":{"rendered":"http:\/\/www.eltrabajo.cl\/portal\/?p=70376"},"modified":"2016-06-01T10:15:47","modified_gmt":"2016-06-01T14:15:47","slug":"salieron-libres-del-tribunal-y-a-las-dos-cuadras-volvieron-a-delinquir","status":"publish","type":"post","link":"https:\/\/eltrabajo.cl\/portal\/salieron-libres-del-tribunal-y-a-las-dos-cuadras-volvieron-a-delinquir\/","title":{"rendered":"Salieron libres del Tribunal y a las dos cuadras volvieron a delinquir"},"content":{"rendered":"<ul>\n<li><strong>En detenci\u00f3n ciudadana lograron reducir a uno de ellos:\u00a0El pasado lunes, Carabineros detuvo en la Villa 250 A\u00f1os a estos antisociales al interior de una camioneta robada. Sin embargo, tras su formalizaci\u00f3n en el centro de justicia, recuperaron su libertad para continuar delinquiendo. <\/strong><\/li>\n<\/ul>\n<p>No pasaron ni cinco minutos desde que dos antisociales fueron liberados por los tribunales, tras ser formalizados por el \u2018delito de robo de un veh\u00edculo motorizado\u2019, para que de inmediato procedieran a sustraer una camioneta estacionada en la v\u00eda p\u00fablica. Gracias a la intervenci\u00f3n de transe\u00fantes, que frustraron el hecho, uno de ellos fue nuevamente detenido por Carabineros en avenida Yungay de San Felipe.<br \/>\nLa denominada \u2018puerta giratoria\u2019 de tribunales que benefici\u00f3 a estos sujetos, se inici\u00f3 el pasado lunes, luego que el propietario de una camioneta denunci\u00f3 el robo de su m\u00f3vil a Carabineros desde la poblaci\u00f3n San Felipe, manteniendo informaci\u00f3n que el veh\u00edculo estar\u00eda circulando al interior de la Villa 250 A\u00f1os de esta comuna.<br \/>\nCon estos antecedentes, la polic\u00eda uniformada encarg\u00f3 a todas las unidades de la provincia, entregando los antecedentes del m\u00f3vil, traslad\u00e1ndose en primera instancia hasta dicha villa, donde a eso de las 19:40 horas, observaron que la camioneta precisamente se encontraba en ese lugar con dos ocupantes.<br \/>\nCarabineros, al interceptar el m\u00f3vil en calle Dardignac esquina El Vergel, individualiz\u00f3 a Felipe Antonio Torres Fern\u00e1ndez -conductor del veh\u00edculo- acompa\u00f1ado de Rey David Escobar Neira, ambos con antecedentes policiales.<br \/>\nAsimismo, durante el operativo policial, el Comisario de Carabineros Mayor H\u00e9ctor Soto Moeller, inform\u00f3 a Diario El Trabajo que mientras se ejecutaba la detenci\u00f3n de estos individuos, los uniformados fueron agredidos por los residentes del sector, quienes comenzaron a arrojar elementos contundentes y piedras en contra de la patrulla policial para impedir la labor, sin que se registraran funcionarios heridos.<br \/>\nTorres y Escobar fueron reconocidos por una testigo que se\u00f1al\u00f3 a estos sujetos como los autores del robo de la camioneta placa patente KT-9140, misma en la que fueron sorprendidos en la Villa 250 A\u00f1os. Al mismo tiempo Carabineros procedi\u00f3 a la devoluci\u00f3n del m\u00f3vil a su propietario.<\/p>\n<p><strong>Puerta Giratoria<\/strong><br \/>\nLos imputados fueron derivados hasta el Juzgado de Garant\u00eda de San Felipe para ser formalizados, bajo los cargos que la Fiscal\u00eda formul\u00f3 por el delito de \u2018robo de veh\u00edculo\u2019. Finalizada la audiencia, los acusados recuperaron su libertad, volviendo en plenitud a las calles.<br \/>\nLuego de caminar unos minutos, a menos de dos cuadras del tribunal, ambos sujetos habr\u00edan hecho de las suyas, forzando la chapa de un autom\u00f3vil que se encontraba en las afueras de un taller mec\u00e1nico, a la altura de avenida Yungay casi esquina de avenida O\u00b4Higgins.<br \/>\nLos trabajadores se percataron de lo sucedido, logrando reducir a Felipe Torres Fern\u00e1ndez, junto a un grupo de transe\u00fantes que inmovilizaron al delincuente. En tanto Escobar Neira logr\u00f3 huir en direcci\u00f3n desconocida.<br \/>\nTras concretarse esta detenci\u00f3n ciudadana, Carabineros nuevamente adopt\u00f3 el procedimiento en contra de este antisocial, que ser\u00e1 sometido a control de detenci\u00f3n al mediod\u00eda de hoy en tribunales.<br \/>\n<strong>Pablo Salinas Sald\u00edas<\/strong><\/p>\n<figure id=\"attachment_70377\" aria-describedby=\"caption-attachment-70377\" style=\"width: 530px\" class=\"wp-caption alignleft\"><a href=\"http:\/\/www.eltrabajo.cl\/portal\/salieron-libres-del-tribunal-y-a-las-dos-cuadras-volvieron-a-delinquir\/detencion-ciudadana-3\/\" rel=\"attachment wp-att-70377\"><img data-recalc-dims=\"1\" loading=\"lazy\" decoding=\"async\" class=\"size-full wp-image-70377\" src=\"https:\/\/i0.wp.com\/www.eltrabajo.cl\/portal\/wp-content\/uploads\/2016\/06\/DETENCION-CIUDADANA.jpg?resize=530%2C348\" alt=\"En detenci\u00f3n ciudadana se logr\u00f3 reducir a uno de estos sujetos que tras obtener su libertad volvi\u00f3 a delinquir, siendo entregado a Carabineros. (Foto:@RadioAconcagua).\" width=\"530\" height=\"348\" srcset=\"https:\/\/i0.wp.com\/eltrabajo.cl\/portal\/wp-content\/uploads\/2016\/06\/DETENCION-CIUDADANA.jpg?w=530&amp;ssl=1 530w, https:\/\/i0.wp.com\/eltrabajo.cl\/portal\/wp-content\/uploads\/2016\/06\/DETENCION-CIUDADANA.jpg?resize=200%2C131&amp;ssl=1 200w, https:\/\/i0.wp.com\/eltrabajo.cl\/portal\/wp-content\/uploads\/2016\/06\/DETENCION-CIUDADANA.jpg?resize=300%2C197&amp;ssl=1 300w, https:\/\/i0.wp.com\/eltrabajo.cl\/portal\/wp-content\/uploads\/2016\/06\/DETENCION-CIUDADANA.jpg?resize=228%2C150&amp;ssl=1 228w, https:\/\/i0.wp.com\/eltrabajo.cl\/portal\/wp-content\/uploads\/2016\/06\/DETENCION-CIUDADANA.jpg?resize=400%2C263&amp;ssl=1 400w\" sizes=\"auto, (max-width: 530px) 100vw, 530px\" \/><\/a><figcaption id=\"caption-attachment-70377\" class=\"wp-caption-text\">En detenci\u00f3n ciudadana se logr\u00f3 reducir a uno de estos sujetos que tras obtener su libertad volvi\u00f3 a delinquir, siendo entregado a Carabineros. (Foto:@RadioAconcagua).<\/figcaption><\/figure>\n<figure id=\"attachment_70378\" aria-describedby=\"caption-attachment-70378\" style=\"width: 530px\" class=\"wp-caption alignleft\"><a href=\"http:\/\/www.eltrabajo.cl\/portal\/salieron-libres-del-tribunal-y-a-las-dos-cuadras-volvieron-a-delinquir\/felipe-torres-y-rey-escobar-copia\/\" rel=\"attachment wp-att-70378\"><img data-recalc-dims=\"1\" loading=\"lazy\" decoding=\"async\" class=\"size-full wp-image-70378\" src=\"https:\/\/i0.wp.com\/www.eltrabajo.cl\/portal\/wp-content\/uploads\/2016\/06\/felipe-torres-y-rey-escobar-copia.jpg?resize=530%2C350\" alt=\"Felipe Antonio Torres Fern\u00e1ndez (Izq.) de 19 a\u00f1os de edad, cuenta con antecedentes delictuales, fue reducido por transe\u00fantes intentando robar nuevamente una camioneta, junto a Rey David Escobar Neira, conforman la dupla delictiva dedicada al robo de veh\u00edculos.\" width=\"530\" height=\"350\" srcset=\"https:\/\/i0.wp.com\/eltrabajo.cl\/portal\/wp-content\/uploads\/2016\/06\/felipe-torres-y-rey-escobar-copia.jpg?w=530&amp;ssl=1 530w, https:\/\/i0.wp.com\/eltrabajo.cl\/portal\/wp-content\/uploads\/2016\/06\/felipe-torres-y-rey-escobar-copia.jpg?resize=200%2C132&amp;ssl=1 200w, https:\/\/i0.wp.com\/eltrabajo.cl\/portal\/wp-content\/uploads\/2016\/06\/felipe-torres-y-rey-escobar-copia.jpg?resize=300%2C198&amp;ssl=1 300w, https:\/\/i0.wp.com\/eltrabajo.cl\/portal\/wp-content\/uploads\/2016\/06\/felipe-torres-y-rey-escobar-copia.jpg?resize=227%2C150&amp;ssl=1 227w, https:\/\/i0.wp.com\/eltrabajo.cl\/portal\/wp-content\/uploads\/2016\/06\/felipe-torres-y-rey-escobar-copia.jpg?resize=400%2C264&amp;ssl=1 400w\" sizes=\"auto, (max-width: 530px) 100vw, 530px\" \/><\/a><figcaption id=\"caption-attachment-70378\" class=\"wp-caption-text\">Felipe Antonio Torres Fern\u00e1ndez (Izq.) de 19 a\u00f1os de edad, cuenta con antecedentes delictuales, fue reducido por transe\u00fantes intentando robar nuevamente una camioneta, junto a Rey David Escobar Neira, conforman la dupla delictiva dedicada al robo de veh\u00edculos.<\/figcaption><\/figure>\n","protected":false},"excerpt":{"rendered":"<p>En detenci\u00f3n ciudadana lograron reducir a uno de ellos:\u00a0El pasado lunes, Carabineros detuvo en la Villa 250 A\u00f1os a estos antisociales al interior de una camioneta robada. Sin embargo, tras su formalizaci\u00f3n&#8230;<\/p>\n","protected":false},"author":1,"featured_media":70377,"comment_status":"open","ping_status":"open","sticky":false,"template":"","format":"standard","meta":{"advanced_seo_description":"","jetpack_seo_html_title":"","jetpack_seo_noindex":false,"_jetpack_memberships_contains_paid_content":false,"footnotes":""},"categories":[21],"tags":[],"class_list":["post-70376","post","type-post","status-publish","format-standard","has-post-thumbnail","hentry","category-policial"],"jetpack_featured_media_url":"https:\/\/i0.wp.com\/eltrabajo.cl\/portal\/wp-content\/uploads\/2016\/06\/DETENCION-CIUDADANA.jpg?fit=530%2C348&ssl=1","jetpack_sharing_enabled":true,"jetpack_likes_enabled":true,"jetpack-related-posts":[],"_links":{"self":[{"href":"https:\/\/eltrabajo.cl\/portal\/wp-json\/wp\/v2\/posts\/70376","targetHints":{"allow":["GET"]}}],"collection":[{"href":"https:\/\/eltrabajo.cl\/portal\/wp-json\/wp\/v2\/posts"}],"about":[{"href":"https:\/\/eltrabajo.cl\/portal\/wp-json\/wp\/v2\/types\/post"}],"author":[{"embeddable":true,"href":"https:\/\/eltrabajo.cl\/portal\/wp-json\/wp\/v2\/users\/1"}],"replies":[{"embeddable":true,"href":"https:\/\/eltrabajo.cl\/portal\/wp-json\/wp\/v2\/comments?post=70376"}],"version-history":[{"count":0,"href":"https:\/\/eltrabajo.cl\/portal\/wp-json\/wp\/v2\/posts\/70376\/revisions"}],"wp:featuredmedia":[{"embeddable":true,"href":"https:\/\/eltrabajo.cl\/portal\/wp-json\/wp\/v2\/media\/70377"}],"wp:attachment":[{"href":"https:\/\/eltrabajo.cl\/portal\/wp-json\/wp\/v2\/media?parent=70376"}],"wp:term":[{"taxonomy":"category","embeddable":true,"href":"https:\/\/eltrabajo.cl\/portal\/wp-json\/wp\/v2\/categories?post=70376"},{"taxonomy":"post_tag","embeddable":true,"href":"https:\/\/eltrabajo.cl\/portal\/wp-json\/wp\/v2\/tags?post=70376"}],"curies":[{"name":"wp","href":"https:\/\/api.w.org\/{rel}","templated":true}]}}