{"id":70387,"date":"2016-06-02T09:34:02","date_gmt":"2016-06-02T13:34:02","guid":{"rendered":"http:\/\/www.eltrabajo.cl\/portal\/?p=70387"},"modified":"2016-06-02T09:34:02","modified_gmt":"2016-06-02T13:34:02","slug":"llaman-a-la-comunidad-a-tomar-medidas-ante-intenso-sistema-frontal","status":"publish","type":"post","link":"https:\/\/eltrabajo.cl\/portal\/llaman-a-la-comunidad-a-tomar-medidas-ante-intenso-sistema-frontal\/","title":{"rendered":"Llaman a la comunidad a tomar medidas ante intenso sistema frontal"},"content":{"rendered":"<ul>\n<li><strong>Plan Invierno:\u00a0Onemi decret\u00f3 \u2018Alerta Temprana Preventiva Regional\u2019 a ra\u00edz de este sistema frontal que se extender\u00eda hasta el s\u00e1bado.<\/strong><\/li>\n<\/ul>\n<p>La Direcci\u00f3n Meteorol\u00f3gica de Chile, pronostic\u00f3 el acercamiento de un sistema frontal que afectar\u00eda a la totalidad de la Regi\u00f3n de Valpara\u00edso, estimando que caer\u00edan entre 20 a 50 mil\u00edmetros de agua durante este evento. Ante esto, la Direcci\u00f3n de Protecci\u00f3n Civil de la Gobernaci\u00f3n de San Felipe se encuentra en estado de alerta para reaccionar de la forma m\u00e1s eficiente a cualquier emergencia.<br \/>\nAs\u00ed lo se\u00f1al\u00f3 Claudio Mart\u00ednez, director de Protecci\u00f3n Civil del ente p\u00fablico, quien sostuvo que se ha desarrollado un intenso trabajo con los equipos de emergencias de los municipios y otros servicios integrantes del COE Provincial, a fin de estar preparado ante estos sistemas frontales en el denominado \u2018Plan Invierno\u2019, en el que se han identificado los puntos cr\u00edticos.<br \/>\n\u201cDesde el mediod\u00eda del jueves iniciar\u00edan las lluvias que se extender\u00edan hasta la ma\u00f1ana del s\u00e1bado, por lo que ya hemos activado todos los protocolos previos que dicen relaci\u00f3n con la preparaci\u00f3n, equipamiento, materiales, turnos, planes de enlace, entre otros, para afrontar de la mejor manera este sistema frontal\u201d inform\u00f3.<br \/>\nAsimismo, destac\u00f3 que \u201chabr\u00edan dos peaks importantes, el jueves con 20 mil\u00edmetros y el viernes con la misma cantidad de agua ca\u00edda, lo que puede ir variando en los pr\u00f3ximos reportes\u201d afirm\u00f3.<br \/>\nEn tanto, Mart\u00ednez destac\u00f3 que los municipios han desarrollado trabajos de limpiezas y despejes de esteros, cauces y sitios, por lo que recomend\u00f3 a la comunidad iniciar labores en sus hogares a fin de evitar situaciones de riesgo. \u201cLo ideal es que la gente no salga de su casa a menos que sea necesario y se prepare para actuar ante un evento de este tipo, es decir, que hagan limpieza de canaletas, revisi\u00f3n de techos, mantener provisiones necesarias. La idea es que la gente no se exponga a los riesgos derivados de este sistema frontal\u201d enfatiz\u00f3 el profesional.<br \/>\nFinalmente, Onemi decret\u00f3 Alerta Temprana Preventiva Regional por variable hidrometeorol\u00f3gica, desde este martes 01 de junio y hasta que las condiciones as\u00ed lo ameriten.<br \/>\nEsta declaraci\u00f3n, se constituye un estado de vigilancia, mediante el monitoreo preciso y riguroso de las condiciones de riesgo y las respectivas condiciones de vulnerabilidad asociadas a la amenaza.<\/p>\n<figure id=\"attachment_70388\" aria-describedby=\"caption-attachment-70388\" style=\"width: 530px\" class=\"wp-caption alignleft\"><a href=\"http:\/\/www.eltrabajo.cl\/portal\/llaman-a-la-comunidad-a-tomar-medidas-ante-intenso-sistema-frontal\/frente-mal-tiempo-2\/\" rel=\"attachment wp-att-70388\"><img data-recalc-dims=\"1\" loading=\"lazy\" decoding=\"async\" class=\"size-full wp-image-70388\" src=\"https:\/\/i0.wp.com\/www.eltrabajo.cl\/portal\/wp-content\/uploads\/2016\/06\/frente-mal-tiempo.jpg?resize=530%2C348\" alt=\"En la reuni\u00f3n de la Direcci\u00f3n de Protecci\u00f3n Civil de la Gobernaci\u00f3n de San Felipe, autoridades se comprometen a estar en \u2018estado de alerta\u2019 y de esta manera, reaccionar de la forma m\u00e1s eficiente a cualquier emergencia de la Provincia.\" width=\"530\" height=\"348\" srcset=\"https:\/\/i0.wp.com\/eltrabajo.cl\/portal\/wp-content\/uploads\/2016\/06\/frente-mal-tiempo.jpg?w=530&amp;ssl=1 530w, https:\/\/i0.wp.com\/eltrabajo.cl\/portal\/wp-content\/uploads\/2016\/06\/frente-mal-tiempo.jpg?resize=200%2C131&amp;ssl=1 200w, https:\/\/i0.wp.com\/eltrabajo.cl\/portal\/wp-content\/uploads\/2016\/06\/frente-mal-tiempo.jpg?resize=300%2C197&amp;ssl=1 300w, https:\/\/i0.wp.com\/eltrabajo.cl\/portal\/wp-content\/uploads\/2016\/06\/frente-mal-tiempo.jpg?resize=228%2C150&amp;ssl=1 228w, https:\/\/i0.wp.com\/eltrabajo.cl\/portal\/wp-content\/uploads\/2016\/06\/frente-mal-tiempo.jpg?resize=400%2C263&amp;ssl=1 400w\" sizes=\"auto, (max-width: 530px) 100vw, 530px\" \/><\/a><figcaption id=\"caption-attachment-70388\" class=\"wp-caption-text\">En la reuni\u00f3n de la Direcci\u00f3n de Protecci\u00f3n Civil de la Gobernaci\u00f3n de San Felipe, autoridades se comprometen a estar en \u2018estado de alerta\u2019 y de esta manera, reaccionar de la forma m\u00e1s eficiente a cualquier emergencia de la Provincia.<\/figcaption><\/figure>\n","protected":false},"excerpt":{"rendered":"<p>Plan Invierno:\u00a0Onemi decret\u00f3 \u2018Alerta Temprana Preventiva Regional\u2019 a ra\u00edz de este sistema frontal que se extender\u00eda hasta el s\u00e1bado. La Direcci\u00f3n Meteorol\u00f3gica de Chile, pronostic\u00f3 el acercamiento de un sistema frontal que&#8230;<\/p>\n","protected":false},"author":1,"featured_media":70388,"comment_status":"open","ping_status":"open","sticky":false,"template":"","format":"standard","meta":{"advanced_seo_description":"","jetpack_seo_html_title":"","jetpack_seo_noindex":false,"_jetpack_memberships_contains_paid_content":false,"footnotes":""},"categories":[1],"tags":[],"class_list":["post-70387","post","type-post","status-publish","format-standard","has-post-thumbnail","hentry","category-cronica"],"jetpack_featured_media_url":"https:\/\/i0.wp.com\/eltrabajo.cl\/portal\/wp-content\/uploads\/2016\/06\/frente-mal-tiempo.jpg?fit=530%2C348&ssl=1","jetpack_sharing_enabled":true,"jetpack_likes_enabled":true,"jetpack-related-posts":[],"_links":{"self":[{"href":"https:\/\/eltrabajo.cl\/portal\/wp-json\/wp\/v2\/posts\/70387","targetHints":{"allow":["GET"]}}],"collection":[{"href":"https:\/\/eltrabajo.cl\/portal\/wp-json\/wp\/v2\/posts"}],"about":[{"href":"https:\/\/eltrabajo.cl\/portal\/wp-json\/wp\/v2\/types\/post"}],"author":[{"embeddable":true,"href":"https:\/\/eltrabajo.cl\/portal\/wp-json\/wp\/v2\/users\/1"}],"replies":[{"embeddable":true,"href":"https:\/\/eltrabajo.cl\/portal\/wp-json\/wp\/v2\/comments?post=70387"}],"version-history":[{"count":0,"href":"https:\/\/eltrabajo.cl\/portal\/wp-json\/wp\/v2\/posts\/70387\/revisions"}],"wp:featuredmedia":[{"embeddable":true,"href":"https:\/\/eltrabajo.cl\/portal\/wp-json\/wp\/v2\/media\/70388"}],"wp:attachment":[{"href":"https:\/\/eltrabajo.cl\/portal\/wp-json\/wp\/v2\/media?parent=70387"}],"wp:term":[{"taxonomy":"category","embeddable":true,"href":"https:\/\/eltrabajo.cl\/portal\/wp-json\/wp\/v2\/categories?post=70387"},{"taxonomy":"post_tag","embeddable":true,"href":"https:\/\/eltrabajo.cl\/portal\/wp-json\/wp\/v2\/tags?post=70387"}],"curies":[{"name":"wp","href":"https:\/\/api.w.org\/{rel}","templated":true}]}}