{"id":70391,"date":"2016-06-02T09:39:31","date_gmt":"2016-06-02T13:39:31","guid":{"rendered":"http:\/\/www.eltrabajo.cl\/portal\/?p=70391"},"modified":"2016-06-02T09:39:31","modified_gmt":"2016-06-02T13:39:31","slug":"el-mellizo-tuerto-agrede-a-dos-jovenes-soldados-que-iban-a-acuartelarse","status":"publish","type":"post","link":"https:\/\/eltrabajo.cl\/portal\/el-mellizo-tuerto-agrede-a-dos-jovenes-soldados-que-iban-a-acuartelarse\/","title":{"rendered":"\u2018El Mellizo Tuerto\u2019 agrede a dos j\u00f3venes soldados que iban a acuartelarse"},"content":{"rendered":"<ul>\n<li><strong>Uniformados iban de vuelta al regimiento cuando fueron atacados:<\/strong><\/li>\n<\/ul>\n<p><strong>LOS ANDES.-\u00a0<\/strong>En plena Plaza de Armas de la ciudad andina, con palos y cuchillos, fueron intimidados dos soldados conscriptos del \u2018Regimiento Reforzado Yungay\u2019, cuando los muchachos se dirig\u00edan al cuartel militar.<br \/>\nEl atraco se produjo a la 1:35 de la madrugada del domingo, cuando los uniformados iban camino al regimiento llevando consigo dos bolsas con botellas de bebidas.<br \/>\nSorpresivamente fueron interceptados por cuatro sujetos que sacaron de entre sus vestimentas cuchillos y palos con los que intimidaron, exigi\u00e9ndoles la entrega de las bolsas que llevaban y dinero.<br \/>\nAnte la negativa de las v\u00edctimas, se produjo un forcejeo, momento en el cual uno de los maleantes que ten\u00eda en su poder un palo golpe\u00f3 a uno de los soldados y esto fue aprovechado por los otros delincuentes que le arrebataron las bolsas, retir\u00e1ndose del lugar.<br \/>\nCuando se daban a la fuga apareci\u00f3 por calle Santa Rosa una patrulla de Carabineros que efectuaba rondas preventivas, siendo vista por los soldados que les solicitaron auxilio.<br \/>\nLos Carabineros ubicaron a los asaltantes, pero estos comenzaron a huir en diferentes direcciones, logrando apresar finalmente a uno de ellos en la esquina de O\u2019Higgins con Santa Rosa.<br \/>\nEl antisocial fue identificado como Michel Alejandro Lecaros Aparicio (22), alias \u2018El Mellizo Tuerto\u2019, quien manten\u00eda en su poder el palo con el que golpe\u00f3 a los j\u00f3venes.<br \/>\nPese a los esfuerzos policiales y patrullajes realizados por las inmediaciones de la plaza no se pudo dar con el paradero de los otros tres asaltantes.<br \/>\nPosteriormente los soldados fueron llevados al Servicio de Urgencia del Hospital San Juan de Dios de Los Andes, diagnostic\u00e1ndole al que recibi\u00f3 los golpes con el palo lesiones en el codo del brazo izquierdo y en el muslo de la pierna izquierda, mientras que otro result\u00f3 ileso.<br \/>\nLecaros Aparicio pas\u00f3 a control de detenci\u00f3n en el Tribunal de Garant\u00eda de Los Andes donde el fiscal Jorge Alfaro lo formaliz\u00f3 por el delito de robo con violencia.<br \/>\nDada la gravedad del delito y a su nutrido prontuario delictual, la magistrado Valeria Crosa decret\u00f3 su ingreso a prisi\u00f3n preventiva por considerar que su libertad es un peligro para la seguridad de la sociedad.<\/p>\n<figure id=\"attachment_70392\" aria-describedby=\"caption-attachment-70392\" style=\"width: 530px\" class=\"wp-caption alignleft\"><a href=\"http:\/\/www.eltrabajo.cl\/portal\/el-mellizo-tuerto-agrede-a-dos-jovenes-soldados-que-iban-a-acuartelarse\/michael-lecaros1\/\" rel=\"attachment wp-att-70392\"><img data-recalc-dims=\"1\" loading=\"lazy\" decoding=\"async\" class=\"size-full wp-image-70392\" src=\"https:\/\/i0.wp.com\/www.eltrabajo.cl\/portal\/wp-content\/uploads\/2016\/06\/michael-lecaros1.jpg?resize=530%2C350\" alt=\"\u2018EL MELLIZO TUERTO\u2019.- Lecaros, pas\u00f3 a control de detenci\u00f3n en el Tribunal de Garant\u00eda de Los Andes donde el fiscal Jorge Alfaro lo formaliz\u00f3 por el delito de robo con violencia.\" width=\"530\" height=\"350\" srcset=\"https:\/\/i0.wp.com\/eltrabajo.cl\/portal\/wp-content\/uploads\/2016\/06\/michael-lecaros1.jpg?w=530&amp;ssl=1 530w, https:\/\/i0.wp.com\/eltrabajo.cl\/portal\/wp-content\/uploads\/2016\/06\/michael-lecaros1.jpg?resize=200%2C132&amp;ssl=1 200w, https:\/\/i0.wp.com\/eltrabajo.cl\/portal\/wp-content\/uploads\/2016\/06\/michael-lecaros1.jpg?resize=300%2C198&amp;ssl=1 300w, https:\/\/i0.wp.com\/eltrabajo.cl\/portal\/wp-content\/uploads\/2016\/06\/michael-lecaros1.jpg?resize=227%2C150&amp;ssl=1 227w, https:\/\/i0.wp.com\/eltrabajo.cl\/portal\/wp-content\/uploads\/2016\/06\/michael-lecaros1.jpg?resize=400%2C264&amp;ssl=1 400w\" sizes=\"auto, (max-width: 530px) 100vw, 530px\" \/><\/a><figcaption id=\"caption-attachment-70392\" class=\"wp-caption-text\">\u2018EL MELLIZO TUERTO\u2019.- Lecaros, pas\u00f3 a control de detenci\u00f3n en el Tribunal de Garant\u00eda de Los Andes donde el fiscal Jorge Alfaro lo formaliz\u00f3 por el delito de robo con violencia.<\/figcaption><\/figure>\n","protected":false},"excerpt":{"rendered":"<p>Uniformados iban de vuelta al regimiento cuando fueron atacados: LOS ANDES.-\u00a0En plena Plaza de Armas de la ciudad andina, con palos y cuchillos, fueron intimidados dos soldados conscriptos del \u2018Regimiento Reforzado Yungay\u2019,&#8230;<\/p>\n","protected":false},"author":1,"featured_media":70392,"comment_status":"open","ping_status":"open","sticky":false,"template":"","format":"standard","meta":{"advanced_seo_description":"","jetpack_seo_html_title":"","jetpack_seo_noindex":false,"_jetpack_memberships_contains_paid_content":false,"footnotes":""},"categories":[21],"tags":[],"class_list":["post-70391","post","type-post","status-publish","format-standard","has-post-thumbnail","hentry","category-policial"],"jetpack_featured_media_url":"https:\/\/i0.wp.com\/eltrabajo.cl\/portal\/wp-content\/uploads\/2016\/06\/michael-lecaros1.jpg?fit=530%2C350&ssl=1","jetpack_sharing_enabled":true,"jetpack_likes_enabled":true,"jetpack-related-posts":[],"_links":{"self":[{"href":"https:\/\/eltrabajo.cl\/portal\/wp-json\/wp\/v2\/posts\/70391","targetHints":{"allow":["GET"]}}],"collection":[{"href":"https:\/\/eltrabajo.cl\/portal\/wp-json\/wp\/v2\/posts"}],"about":[{"href":"https:\/\/eltrabajo.cl\/portal\/wp-json\/wp\/v2\/types\/post"}],"author":[{"embeddable":true,"href":"https:\/\/eltrabajo.cl\/portal\/wp-json\/wp\/v2\/users\/1"}],"replies":[{"embeddable":true,"href":"https:\/\/eltrabajo.cl\/portal\/wp-json\/wp\/v2\/comments?post=70391"}],"version-history":[{"count":0,"href":"https:\/\/eltrabajo.cl\/portal\/wp-json\/wp\/v2\/posts\/70391\/revisions"}],"wp:featuredmedia":[{"embeddable":true,"href":"https:\/\/eltrabajo.cl\/portal\/wp-json\/wp\/v2\/media\/70392"}],"wp:attachment":[{"href":"https:\/\/eltrabajo.cl\/portal\/wp-json\/wp\/v2\/media?parent=70391"}],"wp:term":[{"taxonomy":"category","embeddable":true,"href":"https:\/\/eltrabajo.cl\/portal\/wp-json\/wp\/v2\/categories?post=70391"},{"taxonomy":"post_tag","embeddable":true,"href":"https:\/\/eltrabajo.cl\/portal\/wp-json\/wp\/v2\/tags?post=70391"}],"curies":[{"name":"wp","href":"https:\/\/api.w.org\/{rel}","templated":true}]}}