{"id":70395,"date":"2016-06-02T09:42:14","date_gmt":"2016-06-02T13:42:14","guid":{"rendered":"http:\/\/www.eltrabajo.cl\/portal\/?p=70395"},"modified":"2016-06-02T09:42:14","modified_gmt":"2016-06-02T13:42:14","slug":"camaras-lo-identificaron-robando-especies-desde-un-camion","status":"publish","type":"post","link":"https:\/\/eltrabajo.cl\/portal\/camaras-lo-identificaron-robando-especies-desde-un-camion\/","title":{"rendered":"C\u00e1maras lo identificaron robando especies desde un cami\u00f3n"},"content":{"rendered":"<ul>\n<li><strong>Bicrim de la PDI arrest\u00f3 al imputado:\u00a0Antisocial irrumpi\u00f3 en un parqueadero ubicado en calle Tacna Sur de San Felipe, sustrayendo especies avaluadas en medio mill\u00f3n de pesos.<\/strong><\/li>\n<\/ul>\n<p>Gracias al registro audiovisual de la empresa de transportes Pamparana Limitada, la Brigada de Investigaci\u00f3n Criminal de la PDI de San Felipe, individualiz\u00f3 a un sujeto que irrumpi\u00f3 al interior de un parqueadero para robar diversas especies desde un cami\u00f3n estacionado, avaluadas en $500.000.<br \/>\nLas diligencias policiales se iniciaron luego de una denuncia formulada la ma\u00f1ana de este martes por los afectados, indicando que durante la madrugada, un desconocido escal\u00f3 el cierre perimetral de esta empresa, ubicada en calle Tacna Sur de San Felipe, hasta llegar a uno de los camiones para robar un televisor port\u00e1til, una radio musical y art\u00edculos personales.<br \/>\nLos movimientos que cometi\u00f3 el antisocial, fueron captados por las c\u00e1maras de seguridad del recinto, cuyas im\u00e1genes fueron periciadas por la polic\u00eda, que logr\u00f3 establecer la identidad del imputado identificado como Carlos Vivanco Cort\u00e9s de 23 a\u00f1os de edad.<br \/>\nTras el operativo de la PDI, se logr\u00f3 capturar y arrestar al antisocial que cuenta con antecedentes policiales.<br \/>\nDe esta forma, el sujeto confes\u00f3 haber cometido el delito, entregando las especies a la polic\u00eda que posteriormente fueron devueltas a su propietario.<br \/>\nLos antecedentes del caso fueron puestos a disposici\u00f3n de la Fiscal\u00eda que investigar\u00e1 el delito de robo en lugar no habitado.<br \/>\n<strong>Pablo Salinas Sald\u00edas<\/strong><\/p>\n<figure id=\"attachment_70396\" aria-describedby=\"caption-attachment-70396\" style=\"width: 530px\" class=\"wp-caption alignleft\"><a href=\"http:\/\/www.eltrabajo.cl\/portal\/camaras-lo-identificaron-robando-especies-desde-un-camion\/especies-camion\/\" rel=\"attachment wp-att-70396\"><img data-recalc-dims=\"1\" loading=\"lazy\" decoding=\"async\" class=\"size-full wp-image-70396\" src=\"https:\/\/i0.wp.com\/www.eltrabajo.cl\/portal\/wp-content\/uploads\/2016\/06\/ESPECIES-CAMION.jpg?resize=530%2C348\" alt=\"Diligencias de la Bicrim de la PDI de San Felipe, resolvieron el caso con la captura del antisocial y la recuperaci\u00f3n de las especies robadas al interior de la empresa de transportes en calle Tacna Sur de esta comuna.\" width=\"530\" height=\"348\" srcset=\"https:\/\/i0.wp.com\/eltrabajo.cl\/portal\/wp-content\/uploads\/2016\/06\/ESPECIES-CAMION.jpg?w=530&amp;ssl=1 530w, https:\/\/i0.wp.com\/eltrabajo.cl\/portal\/wp-content\/uploads\/2016\/06\/ESPECIES-CAMION.jpg?resize=200%2C131&amp;ssl=1 200w, https:\/\/i0.wp.com\/eltrabajo.cl\/portal\/wp-content\/uploads\/2016\/06\/ESPECIES-CAMION.jpg?resize=300%2C197&amp;ssl=1 300w, https:\/\/i0.wp.com\/eltrabajo.cl\/portal\/wp-content\/uploads\/2016\/06\/ESPECIES-CAMION.jpg?resize=228%2C150&amp;ssl=1 228w, https:\/\/i0.wp.com\/eltrabajo.cl\/portal\/wp-content\/uploads\/2016\/06\/ESPECIES-CAMION.jpg?resize=400%2C263&amp;ssl=1 400w\" sizes=\"auto, (max-width: 530px) 100vw, 530px\" \/><\/a><figcaption id=\"caption-attachment-70396\" class=\"wp-caption-text\">Diligencias de la Bicrim de la PDI de San Felipe, resolvieron el caso con la captura del antisocial y la recuperaci\u00f3n de las especies robadas al interior de la empresa de transportes en calle Tacna Sur de esta comuna.<\/figcaption><\/figure>\n","protected":false},"excerpt":{"rendered":"<p>Bicrim de la PDI arrest\u00f3 al imputado:\u00a0Antisocial irrumpi\u00f3 en un parqueadero ubicado en calle Tacna Sur de San Felipe, sustrayendo especies avaluadas en medio mill\u00f3n de pesos. Gracias al registro audiovisual de&#8230;<\/p>\n","protected":false},"author":1,"featured_media":70396,"comment_status":"open","ping_status":"open","sticky":false,"template":"","format":"standard","meta":{"advanced_seo_description":"","jetpack_seo_html_title":"","jetpack_seo_noindex":false,"_jetpack_memberships_contains_paid_content":false,"footnotes":""},"categories":[21],"tags":[],"class_list":["post-70395","post","type-post","status-publish","format-standard","has-post-thumbnail","hentry","category-policial"],"jetpack_featured_media_url":"https:\/\/i0.wp.com\/eltrabajo.cl\/portal\/wp-content\/uploads\/2016\/06\/ESPECIES-CAMION.jpg?fit=530%2C348&ssl=1","jetpack_sharing_enabled":true,"jetpack_likes_enabled":true,"jetpack-related-posts":[],"_links":{"self":[{"href":"https:\/\/eltrabajo.cl\/portal\/wp-json\/wp\/v2\/posts\/70395","targetHints":{"allow":["GET"]}}],"collection":[{"href":"https:\/\/eltrabajo.cl\/portal\/wp-json\/wp\/v2\/posts"}],"about":[{"href":"https:\/\/eltrabajo.cl\/portal\/wp-json\/wp\/v2\/types\/post"}],"author":[{"embeddable":true,"href":"https:\/\/eltrabajo.cl\/portal\/wp-json\/wp\/v2\/users\/1"}],"replies":[{"embeddable":true,"href":"https:\/\/eltrabajo.cl\/portal\/wp-json\/wp\/v2\/comments?post=70395"}],"version-history":[{"count":0,"href":"https:\/\/eltrabajo.cl\/portal\/wp-json\/wp\/v2\/posts\/70395\/revisions"}],"wp:featuredmedia":[{"embeddable":true,"href":"https:\/\/eltrabajo.cl\/portal\/wp-json\/wp\/v2\/media\/70396"}],"wp:attachment":[{"href":"https:\/\/eltrabajo.cl\/portal\/wp-json\/wp\/v2\/media?parent=70395"}],"wp:term":[{"taxonomy":"category","embeddable":true,"href":"https:\/\/eltrabajo.cl\/portal\/wp-json\/wp\/v2\/categories?post=70395"},{"taxonomy":"post_tag","embeddable":true,"href":"https:\/\/eltrabajo.cl\/portal\/wp-json\/wp\/v2\/tags?post=70395"}],"curies":[{"name":"wp","href":"https:\/\/api.w.org\/{rel}","templated":true}]}}