{"id":70399,"date":"2016-06-02T09:44:24","date_gmt":"2016-06-02T13:44:24","guid":{"rendered":"http:\/\/www.eltrabajo.cl\/portal\/?p=70399"},"modified":"2016-06-02T09:44:24","modified_gmt":"2016-06-02T13:44:24","slug":"artistas-crearon-gigantesco-mural-en-la-escuela-manuel-rodriguez","status":"publish","type":"post","link":"https:\/\/eltrabajo.cl\/portal\/artistas-crearon-gigantesco-mural-en-la-escuela-manuel-rodriguez\/","title":{"rendered":"Artistas crearon gigantesco mural en la escuela Manuel Rodr\u00edguez"},"content":{"rendered":"<p>Una original propuesta, es la que desarrollaron la semana pasada, tres experimentados muralistas aconcag\u00fcinos en la pared de la entrada principal de la escuela Manuel Rodr\u00edguez. Se trata, de una iniciativa de la agrupaci\u00f3n Umlem (Unidad de Muralistas luchando Ernesto Miranda), la que hace poco terminaron de crear un espl\u00e9ndido mural y hasta el escudo de la escuela en esa pared.<br \/>\n\u00abNuestra agrupaci\u00f3n, cuenta ya con trece a\u00f1os de existencia, somos muralistas y dibujantes que nos autofinanciamos, algunos no tenemos trabajo y en la medida de lo posible tratamos tambi\u00e9n de exponer nuestro trabajo, por si alguna empresa o instituci\u00f3n desea contratarnos o eventualmente permitirnos crear alg\u00fan mural en sus dependencias\u00bb, coment\u00f3 a Diario El Trabajo el encargado del grupo, Nicol\u00e1s L\u00f3pez.<br \/>\nEstos j\u00f3venes artistas del valle, no cobraron un solo peso a la escuela, los ni\u00f1os est\u00e1n muy contentos por la nueva apariencia de su casa estudiantil. El rostro de Manuel Rodr\u00edguez tambi\u00e9n fue dibujado en la pared.<\/p>\n<figure id=\"attachment_70401\" aria-describedby=\"caption-attachment-70401\" style=\"width: 530px\" class=\"wp-caption alignleft\"><a href=\"http:\/\/www.eltrabajo.cl\/portal\/artistas-crearon-gigantesco-mural-en-la-escuela-manuel-rodriguez\/nicolas-lopez\/\" rel=\"attachment wp-att-70401\"><img data-recalc-dims=\"1\" loading=\"lazy\" decoding=\"async\" class=\"size-full wp-image-70401\" src=\"https:\/\/i0.wp.com\/www.eltrabajo.cl\/portal\/wp-content\/uploads\/2016\/06\/Nicolas-Lopez.jpg?resize=530%2C348\" alt=\"Nicol\u00e1s L\u00f3pez, encargado del grupo de muralistas Umlem, cuando empezaba a dibujar a Manuel Rodr\u00edguez en el escudo de esta escuela.\" width=\"530\" height=\"348\" srcset=\"https:\/\/i0.wp.com\/eltrabajo.cl\/portal\/wp-content\/uploads\/2016\/06\/Nicolas-Lopez.jpg?w=530&amp;ssl=1 530w, https:\/\/i0.wp.com\/eltrabajo.cl\/portal\/wp-content\/uploads\/2016\/06\/Nicolas-Lopez.jpg?resize=200%2C131&amp;ssl=1 200w, https:\/\/i0.wp.com\/eltrabajo.cl\/portal\/wp-content\/uploads\/2016\/06\/Nicolas-Lopez.jpg?resize=300%2C197&amp;ssl=1 300w, https:\/\/i0.wp.com\/eltrabajo.cl\/portal\/wp-content\/uploads\/2016\/06\/Nicolas-Lopez.jpg?resize=228%2C150&amp;ssl=1 228w, https:\/\/i0.wp.com\/eltrabajo.cl\/portal\/wp-content\/uploads\/2016\/06\/Nicolas-Lopez.jpg?resize=400%2C263&amp;ssl=1 400w\" sizes=\"auto, (max-width: 530px) 100vw, 530px\" \/><\/a><figcaption id=\"caption-attachment-70401\" class=\"wp-caption-text\">Nicol\u00e1s L\u00f3pez, encargado del grupo de muralistas Umlem, cuando empezaba a dibujar a Manuel Rodr\u00edguez en el escudo de esta escuela.<\/figcaption><\/figure>\n<figure id=\"attachment_70400\" aria-describedby=\"caption-attachment-70400\" style=\"width: 530px\" class=\"wp-caption alignleft\"><a href=\"http:\/\/www.eltrabajo.cl\/portal\/artistas-crearon-gigantesco-mural-en-la-escuela-manuel-rodriguez\/muralistas1-2\/\" rel=\"attachment wp-att-70400\"><img data-recalc-dims=\"1\" loading=\"lazy\" decoding=\"async\" class=\"size-full wp-image-70400\" src=\"https:\/\/i0.wp.com\/www.eltrabajo.cl\/portal\/wp-content\/uploads\/2016\/06\/Muralistas1.jpg?resize=530%2C350\" alt=\"GRANDES ARTISTAS.- Ellos son los muralistas Nury Gonz\u00e1lez, Nicol\u00e1s L\u00f3pez y C\u00e9sar M\u00e1rquez, atr\u00e1s, su obra gigante.\" width=\"530\" height=\"350\" srcset=\"https:\/\/i0.wp.com\/eltrabajo.cl\/portal\/wp-content\/uploads\/2016\/06\/Muralistas1.jpg?w=530&amp;ssl=1 530w, https:\/\/i0.wp.com\/eltrabajo.cl\/portal\/wp-content\/uploads\/2016\/06\/Muralistas1.jpg?resize=200%2C132&amp;ssl=1 200w, https:\/\/i0.wp.com\/eltrabajo.cl\/portal\/wp-content\/uploads\/2016\/06\/Muralistas1.jpg?resize=300%2C198&amp;ssl=1 300w, https:\/\/i0.wp.com\/eltrabajo.cl\/portal\/wp-content\/uploads\/2016\/06\/Muralistas1.jpg?resize=227%2C150&amp;ssl=1 227w, https:\/\/i0.wp.com\/eltrabajo.cl\/portal\/wp-content\/uploads\/2016\/06\/Muralistas1.jpg?resize=400%2C264&amp;ssl=1 400w\" sizes=\"auto, (max-width: 530px) 100vw, 530px\" \/><\/a><figcaption id=\"caption-attachment-70400\" class=\"wp-caption-text\">GRANDES ARTISTAS.- Ellos son los muralistas Nury Gonz\u00e1lez, Nicol\u00e1s L\u00f3pez y C\u00e9sar M\u00e1rquez, atr\u00e1s, su obra gigante.<\/figcaption><\/figure>\n","protected":false},"excerpt":{"rendered":"<p>Una original propuesta, es la que desarrollaron la semana pasada, tres experimentados muralistas aconcag\u00fcinos en la pared de la entrada principal de la escuela Manuel Rodr\u00edguez. Se trata, de una iniciativa de&#8230;<\/p>\n","protected":false},"author":1,"featured_media":70400,"comment_status":"open","ping_status":"open","sticky":false,"template":"","format":"standard","meta":{"advanced_seo_description":"","jetpack_seo_html_title":"","jetpack_seo_noindex":false,"_jetpack_memberships_contains_paid_content":false,"footnotes":""},"categories":[15],"tags":[],"class_list":["post-70399","post","type-post","status-publish","format-standard","has-post-thumbnail","hentry","category-comunidad"],"jetpack_featured_media_url":"https:\/\/i0.wp.com\/eltrabajo.cl\/portal\/wp-content\/uploads\/2016\/06\/Muralistas1.jpg?fit=530%2C350&ssl=1","jetpack_sharing_enabled":true,"jetpack_likes_enabled":true,"jetpack-related-posts":[],"_links":{"self":[{"href":"https:\/\/eltrabajo.cl\/portal\/wp-json\/wp\/v2\/posts\/70399","targetHints":{"allow":["GET"]}}],"collection":[{"href":"https:\/\/eltrabajo.cl\/portal\/wp-json\/wp\/v2\/posts"}],"about":[{"href":"https:\/\/eltrabajo.cl\/portal\/wp-json\/wp\/v2\/types\/post"}],"author":[{"embeddable":true,"href":"https:\/\/eltrabajo.cl\/portal\/wp-json\/wp\/v2\/users\/1"}],"replies":[{"embeddable":true,"href":"https:\/\/eltrabajo.cl\/portal\/wp-json\/wp\/v2\/comments?post=70399"}],"version-history":[{"count":0,"href":"https:\/\/eltrabajo.cl\/portal\/wp-json\/wp\/v2\/posts\/70399\/revisions"}],"wp:featuredmedia":[{"embeddable":true,"href":"https:\/\/eltrabajo.cl\/portal\/wp-json\/wp\/v2\/media\/70400"}],"wp:attachment":[{"href":"https:\/\/eltrabajo.cl\/portal\/wp-json\/wp\/v2\/media?parent=70399"}],"wp:term":[{"taxonomy":"category","embeddable":true,"href":"https:\/\/eltrabajo.cl\/portal\/wp-json\/wp\/v2\/categories?post=70399"},{"taxonomy":"post_tag","embeddable":true,"href":"https:\/\/eltrabajo.cl\/portal\/wp-json\/wp\/v2\/tags?post=70399"}],"curies":[{"name":"wp","href":"https:\/\/api.w.org\/{rel}","templated":true}]}}