{"id":70412,"date":"2016-06-02T09:59:18","date_gmt":"2016-06-02T13:59:18","guid":{"rendered":"http:\/\/www.eltrabajo.cl\/portal\/?p=70412"},"modified":"2016-06-02T09:59:18","modified_gmt":"2016-06-02T13:59:18","slug":"el-11-de-junio-sera-tradicional-encuentro-de-exalumnos-del-liceo-de-hombres","status":"publish","type":"post","link":"https:\/\/eltrabajo.cl\/portal\/el-11-de-junio-sera-tradicional-encuentro-de-exalumnos-del-liceo-de-hombres\/","title":{"rendered":"El 11 de junio ser\u00e1 tradicional encuentro de Exalumnos del Liceo de Hombres"},"content":{"rendered":"<p>El pr\u00f3ximo s\u00e1bado 11 de junio a partir de las 10,30 horas, comenzar\u00e1 a desarrollarse el tradicional encuentro anual de Exalumnos del emblem\u00e1tico Liceo de Hombres de San Felipe, hoy conocido como Liceo Roberto Humeres Oyaneder.<br \/>\nAs\u00ed lo informaron Ver\u00f3nica Bibiano y Julia Salgado, ambas funcionarias de dicho establecimiento, quienes invitaron a todos los exalumnos a este encuentro en el que se festejan adem\u00e1s orgullosos los 178 a\u00f1os de existencia del establecimiento, uno de los primeros centros de ense\u00f1anza secundaria creado en nuestro pa\u00eds bajo el gobierno de Jos\u00e9 Joaqu\u00edn Prieto, cuya administraci\u00f3n se caracteriz\u00f3 por notables obras de progreso, correspondiendo a su Ministro Mariano Ega\u00f1a, firmar el decreto que autoriz\u00f3 su creaci\u00f3n el martes 5 de Junio de 1838.<br \/>\nLa actividad se inicia con la recepci\u00f3n de los exalumnos en el hall del liceo, como ya se dijo a las 10,30 horas. A las 11,00 se realizar\u00e1 el acto oficial en el Teatro del Liceo. Una hora despu\u00e9s, al mediod\u00eda, se contempla la formaci\u00f3n en el frontis del establecimiento, para a las 12,30 horas iniciar el acto central y tradicional desfile en la Plaza C\u00edvica. Finalmente, a las 13,30 horas, los exalumnos disfrutar\u00e1n del almuerzo conmemorativo que cada a\u00f1o se realiza en el comedor del liceo.<br \/>\nLa adhesi\u00f3n al almuerzo tiene un costo de 10 mil pesos por persona, el que considera diversos gastos como personal de servicio, entrega de distinciones, entre otros gastos. Consultas y reservas se pueden realizar al fono 34 2 510033 o al correo liceorobertohumer es@gmail.com.<\/p>\n<figure id=\"attachment_70413\" aria-describedby=\"caption-attachment-70413\" style=\"width: 530px\" class=\"wp-caption alignleft\"><a href=\"http:\/\/www.eltrabajo.cl\/portal\/el-11-de-junio-sera-tradicional-encuentro-de-exalumnos-del-liceo-de-hombres\/encuentro-anual-exalumnos-liceo-hombres\/\" rel=\"attachment wp-att-70413\"><img data-recalc-dims=\"1\" loading=\"lazy\" decoding=\"async\" class=\"wp-image-70413 size-full\" src=\"https:\/\/i0.wp.com\/www.eltrabajo.cl\/portal\/wp-content\/uploads\/2016\/06\/encuentro-anual-exalumnos-liceo-hombres.jpg?resize=530%2C350\" alt=\"Cientos de exalumnos del Liceo de Hombres se re\u00fanen cada a\u00f1o para el aniversario del establecimiento, para recordar a aquellos compa\u00f1eros que formaron parte importante de sus vidas. (Archivo).\" width=\"530\" height=\"350\" srcset=\"https:\/\/i0.wp.com\/eltrabajo.cl\/portal\/wp-content\/uploads\/2016\/06\/encuentro-anual-exalumnos-liceo-hombres.jpg?w=530&amp;ssl=1 530w, https:\/\/i0.wp.com\/eltrabajo.cl\/portal\/wp-content\/uploads\/2016\/06\/encuentro-anual-exalumnos-liceo-hombres.jpg?resize=200%2C132&amp;ssl=1 200w, https:\/\/i0.wp.com\/eltrabajo.cl\/portal\/wp-content\/uploads\/2016\/06\/encuentro-anual-exalumnos-liceo-hombres.jpg?resize=300%2C198&amp;ssl=1 300w, https:\/\/i0.wp.com\/eltrabajo.cl\/portal\/wp-content\/uploads\/2016\/06\/encuentro-anual-exalumnos-liceo-hombres.jpg?resize=227%2C150&amp;ssl=1 227w, https:\/\/i0.wp.com\/eltrabajo.cl\/portal\/wp-content\/uploads\/2016\/06\/encuentro-anual-exalumnos-liceo-hombres.jpg?resize=400%2C264&amp;ssl=1 400w\" sizes=\"auto, (max-width: 530px) 100vw, 530px\" \/><\/a><figcaption id=\"caption-attachment-70413\" class=\"wp-caption-text\">Cientos de exalumnos del Liceo de Hombres se re\u00fanen cada a\u00f1o para el aniversario del establecimiento, para recordar a aquellos compa\u00f1eros que formaron parte importante de sus vidas. (Archivo).<\/figcaption><\/figure>\n<figure id=\"attachment_70414\" aria-describedby=\"caption-attachment-70414\" style=\"width: 530px\" class=\"wp-caption alignleft\"><a href=\"http:\/\/www.eltrabajo.cl\/portal\/el-11-de-junio-sera-tradicional-encuentro-de-exalumnos-del-liceo-de-hombres\/img_3385\/\" rel=\"attachment wp-att-70414\"><img data-recalc-dims=\"1\" loading=\"lazy\" decoding=\"async\" class=\"wp-image-70414 size-full\" src=\"https:\/\/i0.wp.com\/www.eltrabajo.cl\/portal\/wp-content\/uploads\/2016\/06\/IMG_3385.jpg?resize=530%2C350\" alt=\"Cientos de exalumnos del Liceo de Hombres se re\u00fanen cada a\u00f1o para el aniversario del establecimiento, para recordar a aquellos compa\u00f1eros que formaron parte importante de sus vidas. (Archivo).\" width=\"530\" height=\"350\" srcset=\"https:\/\/i0.wp.com\/eltrabajo.cl\/portal\/wp-content\/uploads\/2016\/06\/IMG_3385.jpg?w=530&amp;ssl=1 530w, https:\/\/i0.wp.com\/eltrabajo.cl\/portal\/wp-content\/uploads\/2016\/06\/IMG_3385.jpg?resize=200%2C132&amp;ssl=1 200w, https:\/\/i0.wp.com\/eltrabajo.cl\/portal\/wp-content\/uploads\/2016\/06\/IMG_3385.jpg?resize=300%2C198&amp;ssl=1 300w, https:\/\/i0.wp.com\/eltrabajo.cl\/portal\/wp-content\/uploads\/2016\/06\/IMG_3385.jpg?resize=227%2C150&amp;ssl=1 227w, https:\/\/i0.wp.com\/eltrabajo.cl\/portal\/wp-content\/uploads\/2016\/06\/IMG_3385.jpg?resize=400%2C264&amp;ssl=1 400w\" sizes=\"auto, (max-width: 530px) 100vw, 530px\" \/><\/a><figcaption id=\"caption-attachment-70414\" class=\"wp-caption-text\">Cientos de exalumnos del Liceo de Hombres se re\u00fanen cada a\u00f1o para el aniversario del establecimiento, para recordar a aquellos compa\u00f1eros que formaron parte importante de sus vidas. (Archivo).<\/figcaption><\/figure>\n<figure id=\"attachment_70415\" aria-describedby=\"caption-attachment-70415\" style=\"width: 530px\" class=\"wp-caption alignleft\"><a href=\"http:\/\/www.eltrabajo.cl\/portal\/el-11-de-junio-sera-tradicional-encuentro-de-exalumnos-del-liceo-de-hombres\/img_3453\/\" rel=\"attachment wp-att-70415\"><img data-recalc-dims=\"1\" loading=\"lazy\" decoding=\"async\" class=\"wp-image-70415 size-full\" src=\"https:\/\/i0.wp.com\/www.eltrabajo.cl\/portal\/wp-content\/uploads\/2016\/06\/IMG_3453.jpg?resize=530%2C349\" alt=\"Cientos de exalumnos del Liceo de Hombres se re\u00fanen cada a\u00f1o para el aniversario del establecimiento, para recordar a aquellos compa\u00f1eros que formaron parte importante de sus vidas. (Archivo).\" width=\"530\" height=\"349\" srcset=\"https:\/\/i0.wp.com\/eltrabajo.cl\/portal\/wp-content\/uploads\/2016\/06\/IMG_3453.jpg?w=530&amp;ssl=1 530w, https:\/\/i0.wp.com\/eltrabajo.cl\/portal\/wp-content\/uploads\/2016\/06\/IMG_3453.jpg?resize=200%2C132&amp;ssl=1 200w, https:\/\/i0.wp.com\/eltrabajo.cl\/portal\/wp-content\/uploads\/2016\/06\/IMG_3453.jpg?resize=300%2C198&amp;ssl=1 300w, https:\/\/i0.wp.com\/eltrabajo.cl\/portal\/wp-content\/uploads\/2016\/06\/IMG_3453.jpg?resize=228%2C150&amp;ssl=1 228w, https:\/\/i0.wp.com\/eltrabajo.cl\/portal\/wp-content\/uploads\/2016\/06\/IMG_3453.jpg?resize=400%2C263&amp;ssl=1 400w\" sizes=\"auto, (max-width: 530px) 100vw, 530px\" \/><\/a><figcaption id=\"caption-attachment-70415\" class=\"wp-caption-text\">Cientos de exalumnos del Liceo de Hombres se re\u00fanen cada a\u00f1o para el aniversario del establecimiento, para recordar a aquellos compa\u00f1eros que formaron parte importante de sus vidas. (Archivo).<\/figcaption><\/figure>\n<figure id=\"attachment_70416\" aria-describedby=\"caption-attachment-70416\" style=\"width: 530px\" class=\"wp-caption alignleft\"><a href=\"http:\/\/www.eltrabajo.cl\/portal\/el-11-de-junio-sera-tradicional-encuentro-de-exalumnos-del-liceo-de-hombres\/img_3459\/\" rel=\"attachment wp-att-70416\"><img data-recalc-dims=\"1\" loading=\"lazy\" decoding=\"async\" class=\"wp-image-70416 size-full\" src=\"https:\/\/i0.wp.com\/www.eltrabajo.cl\/portal\/wp-content\/uploads\/2016\/06\/IMG_3459.jpg?resize=530%2C350\" alt=\"Cientos de exalumnos del Liceo de Hombres se re\u00fanen cada a\u00f1o para el aniversario del establecimiento, para recordar a aquellos compa\u00f1eros que formaron parte importante de sus vidas. (Archivo).\" width=\"530\" height=\"350\" srcset=\"https:\/\/i0.wp.com\/eltrabajo.cl\/portal\/wp-content\/uploads\/2016\/06\/IMG_3459.jpg?w=530&amp;ssl=1 530w, https:\/\/i0.wp.com\/eltrabajo.cl\/portal\/wp-content\/uploads\/2016\/06\/IMG_3459.jpg?resize=200%2C132&amp;ssl=1 200w, https:\/\/i0.wp.com\/eltrabajo.cl\/portal\/wp-content\/uploads\/2016\/06\/IMG_3459.jpg?resize=300%2C198&amp;ssl=1 300w, https:\/\/i0.wp.com\/eltrabajo.cl\/portal\/wp-content\/uploads\/2016\/06\/IMG_3459.jpg?resize=227%2C150&amp;ssl=1 227w, https:\/\/i0.wp.com\/eltrabajo.cl\/portal\/wp-content\/uploads\/2016\/06\/IMG_3459.jpg?resize=400%2C264&amp;ssl=1 400w\" sizes=\"auto, (max-width: 530px) 100vw, 530px\" \/><\/a><figcaption id=\"caption-attachment-70416\" class=\"wp-caption-text\">Cientos de exalumnos del Liceo de Hombres se re\u00fanen cada a\u00f1o para el aniversario del establecimiento, para recordar a aquellos compa\u00f1eros que formaron parte importante de sus vidas. (Archivo).<\/figcaption><\/figure>\n<figure id=\"attachment_70417\" aria-describedby=\"caption-attachment-70417\" style=\"width: 530px\" class=\"wp-caption alignleft\"><a href=\"http:\/\/www.eltrabajo.cl\/portal\/el-11-de-junio-sera-tradicional-encuentro-de-exalumnos-del-liceo-de-hombres\/img_3579\/\" rel=\"attachment wp-att-70417\"><img data-recalc-dims=\"1\" loading=\"lazy\" decoding=\"async\" class=\"wp-image-70417 size-full\" src=\"https:\/\/i0.wp.com\/www.eltrabajo.cl\/portal\/wp-content\/uploads\/2016\/06\/IMG_3579.jpg?resize=530%2C349\" alt=\"Cientos de exalumnos del Liceo de Hombres se re\u00fanen cada a\u00f1o para el aniversario del establecimiento, para recordar a aquellos compa\u00f1eros que formaron parte importante de sus vidas. (Archivo).\" width=\"530\" height=\"349\" srcset=\"https:\/\/i0.wp.com\/eltrabajo.cl\/portal\/wp-content\/uploads\/2016\/06\/IMG_3579.jpg?w=530&amp;ssl=1 530w, https:\/\/i0.wp.com\/eltrabajo.cl\/portal\/wp-content\/uploads\/2016\/06\/IMG_3579.jpg?resize=200%2C132&amp;ssl=1 200w, https:\/\/i0.wp.com\/eltrabajo.cl\/portal\/wp-content\/uploads\/2016\/06\/IMG_3579.jpg?resize=300%2C198&amp;ssl=1 300w, https:\/\/i0.wp.com\/eltrabajo.cl\/portal\/wp-content\/uploads\/2016\/06\/IMG_3579.jpg?resize=228%2C150&amp;ssl=1 228w, https:\/\/i0.wp.com\/eltrabajo.cl\/portal\/wp-content\/uploads\/2016\/06\/IMG_3579.jpg?resize=400%2C263&amp;ssl=1 400w\" sizes=\"auto, (max-width: 530px) 100vw, 530px\" \/><\/a><figcaption id=\"caption-attachment-70417\" class=\"wp-caption-text\">Cientos de exalumnos del Liceo de Hombres se re\u00fanen cada a\u00f1o para el aniversario del establecimiento, para recordar a aquellos compa\u00f1eros que formaron parte importante de sus vidas. (Archivo).<\/figcaption><\/figure>\n","protected":false},"excerpt":{"rendered":"<p>El pr\u00f3ximo s\u00e1bado 11 de junio a partir de las 10,30 horas, comenzar\u00e1 a desarrollarse el tradicional encuentro anual de Exalumnos del emblem\u00e1tico Liceo de Hombres de San Felipe, hoy conocido como&#8230;<\/p>\n","protected":false},"author":1,"featured_media":70413,"comment_status":"open","ping_status":"open","sticky":false,"template":"","format":"standard","meta":{"advanced_seo_description":"","jetpack_seo_html_title":"","jetpack_seo_noindex":false,"_jetpack_memberships_contains_paid_content":false,"footnotes":""},"categories":[1],"tags":[],"class_list":["post-70412","post","type-post","status-publish","format-standard","has-post-thumbnail","hentry","category-cronica"],"jetpack_featured_media_url":"https:\/\/i0.wp.com\/eltrabajo.cl\/portal\/wp-content\/uploads\/2016\/06\/encuentro-anual-exalumnos-liceo-hombres.jpg?fit=530%2C350&ssl=1","jetpack_sharing_enabled":true,"jetpack_likes_enabled":true,"jetpack-related-posts":[],"_links":{"self":[{"href":"https:\/\/eltrabajo.cl\/portal\/wp-json\/wp\/v2\/posts\/70412","targetHints":{"allow":["GET"]}}],"collection":[{"href":"https:\/\/eltrabajo.cl\/portal\/wp-json\/wp\/v2\/posts"}],"about":[{"href":"https:\/\/eltrabajo.cl\/portal\/wp-json\/wp\/v2\/types\/post"}],"author":[{"embeddable":true,"href":"https:\/\/eltrabajo.cl\/portal\/wp-json\/wp\/v2\/users\/1"}],"replies":[{"embeddable":true,"href":"https:\/\/eltrabajo.cl\/portal\/wp-json\/wp\/v2\/comments?post=70412"}],"version-history":[{"count":0,"href":"https:\/\/eltrabajo.cl\/portal\/wp-json\/wp\/v2\/posts\/70412\/revisions"}],"wp:featuredmedia":[{"embeddable":true,"href":"https:\/\/eltrabajo.cl\/portal\/wp-json\/wp\/v2\/media\/70413"}],"wp:attachment":[{"href":"https:\/\/eltrabajo.cl\/portal\/wp-json\/wp\/v2\/media?parent=70412"}],"wp:term":[{"taxonomy":"category","embeddable":true,"href":"https:\/\/eltrabajo.cl\/portal\/wp-json\/wp\/v2\/categories?post=70412"},{"taxonomy":"post_tag","embeddable":true,"href":"https:\/\/eltrabajo.cl\/portal\/wp-json\/wp\/v2\/tags?post=70412"}],"curies":[{"name":"wp","href":"https:\/\/api.w.org\/{rel}","templated":true}]}}