{"id":70421,"date":"2016-06-02T10:02:47","date_gmt":"2016-06-02T14:02:47","guid":{"rendered":"http:\/\/www.eltrabajo.cl\/portal\/?p=70421"},"modified":"2016-06-02T10:02:47","modified_gmt":"2016-06-02T14:02:47","slug":"inspeccionan-y-denuncian-trabajo-minero-ilegal-en-sector-jahuel","status":"publish","type":"post","link":"https:\/\/eltrabajo.cl\/portal\/inspeccionan-y-denuncian-trabajo-minero-ilegal-en-sector-jahuel\/","title":{"rendered":"Inspeccionan y denuncian \u2018trabajo minero ilegal\u2019 en sector Jahuel"},"content":{"rendered":"<p><strong>SANTA MAR\u00cdA<\/strong>.- Una inspecci\u00f3n llevada a cabo por la directiva de la comunidad de Campo Jahuel constat\u00f3, hace un par de d\u00edas, el \u201ctrabajo ilegal e instalaciones invasivas fuera de la ley\u201d, de una empresa identificada como Geomineral en tierras de la comunidad, por lo tanto entablaron acciones legales al respecto.<br \/>\nEl hecho qued\u00f3 al descubierto cuando varios vecinos del Valle de Jahuel vieron luces y movimiento a medio cerro al interior de la propiedad de la comunidad de Campo. A ra\u00edz de esto, el presidente de la comunidad de Campo, Guillermo Ibaceta, acompa\u00f1ado de Leopoldo Herrera, miembro de la directiva, y un equipo de fotograf\u00eda, subieron hasta el cord\u00f3n que divide las comunidades de Campos de Jahuel con la de Campos de Ahumada, y descubrieron a la empresa citada, en plena faena de extracci\u00f3n del material en terrenos que sobrepasan en algunas centenas de metros el l\u00edmite de las propiedades, que a su vez son l\u00edmites comunales y provinciales, muy delimitados por las ca\u00edda de las aguas, por lo tanto claramente detectables, para supuestos profesionales que deben trabajar en su labor minera con georeferenciaci\u00f3n. Por lo tanto, en esta acci\u00f3n, se\u00f1al\u00f3 Guillermo Ibaceta, se puede observar dolo, o sea, intenciones claras de infringir la ley y usurpar terrenos a los cuales no tienen acceso autorizado.<br \/>\nPor tal motivo, dijo que en el acto se interpondr\u00eda una querella por usurpaci\u00f3n y extracci\u00f3n de metales y remoci\u00f3n de terrenos sin autorizaci\u00f3n de ning\u00fan tipo; \u201cBueno, efectivamente es cierto, estos se\u00f1ores est\u00e1n trabajando por el lado de nosotros, y ese era el prop\u00f3sito de esta visita y fue como sucedi\u00f3, encontramos caminos y huella de maquinaria que demuestra la clara intenci\u00f3n que ellos ten\u00edan de adentrarse a\u00fan m\u00e1s a las tierras de Jahuel. Por lo tanto, se han presentado querellas y denuncias por usurpaci\u00f3n y por extraer material y trabajar sin tener las autorizaciones respectivas ni la servidumbre de paso de la comunidad de Campo Jahuel.<br \/>\n\u201cCabe preguntarse \u00bfd\u00f3nde est\u00e1 la fiscalizaci\u00f3n de la Serem\u00eda de Miner\u00eda o de Sernageomin?, que permiten actividad minera, sin comprobar que dichas faenas est\u00e9n instaladas legalmente. Situaci\u00f3n que nuevamente pone en tensi\u00f3n a la comunidad de Jahuel, donde existe una gran parte de moradores que ya no tienen paciencia para esperar acciones judiciales y amenazan con tomar acciones por su cuenta, como afectados de esta nueva invasi\u00f3n\u201d, concluy\u00f3.<br \/>\n<strong>Roberto Mercado Aced<\/strong><\/p>\n<figure id=\"attachment_70422\" aria-describedby=\"caption-attachment-70422\" style=\"width: 530px\" class=\"wp-caption alignleft\"><a href=\"http:\/\/www.eltrabajo.cl\/portal\/inspeccionan-y-denuncian-trabajo-minero-ilegal-en-sector-jahuel\/jahuel-violentado-imagen-fija001\/\" rel=\"attachment wp-att-70422\"><img data-recalc-dims=\"1\" loading=\"lazy\" decoding=\"async\" class=\"wp-image-70422 size-full\" src=\"https:\/\/i0.wp.com\/www.eltrabajo.cl\/portal\/wp-content\/uploads\/2016\/06\/Jahuel-Violentado.Imagen-fija001.jpg?resize=530%2C348\" alt=\"Vecinos del  sector, vieron luces y movimiento a medio cerro, al interior de la propiedad de la comunidad de Campo. Al acercarse al lugar, pudieron observar la extracci\u00f3n con maquinarias y mano de obra humana.\" width=\"530\" height=\"348\" srcset=\"https:\/\/i0.wp.com\/eltrabajo.cl\/portal\/wp-content\/uploads\/2016\/06\/Jahuel-Violentado.Imagen-fija001.jpg?w=530&amp;ssl=1 530w, https:\/\/i0.wp.com\/eltrabajo.cl\/portal\/wp-content\/uploads\/2016\/06\/Jahuel-Violentado.Imagen-fija001.jpg?resize=200%2C131&amp;ssl=1 200w, https:\/\/i0.wp.com\/eltrabajo.cl\/portal\/wp-content\/uploads\/2016\/06\/Jahuel-Violentado.Imagen-fija001.jpg?resize=300%2C197&amp;ssl=1 300w, https:\/\/i0.wp.com\/eltrabajo.cl\/portal\/wp-content\/uploads\/2016\/06\/Jahuel-Violentado.Imagen-fija001.jpg?resize=228%2C150&amp;ssl=1 228w, https:\/\/i0.wp.com\/eltrabajo.cl\/portal\/wp-content\/uploads\/2016\/06\/Jahuel-Violentado.Imagen-fija001.jpg?resize=400%2C263&amp;ssl=1 400w\" sizes=\"auto, (max-width: 530px) 100vw, 530px\" \/><\/a><figcaption id=\"caption-attachment-70422\" class=\"wp-caption-text\">Vecinos del sector, vieron luces y movimiento a medio cerro, al interior de la propiedad de la comunidad de Campo. Al acercarse al lugar, pudieron observar la extracci\u00f3n con maquinarias y mano de obra humana.<\/figcaption><\/figure>\n<figure id=\"attachment_70423\" aria-describedby=\"caption-attachment-70423\" style=\"width: 300px\" class=\"wp-caption alignleft\"><a href=\"http:\/\/www.eltrabajo.cl\/portal\/inspeccionan-y-denuncian-trabajo-minero-ilegal-en-sector-jahuel\/jahuel-violentado-imagen-fija002\/\" rel=\"attachment wp-att-70423\"><img data-recalc-dims=\"1\" loading=\"lazy\" decoding=\"async\" class=\"size-medium wp-image-70423\" src=\"https:\/\/i0.wp.com\/www.eltrabajo.cl\/portal\/wp-content\/uploads\/2016\/06\/Jahuel-Violentado.Imagen-fija002-300x198.jpg?resize=300%2C198\" alt=\"La directiva formada por vecinos de las comunidades de Campo, informaron que, no tolerar\u00edan esta situaci\u00f3n, por lo tanto, iniciaron acciones legales, en contra de la empresa.\" width=\"300\" height=\"198\" srcset=\"https:\/\/i0.wp.com\/eltrabajo.cl\/portal\/wp-content\/uploads\/2016\/06\/Jahuel-Violentado.Imagen-fija002.jpg?resize=300%2C198&amp;ssl=1 300w, https:\/\/i0.wp.com\/eltrabajo.cl\/portal\/wp-content\/uploads\/2016\/06\/Jahuel-Violentado.Imagen-fija002.jpg?resize=200%2C132&amp;ssl=1 200w, https:\/\/i0.wp.com\/eltrabajo.cl\/portal\/wp-content\/uploads\/2016\/06\/Jahuel-Violentado.Imagen-fija002.jpg?resize=227%2C150&amp;ssl=1 227w, https:\/\/i0.wp.com\/eltrabajo.cl\/portal\/wp-content\/uploads\/2016\/06\/Jahuel-Violentado.Imagen-fija002.jpg?resize=400%2C264&amp;ssl=1 400w, https:\/\/i0.wp.com\/eltrabajo.cl\/portal\/wp-content\/uploads\/2016\/06\/Jahuel-Violentado.Imagen-fija002.jpg?w=530&amp;ssl=1 530w\" sizes=\"auto, (max-width: 300px) 100vw, 300px\" \/><\/a><figcaption id=\"caption-attachment-70423\" class=\"wp-caption-text\">La directiva formada por vecinos de las comunidades de Campo, informaron que, no tolerar\u00edan esta situaci\u00f3n, por lo tanto, iniciaron acciones legales, en contra de la empresa.<\/figcaption><\/figure>\n<figure id=\"attachment_70424\" aria-describedby=\"caption-attachment-70424\" style=\"width: 300px\" class=\"wp-caption alignleft\"><a href=\"http:\/\/www.eltrabajo.cl\/portal\/inspeccionan-y-denuncian-trabajo-minero-ilegal-en-sector-jahuel\/jahuel-violentado-imagen-fija003\/\" rel=\"attachment wp-att-70424\"><img data-recalc-dims=\"1\" loading=\"lazy\" decoding=\"async\" class=\"size-medium wp-image-70424\" src=\"https:\/\/i0.wp.com\/www.eltrabajo.cl\/portal\/wp-content\/uploads\/2016\/06\/Jahuel-Violentado.Imagen-fija003-300x198.jpg?resize=300%2C198\" alt=\"La empresa fue identificada como Geomineral,  y est\u00e1 ejecutando trabajos ilegales y forjando instalaciones invasivas fuera de la ley.\" width=\"300\" height=\"198\" srcset=\"https:\/\/i0.wp.com\/eltrabajo.cl\/portal\/wp-content\/uploads\/2016\/06\/Jahuel-Violentado.Imagen-fija003.jpg?resize=300%2C198&amp;ssl=1 300w, https:\/\/i0.wp.com\/eltrabajo.cl\/portal\/wp-content\/uploads\/2016\/06\/Jahuel-Violentado.Imagen-fija003.jpg?resize=200%2C132&amp;ssl=1 200w, https:\/\/i0.wp.com\/eltrabajo.cl\/portal\/wp-content\/uploads\/2016\/06\/Jahuel-Violentado.Imagen-fija003.jpg?resize=227%2C150&amp;ssl=1 227w, https:\/\/i0.wp.com\/eltrabajo.cl\/portal\/wp-content\/uploads\/2016\/06\/Jahuel-Violentado.Imagen-fija003.jpg?resize=400%2C264&amp;ssl=1 400w, https:\/\/i0.wp.com\/eltrabajo.cl\/portal\/wp-content\/uploads\/2016\/06\/Jahuel-Violentado.Imagen-fija003.jpg?w=530&amp;ssl=1 530w\" sizes=\"auto, (max-width: 300px) 100vw, 300px\" \/><\/a><figcaption id=\"caption-attachment-70424\" class=\"wp-caption-text\">La empresa fue identificada como Geomineral, y est\u00e1 ejecutando trabajos ilegales y forjando instalaciones invasivas fuera de la ley.<\/figcaption><\/figure>\n","protected":false},"excerpt":{"rendered":"<p>SANTA MAR\u00cdA.- Una inspecci\u00f3n llevada a cabo por la directiva de la comunidad de Campo Jahuel constat\u00f3, hace un par de d\u00edas, el \u201ctrabajo ilegal e instalaciones invasivas fuera de la ley\u201d,&#8230;<\/p>\n","protected":false},"author":1,"featured_media":70422,"comment_status":"open","ping_status":"open","sticky":false,"template":"","format":"standard","meta":{"advanced_seo_description":"","jetpack_seo_html_title":"","jetpack_seo_noindex":false,"_jetpack_memberships_contains_paid_content":false,"footnotes":""},"categories":[1],"tags":[],"class_list":["post-70421","post","type-post","status-publish","format-standard","has-post-thumbnail","hentry","category-cronica"],"jetpack_featured_media_url":"https:\/\/i0.wp.com\/eltrabajo.cl\/portal\/wp-content\/uploads\/2016\/06\/Jahuel-Violentado.Imagen-fija001.jpg?fit=530%2C348&ssl=1","jetpack_sharing_enabled":true,"jetpack_likes_enabled":true,"jetpack-related-posts":[],"_links":{"self":[{"href":"https:\/\/eltrabajo.cl\/portal\/wp-json\/wp\/v2\/posts\/70421","targetHints":{"allow":["GET"]}}],"collection":[{"href":"https:\/\/eltrabajo.cl\/portal\/wp-json\/wp\/v2\/posts"}],"about":[{"href":"https:\/\/eltrabajo.cl\/portal\/wp-json\/wp\/v2\/types\/post"}],"author":[{"embeddable":true,"href":"https:\/\/eltrabajo.cl\/portal\/wp-json\/wp\/v2\/users\/1"}],"replies":[{"embeddable":true,"href":"https:\/\/eltrabajo.cl\/portal\/wp-json\/wp\/v2\/comments?post=70421"}],"version-history":[{"count":0,"href":"https:\/\/eltrabajo.cl\/portal\/wp-json\/wp\/v2\/posts\/70421\/revisions"}],"wp:featuredmedia":[{"embeddable":true,"href":"https:\/\/eltrabajo.cl\/portal\/wp-json\/wp\/v2\/media\/70422"}],"wp:attachment":[{"href":"https:\/\/eltrabajo.cl\/portal\/wp-json\/wp\/v2\/media?parent=70421"}],"wp:term":[{"taxonomy":"category","embeddable":true,"href":"https:\/\/eltrabajo.cl\/portal\/wp-json\/wp\/v2\/categories?post=70421"},{"taxonomy":"post_tag","embeddable":true,"href":"https:\/\/eltrabajo.cl\/portal\/wp-json\/wp\/v2\/tags?post=70421"}],"curies":[{"name":"wp","href":"https:\/\/api.w.org\/{rel}","templated":true}]}}