{"id":70428,"date":"2016-06-02T10:07:25","date_gmt":"2016-06-02T14:07:25","guid":{"rendered":"http:\/\/www.eltrabajo.cl\/portal\/?p=70428"},"modified":"2016-06-02T10:07:25","modified_gmt":"2016-06-02T14:07:25","slug":"directo-a-la-carcel-fue-enviado-antisocial-que-fue-reducido-por-ciudadanos","status":"publish","type":"post","link":"https:\/\/eltrabajo.cl\/portal\/directo-a-la-carcel-fue-enviado-antisocial-que-fue-reducido-por-ciudadanos\/","title":{"rendered":"Directo a la c\u00e1rcel fue enviado antisocial que fue reducido por ciudadanos"},"content":{"rendered":"<figure id=\"attachment_70430\" aria-describedby=\"caption-attachment-70430\" style=\"width: 300px\" class=\"wp-caption alignleft\"><a href=\"http:\/\/www.eltrabajo.cl\/portal\/directo-a-la-carcel-fue-enviado-antisocial-que-fue-reducido-por-ciudadanos\/felipe-torres-fernandez\/\" rel=\"attachment wp-att-70430\"><img data-recalc-dims=\"1\" loading=\"lazy\" decoding=\"async\" class=\"size-medium wp-image-70430\" src=\"https:\/\/i0.wp.com\/www.eltrabajo.cl\/portal\/wp-content\/uploads\/2016\/06\/FELIPE-TORRES-FERNANDEZ-300x198.jpg?resize=300%2C198\" alt=\"TRAS LAS REJAS: Felipe Torres Fern\u00e1ndez, quien posee antecedentes un amplio prontuario delictivo, se encuentra en \u2018prisi\u00f3n preventiva\u2019 por representar un peligro para la sociedad.\" width=\"300\" height=\"198\" srcset=\"https:\/\/i0.wp.com\/eltrabajo.cl\/portal\/wp-content\/uploads\/2016\/06\/FELIPE-TORRES-FERNANDEZ.jpg?resize=300%2C198&amp;ssl=1 300w, https:\/\/i0.wp.com\/eltrabajo.cl\/portal\/wp-content\/uploads\/2016\/06\/FELIPE-TORRES-FERNANDEZ.jpg?resize=200%2C132&amp;ssl=1 200w, https:\/\/i0.wp.com\/eltrabajo.cl\/portal\/wp-content\/uploads\/2016\/06\/FELIPE-TORRES-FERNANDEZ.jpg?resize=228%2C150&amp;ssl=1 228w, https:\/\/i0.wp.com\/eltrabajo.cl\/portal\/wp-content\/uploads\/2016\/06\/FELIPE-TORRES-FERNANDEZ.jpg?resize=400%2C263&amp;ssl=1 400w, https:\/\/i0.wp.com\/eltrabajo.cl\/portal\/wp-content\/uploads\/2016\/06\/FELIPE-TORRES-FERNANDEZ.jpg?w=530&amp;ssl=1 530w\" sizes=\"auto, (max-width: 300px) 100vw, 300px\" \/><\/a><figcaption id=\"caption-attachment-70430\" class=\"wp-caption-text\">TRAS LAS REJAS: Felipe Torres Fern\u00e1ndez, quien posee antecedentes un amplio prontuario delictivo, se encuentra en \u2018prisi\u00f3n preventiva\u2019 por representar un peligro para la sociedad.<\/figcaption><\/figure>\n<ul>\n<li><strong>Se acab\u00f3 el \u2018chipe libre\u2019 para este joven antisocial acusado de participar en dos ocasiones del robo de veh\u00edculos. En tanto su compa\u00f1ero en el crimen se encuentra pr\u00f3fugo y su captura ser\u00eda inminente por la polic\u00eda.<\/strong><\/li>\n<\/ul>\n<p>Bajo la cautelar de prisi\u00f3n preventiva qued\u00f3 por resoluci\u00f3n impuesta por el Juzgado de Garant\u00eda de San Felipe, un antisocial acusado de protagonizar en \u2018dos oportunidades el robo de veh\u00edculos\u2019, en cuya \u00faltima instancia se logr\u00f3 frustrar tras ser reducido por ciudadanos cuando se dispon\u00eda -junto a otro delincuente que logr\u00f3 escapar- a robar un autom\u00f3vil desde las afueras de un taller mec\u00e1nico en avenida Yungay de San Felipe, solo minutos despu\u00e9s de haber ser liberado por este mismo tribunal.<br \/>\nTal como lo informamos en nuestra edici\u00f3n de ayer mi\u00e9rcoles de Diario El Trabajo, Carabineros detuvo a la dupla delictiva conformada por Felipe Antonio Torres Fern\u00e1ndez y Rey David Escobar Neira, quienes fueron sorprendidos al interior de una camioneta robada, circulando en la villa 250 A\u00f1os de San Felipe.<br \/>\nDurante el operativo policial para efectuar la detenci\u00f3n de estos antisociales, Carabineros fue agredido por residentes del sector que lanzaron elementos contundentes y pedradas para impedir el arresto de estos sujetos.<br \/>\nSin embargo, tras recuperar el m\u00f3vil denunciado por su propietario, los imputados fueron sometidos a control de detenci\u00f3n la ma\u00f1ana de este martes por el delito de robo de veh\u00edculo motorizado, recuperando su libertad con m\u00ednimas cautelares.<br \/>\nAmbos acusados al salir del tribunal, caminaron casi dos cuadras, dirigi\u00e9ndose hasta un taller mec\u00e1nico ubicado en avenida Yungay para perpetrar el robo de un veh\u00edculo marca Nissan, al cual le descerrajaron una de las chapas de las puertas para abordarlo.<br \/>\nUno de los trabajadores sorpresivamente observ\u00f3 a los delincuentes, que estaban dispuestos a arrancar el m\u00f3vil, sin embargo la v\u00edctima logr\u00f3 abalanzarse sobre el imputado Torres Fern\u00e1ndez, quien se encontraba en el asiento del conductor, el cual fue reducido gracias a la intervenci\u00f3n de otros transe\u00fantes.<br \/>\nDurante esta detenci\u00f3n ciudadana, Escobar Neira logr\u00f3 escapar en direcci\u00f3n desconocida. No obstante tras la llegada de Carabineros que adopt\u00f3 el procedimiento de rigor, espos\u00f3 al antisocial que se encontraba reducido en el suelo, mientras el segundo involucrado podr\u00eda ser capturado en las pr\u00f3ximas horas.<\/p>\n<p><strong>MANO DURA<\/strong><br \/>\nFelipe Torres Fern\u00e1ndez enfrent\u00f3 nuevamente al tribunal la ma\u00f1ana de ayer mi\u00e9rcoles, pero esta vez, su libertad fue considerada un serio peligro para la seguridad de la sociedad, ordenando su ingreso hasta el Centro de Cumplimiento Penitenciario de San Felipe, tras el requerimiento de la Fiscal\u00eda que investigar\u00e1 los casos denunciados.<br \/>\nEl juez de garant\u00eda, orden\u00f3 un plazo de investigaci\u00f3n de 60 d\u00edas para resolver esta causa.<br \/>\n<strong>Pablo Salinas Sald\u00edas<\/strong><\/p>\n<figure id=\"attachment_70429\" aria-describedby=\"caption-attachment-70429\" style=\"width: 530px\" class=\"wp-caption alignleft\"><a href=\"http:\/\/www.eltrabajo.cl\/portal\/directo-a-la-carcel-fue-enviado-antisocial-que-fue-reducido-por-ciudadanos\/vehiculo-robo-frustrado\/\" rel=\"attachment wp-att-70429\"><img data-recalc-dims=\"1\" loading=\"lazy\" decoding=\"async\" class=\"wp-image-70429 size-full\" src=\"https:\/\/i0.wp.com\/www.eltrabajo.cl\/portal\/wp-content\/uploads\/2016\/06\/VEHICULO-ROBO-FRUSTRADO.jpg?resize=530%2C348\" alt=\"Este veh\u00edculo marca Nissan pretend\u00edan robar la dupla de antisociales desde un taller mec\u00e1nico, tras haber recobrado libertad desde tribunales acusados del mismo delito. \" width=\"530\" height=\"348\" srcset=\"https:\/\/i0.wp.com\/eltrabajo.cl\/portal\/wp-content\/uploads\/2016\/06\/VEHICULO-ROBO-FRUSTRADO.jpg?w=530&amp;ssl=1 530w, https:\/\/i0.wp.com\/eltrabajo.cl\/portal\/wp-content\/uploads\/2016\/06\/VEHICULO-ROBO-FRUSTRADO.jpg?resize=200%2C131&amp;ssl=1 200w, https:\/\/i0.wp.com\/eltrabajo.cl\/portal\/wp-content\/uploads\/2016\/06\/VEHICULO-ROBO-FRUSTRADO.jpg?resize=300%2C197&amp;ssl=1 300w, https:\/\/i0.wp.com\/eltrabajo.cl\/portal\/wp-content\/uploads\/2016\/06\/VEHICULO-ROBO-FRUSTRADO.jpg?resize=228%2C150&amp;ssl=1 228w, https:\/\/i0.wp.com\/eltrabajo.cl\/portal\/wp-content\/uploads\/2016\/06\/VEHICULO-ROBO-FRUSTRADO.jpg?resize=400%2C263&amp;ssl=1 400w\" sizes=\"auto, (max-width: 530px) 100vw, 530px\" \/><\/a><figcaption id=\"caption-attachment-70429\" class=\"wp-caption-text\">Este veh\u00edculo marca Nissan pretend\u00edan robar la dupla de antisociales desde un taller mec\u00e1nico, tras haber recobrado libertad desde tribunales acusados del mismo delito.<\/figcaption><\/figure>\n","protected":false},"excerpt":{"rendered":"<p>Se acab\u00f3 el \u2018chipe libre\u2019 para este joven antisocial acusado de participar en dos ocasiones del robo de veh\u00edculos. En tanto su compa\u00f1ero en el crimen se encuentra pr\u00f3fugo y su captura&#8230;<\/p>\n","protected":false},"author":1,"featured_media":70430,"comment_status":"open","ping_status":"open","sticky":false,"template":"","format":"standard","meta":{"advanced_seo_description":"","jetpack_seo_html_title":"","jetpack_seo_noindex":false,"_jetpack_memberships_contains_paid_content":false,"footnotes":""},"categories":[21],"tags":[],"class_list":["post-70428","post","type-post","status-publish","format-standard","has-post-thumbnail","hentry","category-policial"],"jetpack_featured_media_url":"https:\/\/i0.wp.com\/eltrabajo.cl\/portal\/wp-content\/uploads\/2016\/06\/FELIPE-TORRES-FERNANDEZ.jpg?fit=530%2C349&ssl=1","jetpack_sharing_enabled":true,"jetpack_likes_enabled":true,"jetpack-related-posts":[],"_links":{"self":[{"href":"https:\/\/eltrabajo.cl\/portal\/wp-json\/wp\/v2\/posts\/70428","targetHints":{"allow":["GET"]}}],"collection":[{"href":"https:\/\/eltrabajo.cl\/portal\/wp-json\/wp\/v2\/posts"}],"about":[{"href":"https:\/\/eltrabajo.cl\/portal\/wp-json\/wp\/v2\/types\/post"}],"author":[{"embeddable":true,"href":"https:\/\/eltrabajo.cl\/portal\/wp-json\/wp\/v2\/users\/1"}],"replies":[{"embeddable":true,"href":"https:\/\/eltrabajo.cl\/portal\/wp-json\/wp\/v2\/comments?post=70428"}],"version-history":[{"count":0,"href":"https:\/\/eltrabajo.cl\/portal\/wp-json\/wp\/v2\/posts\/70428\/revisions"}],"wp:featuredmedia":[{"embeddable":true,"href":"https:\/\/eltrabajo.cl\/portal\/wp-json\/wp\/v2\/media\/70430"}],"wp:attachment":[{"href":"https:\/\/eltrabajo.cl\/portal\/wp-json\/wp\/v2\/media?parent=70428"}],"wp:term":[{"taxonomy":"category","embeddable":true,"href":"https:\/\/eltrabajo.cl\/portal\/wp-json\/wp\/v2\/categories?post=70428"},{"taxonomy":"post_tag","embeddable":true,"href":"https:\/\/eltrabajo.cl\/portal\/wp-json\/wp\/v2\/tags?post=70428"}],"curies":[{"name":"wp","href":"https:\/\/api.w.org\/{rel}","templated":true}]}}